{"id":555290,"date":"2025-11-24T11:39:14","date_gmt":"2025-11-24T11:39:14","guid":{"rendered":"https:\/\/www.europesays.com\/fr\/555290\/"},"modified":"2025-11-24T11:39:14","modified_gmt":"2025-11-24T11:39:14","slug":"pres-de-marseille-le-jeune-permis-explose-le-radar-des-gendarmes-avec-sa-puissante-mercedes","status":"publish","type":"post","link":"https:\/\/www.europesays.com\/fr\/555290\/","title":{"rendered":"Pr\u00e8s de Marseille. Le jeune permis explose le radar des gendarmes avec sa puissante Mercedes"},"content":{"rendered":"<p>                    Par<br \/>\n        <strong><br \/>\n            <a href=\"https:\/\/actu.fr\/auteur\/fabien-binacchi\" title=\"Consulter tous les articles de Fabien Binacchi\" target=\"_blank\" rel=\"noopener\">Fabien Binacchi<\/a><br \/>\n                    <\/strong><\/p>\n<p>        Publi\u00e9 le<\/p>\n<p>            24 nov. 2025 \u00e0 12h16        <\/p>\n<p>Son permis probatoire n\u2019a pas r\u00e9sist\u00e9. Ce samedi 22\u00a0novembre 2025, un jeune conducteur sorti il y a peu de l\u2019auto-\u00e9cole a \u00e9t\u00e9 contr\u00f4l\u00e9 \u00e0 <strong>une vitesse tr\u00e8s (tr\u00e8s) excessive<\/strong> alors qu\u2019il circulait sur <a href=\"https:\/\/actu.fr\/tag\/autoroute-8-a8\" target=\"_blank\" rel=\"noopener\">l\u2019autoroute A8,<\/a> pr\u00e8s de <a href=\"https:\/\/actu.fr\/marseille\/\" target=\"_blank\" rel=\"noopener\">Marseille,<\/a> au volant d\u2019un puissant bolide.<\/p>\n<p class=\" wall-content\">Il \u00e9tait <strong>plus de 100\u00a0km\/h au-dessus de la limite autoris\u00e9e,<\/strong> apprend-on des gendarmes.<\/p>\n<p>206\u00a0km\/h au lieu des 100\u00a0km\/h impos\u00e9s<\/p>\n<p class=\" wall-content\">L\u2019\u00e9quipe rapide d\u2019intervention du peloton autoroute de Salon-de-Provence a d\u00fb rester coite ce samedi, surtout en voyant le profil du conducteur qu\u2019ils venaient d\u2019intercepter sur l\u2019autoroute A8 au niveau de <strong>Coudoux<\/strong> (<a href=\"https:\/\/actu.fr\/provence-alpes-cote-d-azur\/bouches-du-rhone_13\" target=\"_blank\" rel=\"noopener\">Bouches-du-Rh\u00f4ne<\/a>).<\/p>\n<p>    <a href=\"https:\/\/www.google.com\/maps\/embed?pb=!1m18!1m12!1m3!1d43369.44240756386!2d5.214633164906015!3d43.5587098221815!2m3!1f0!2f0!3f0!3m2!1i1024!2i768!4f13.1!3m3!1m2!1s0x12c9f08b3e96b543%3A0x5fa23dec59f85fd7!2sCoudoux!5e1!3m2!1sfr!2sfr!4v1763981427817!5m2!1sfr!2sfr\" title=\"Ouvrie le lien\" target=\"_blank\" rel=\"noopener\">Cliquez ici pour visualiser le contenu<\/a><\/p>\n<p class=\" wall-content\">Cet automobiliste roulait \u00ab\u2009\u00e0 une vitesse de 206\u00a0km\/h au lieu des 100\u00a0km\/h impos\u00e9s\u2009\u00bb \u00e0 ce jeune conducteur en permis probatoire, pr\u00e9cisent <a href=\"https:\/\/www.facebook.com\/gendarmeriedesbouchesdurhone\/posts\/pfbid0bFYj2uBJecitkHVEUQcR73nhsiuKprLjUgLLU6snDwzrR7BEmwCboefJbD8FPQAil\" target=\"_blank\" rel=\"noopener\">les forces de l\u2019ordre.<\/a><\/p>\n<p>La Mercedes \u00e0 la fourri\u00e8re<\/p>\n<p class=\" wall-content\">Un triste record dont il devra r\u00e9pondre. La puissante <strong>Mercedes Benz A45S<\/strong> qu\u2019il conduisait a \u00e9t\u00e9 mise en fourri\u00e8re et son permis lui a \u00e9t\u00e9 imm\u00e9diatement retir\u00e9.<\/p>\n<p class=\" wall-content\">Quelques jours plus t\u00f4t, les gendarmes des Bouches-du-Rh\u00f4ne avaient d\u00e9j\u00e0 arr\u00eat\u00e9 <a href=\"https:\/\/actu.fr\/provence-alpes-cote-d-azur\/simiane-collongue_13107\/pres-de-marseille-cet-automobiliste-explose-le-radar-des-gendarmes-son-controle-revele-une-surprise_63439310.html\" target=\"_blank\" rel=\"noopener\">un jeune automobiliste \u00e9galement en permis probatoire et en exc\u00e8s de vitesse.<\/a> Lui avait \u00e9t\u00e9 contr\u00f4l\u00e9 sur une d\u00e9partementale \u00e0 159\u00a0km\/h au lieu de 80\u00a0km\/h.<\/p>\n<p class=\" wall-content\">Personnalisez votre actualit\u00e9 en ajoutant vos villes et m\u00e9dias en favori avec <a href=\"https:\/\/moncompte.actu.fr\" title=\"D\u00e9couvez Mon Actu\" rel=\"nofollow noopener\" data-trk=\"{&quot;cta&quot;:{&quot;action&quot;:&quot;https:\\\/\\\/moncompte.actu.fr&quot;,&quot;category&quot;:&quot;mon compte&quot;,&quot;from&quot;:&quot;article footer&quot;,&quot;name&quot;:&quot;Mon actu&quot;,&quot;type&quot;:&quot;cta&quot;}}\" target=\"_blank\">Mon Actu<\/a>.<\/p>\n","protected":false},"excerpt":{"rendered":"Par Fabien Binacchi Publi\u00e9 le 24 nov. 2025 \u00e0 12h16 Son permis probatoire n\u2019a pas r\u00e9sist\u00e9. Ce samedi&hellip;\n","protected":false},"author":2,"featured_media":555291,"comment_status":"","ping_status":"","sticky":false,"template":"","format":"standard","meta":{"footnotes":""},"categories":[2814],"tags":[1111,11,5397,1777,674,5915,118,1011,27,3381,884,12,882,25],"class_list":{"0":"post-555290","1":"post","2":"type-post","3":"status-publish","4":"format-standard","5":"has-post-thumbnail","7":"category-marseille","8":"tag-actu","9":"tag-actualites","10":"tag-autoroute-8-a8","11":"tag-eu","12":"tag-europe","13":"tag-exces-de-vitesse","14":"tag-faits-divers","15":"tag-fr","16":"tag-france","17":"tag-gendarmerie","18":"tag-marseille","19":"tag-news","20":"tag-provence-alpes-cote-dazur","21":"tag-republique-francaise"},"share_on_mastodon":{"url":"https:\/\/pubeurope.com\/@fr\/115604485881666455","error":""},"_links":{"self":[{"href":"https:\/\/www.europesays.com\/fr\/wp-json\/wp\/v2\/posts\/555290","targetHints":{"allow":["GET"]}}],"collection":[{"href":"https:\/\/www.europesays.com\/fr\/wp-json\/wp\/v2\/posts"}],"about":[{"href":"https:\/\/www.europesays.com\/fr\/wp-json\/wp\/v2\/types\/post"}],"author":[{"embeddable":true,"href":"https:\/\/www.europesays.com\/fr\/wp-json\/wp\/v2\/users\/2"}],"replies":[{"embeddable":true,"href":"https:\/\/www.europesays.com\/fr\/wp-json\/wp\/v2\/comments?post=555290"}],"version-history":[{"count":0,"href":"https:\/\/www.europesays.com\/fr\/wp-json\/wp\/v2\/posts\/555290\/revisions"}],"wp:featuredmedia":[{"embeddable":true,"href":"https:\/\/www.europesays.com\/fr\/wp-json\/wp\/v2\/media\/555291"}],"wp:attachment":[{"href":"https:\/\/www.europesays.com\/fr\/wp-json\/wp\/v2\/media?parent=555290"}],"wp:term":[{"taxonomy":"category","embeddable":true,"href":"https:\/\/www.europesays.com\/fr\/wp-json\/wp\/v2\/categories?post=555290"},{"taxonomy":"post_tag","embeddable":true,"href":"https:\/\/www.europesays.com\/fr\/wp-json\/wp\/v2\/tags?post=555290"}],"curies":[{"name":"wp","href":"https:\/\/api.w.org\/{rel}","templated":true}]}}