{"id":555292,"date":"2025-11-24T11:40:44","date_gmt":"2025-11-24T11:40:44","guid":{"rendered":"https:\/\/www.europesays.com\/fr\/555292\/"},"modified":"2025-11-24T11:40:44","modified_gmt":"2025-11-24T11:40:44","slug":"il-faut-des-hebergements-specifiques-pour-les-femmes","status":"publish","type":"post","link":"https:\/\/www.europesays.com\/fr\/555292\/","title":{"rendered":"Il faut des h\u00e9bergements sp\u00e9cifiques pour les femmes"},"content":{"rendered":"<p> \u00ab\u00a0On doit se r\u00e9volter\u00a0\u00bb. Francis Vern\u00e8de, directeur PACA de la Fondation pour le Logement, lance un cri d&rsquo;alarme face \u00e0 l&rsquo;explosion du sans-abrisme qui touche de plus en plus de familles \u00e0 Marseille et dans les Bouches-du-Rh\u00f4ne. Il appelle \u00e0 une prise de conscience collective et \u00e0 une action forte des pouvoirs publics.<\/p>\n<p class=\"ng-star-inserted\" style=\"text-align: justify;\">L&rsquo;affaire a choqu\u00e9 : plusieurs familles, dont une m\u00e8re de famille enceinte de huit mois, se sont retrouv\u00e9es \u00e0 la rue \u00e0 Marseille alors que la justice avait ordonn\u00e9 au Conseil D\u00e9partemental leur mise \u00e0 l&rsquo;abri. C&rsquo;est la Fondation pour le Logement qui a d\u00fb, dans l&rsquo;urgence, prendre le relais. \u00ab\u00a0\u00c7a fait toujours bizarre de venir supporter l&rsquo;absence de r\u00e9action d&rsquo;une institution comme le Conseil D\u00e9partemental\u00a0\u00bb, a confi\u00e9 Francis Vern\u00e8de, dont la fondation vit \u00ab\u00a0uniquement de dons\u00a0\u00bb.<\/p>\n<p class=\"ng-star-inserted\" style=\"text-align: justify;\">Heureusement, une issue a \u00e9t\u00e9 trouv\u00e9e pour ces cas pr\u00e9cis :\u00a0\u00ab\u00a0Le d\u00e9partement a fini par se plier \u00e0 la d\u00e9cision de justice et ces familles vont avoir une proposition d&rsquo;h\u00e9bergement\u00a0\u00bb, a-t-il annonc\u00e9. Un soulagement qui ne masque pas une inqui\u00e9tude bien plus profonde.<\/p>\n<p class=\"ng-star-inserted\" style=\"text-align: justify;\">\u00a0<\/p>\n<p><strong class=\"ng-star-inserted\">Un ph\u00e9nom\u00e8ne qui s&rsquo;aggrave et qui change de visage<\/strong><\/p>\n<p style=\"text-align: justify;\">\u00a0<\/p>\n<p class=\"ng-star-inserted\" style=\"text-align: justify;\">Pour Francis Vern\u00e8de, ces situations dramatiques ne sont pas isol\u00e9es, mais le sympt\u00f4me d&rsquo;une tendance de fond. \u00ab\u00a0Ce qu&rsquo;on voit, c&rsquo;est la part que prennent les familles avec des enfants parfois tr\u00e8s jeunes, des nourrissons. \u00c7a, on le voit clairement, \u00e7a augmente\u00a0\u00bb, alerte-t-il.<\/p>\n<p class=\"ng-star-inserted\" style=\"text-align: justify;\">Dans une ville comme Marseille o\u00f9\u00a0\u00ab\u00a0un habitant sur quatre est pauvre\u00a0\u00bb, le risque de basculer dans le sans-abrisme est immense. Le profil des personnes \u00e0 la rue a chang\u00e9 : \u00ab\u00a0L\u00e0, le public bouge vraiment. Il y a des gens tr\u00e8s jeunes des fois \u00e0 la rue, et des fois vraiment des familles compl\u00e8tes avec des nourrissons. Il faut repenser les fa\u00e7ons qu&rsquo;on a d&rsquo;accueillir et d&rsquo;aider\u00a0\u00bb. Il rappelle que le probl\u00e8me ne se limite pas \u00e0 Marseille mais touche tout le d\u00e9partement, citant\u00a0Arles, Martigues, Vitrolles ou encore Aubagne.<\/p>\n<p class=\"ng-star-inserted\" style=\"text-align: justify;\">\u00a0<\/p>\n<p><strong class=\"ng-star-inserted\">Le manque criant d&rsquo;h\u00e9bergements adapt\u00e9s aux familles<\/strong><\/p>\n<p style=\"text-align: justify;\">\u00a0<\/p>\n<p class=\"ng-star-inserted\" style=\"text-align: justify;\">Si les familles dorment dehors, ce n&rsquo;est pas par choix. \u00ab\u00a0S&rsquo;il y a des personnes \u00e0 la rue, c&rsquo;est parce qu&rsquo;on n&rsquo;a pas assez d&rsquo;h\u00e9bergement. Ce n&rsquo;est pas que les personnes ne veulent pas y aller\u00a0\u00bb, mart\u00e8le Francis Vern\u00e8de. Il pointe du doigt le manque de structures adapt\u00e9es : beaucoup de centres sont con\u00e7us pour des hommes seuls, laissant les femmes et les familles sans solution s\u00e9curis\u00e9e.<\/p>\n<p class=\"ng-star-inserted\" style=\"text-align: justify;\">\u00ab\u00a0On a besoin de dispositifs sp\u00e9cifiques pour les femmes pour qu&rsquo;elles soient en s\u00e9curit\u00e9, pour les femmes qui ont des enfants\u00a0\u00bb. Un appel direct \u00e0 l&rsquo;\u00c9tat et aux collectivit\u00e9s pour financer des structures d&rsquo;une ampleur suffisante.<\/p>\n<p class=\"ng-star-inserted\" style=\"text-align: justify;\">\u00a0<\/p>\n<p><strong class=\"ng-star-inserted\">\u00ab\u00a0Ce n&rsquo;est pas une fatalit\u00e9\u00a0\u00bb : l&rsquo;appel \u00e0 une action collective<\/strong><\/p>\n<p style=\"text-align: justify;\">\u00a0<\/p>\n<p class=\"ng-star-inserted\" style=\"text-align: justify;\">Face \u00e0 ce drame humain, Francis Vern\u00e8de refuse tout d\u00e9faitisme. Rappelant le chiffre tragique de\u00a0912 personnes mortes dans la rue en France, dont une dizaine d&rsquo;enfants, il ass\u00e8ne :\u00a0\u00ab\u00a0Ce n&rsquo;est pas une fatalit\u00e9. On peut, on doit collectivement faire baisser ce chiffre\u00a0\u00bb.<\/p>\n<p class=\"ng-star-inserted\" style=\"text-align: justify;\">Pour lui, la solution passe par une mobilisation g\u00e9n\u00e9rale. \u00ab\u00a0On doit se r\u00e9volter face \u00e0 \u00e7a, et se r\u00e9volter collectivement\u00a0\u00bb, a-t-il lanc\u00e9, appelant l&rsquo;\u00c9tat, les d\u00e9partements et les villes \u00e0 travailler de concert avec le monde associatif. \u00ab\u00a0Il faut investir aujourd&rsquo;hui pour lutter contre le sans-abrisme\u00a0\u00bb, a-t-il conclu, plaidant pour des dispositifs qui permettent non seulement d&rsquo;h\u00e9berger, mais aussi d&rsquo;acc\u00e9der \u00e0 une formation, un emploi et, \u00e0 terme, de \u00ab\u00a0redevenir des monsieur et madame tout le monde\u00a0\u00bb.<\/p>\n<p class=\"ng-star-inserted\" style=\"text-align: justify;\">\u00a0<\/p>\n<p class=\"ng-star-inserted\" style=\"text-align: justify;\">Photo d&rsquo;illustration<\/p>\n","protected":false},"excerpt":{"rendered":"\u00ab\u00a0On doit se r\u00e9volter\u00a0\u00bb. Francis Vern\u00e8de, directeur PACA de la Fondation pour le Logement, lance un cri d&rsquo;alarme&hellip;\n","protected":false},"author":2,"featured_media":555293,"comment_status":"","ping_status":"","sticky":false,"template":"","format":"standard","meta":{"footnotes":""},"categories":[2814],"tags":[1111,11,1777,674,67284,1011,27,884,12,882,25,15317,3910],"class_list":{"0":"post-555292","1":"post","2":"type-post","3":"status-publish","4":"format-standard","5":"has-post-thumbnail","7":"category-marseille","8":"tag-actu","9":"tag-actualites","10":"tag-eu","11":"tag-europe","12":"tag-fondation-pour-le-logement","13":"tag-fr","14":"tag-france","15":"tag-marseille","16":"tag-news","17":"tag-provence-alpes-cote-dazur","18":"tag-republique-francaise","19":"tag-sans-abri","20":"tag-sdf"},"share_on_mastodon":{"url":"https:\/\/pubeurope.com\/@fr\/115604489724068520","error":""},"_links":{"self":[{"href":"https:\/\/www.europesays.com\/fr\/wp-json\/wp\/v2\/posts\/555292","targetHints":{"allow":["GET"]}}],"collection":[{"href":"https:\/\/www.europesays.com\/fr\/wp-json\/wp\/v2\/posts"}],"about":[{"href":"https:\/\/www.europesays.com\/fr\/wp-json\/wp\/v2\/types\/post"}],"author":[{"embeddable":true,"href":"https:\/\/www.europesays.com\/fr\/wp-json\/wp\/v2\/users\/2"}],"replies":[{"embeddable":true,"href":"https:\/\/www.europesays.com\/fr\/wp-json\/wp\/v2\/comments?post=555292"}],"version-history":[{"count":0,"href":"https:\/\/www.europesays.com\/fr\/wp-json\/wp\/v2\/posts\/555292\/revisions"}],"wp:featuredmedia":[{"embeddable":true,"href":"https:\/\/www.europesays.com\/fr\/wp-json\/wp\/v2\/media\/555293"}],"wp:attachment":[{"href":"https:\/\/www.europesays.com\/fr\/wp-json\/wp\/v2\/media?parent=555292"}],"wp:term":[{"taxonomy":"category","embeddable":true,"href":"https:\/\/www.europesays.com\/fr\/wp-json\/wp\/v2\/categories?post=555292"},{"taxonomy":"post_tag","embeddable":true,"href":"https:\/\/www.europesays.com\/fr\/wp-json\/wp\/v2\/tags?post=555292"}],"curies":[{"name":"wp","href":"https:\/\/api.w.org\/{rel}","templated":true}]}}