{"id":555294,"date":"2025-11-24T11:42:13","date_gmt":"2025-11-24T11:42:13","guid":{"rendered":"https:\/\/www.europesays.com\/fr\/555294\/"},"modified":"2025-11-24T11:42:13","modified_gmt":"2025-11-24T11:42:13","slug":"lyon-le-gros-cheque-de-netflix-a-la-fete-des-lumieres-2025-provoque-de-sacres-remous","status":"publish","type":"post","link":"https:\/\/www.europesays.com\/fr\/555294\/","title":{"rendered":"Lyon. Le gros ch\u00e8que de Netflix \u00e0 la F\u00eate des Lumi\u00e8res 2025 provoque de sacr\u00e9s remous"},"content":{"rendered":"<p>                    Par<br \/>\n        <strong><br \/>\n            <a href=\"https:\/\/actu.fr\/auteur\/nicolas-zaugra\" title=\"Consulter tous les articles de Nicolas Zaugra\" target=\"_blank\" rel=\"noopener\">Nicolas Zaugra<\/a><br \/>\n                    <\/strong><\/p>\n<p>        Publi\u00e9 le<\/p>\n<p>            24 nov. 2025 \u00e0 12h06        <\/p>\n<p>L\u2019arriv\u00e9e de <a href=\"https:\/\/actu.fr\/auvergne-rhone-alpes\/lyon_69123\/fete-des-lumieres-a-lyon-c-est-quoi-cette-illumination-inedite-proposee-par-netflix_63416708.html\" target=\"_blank\" rel=\"noopener\">Netflix<\/a> dans les partenaires de la <a href=\"https:\/\/actu.fr\/auvergne-rhone-alpes\/lyon_69123\/fete-des-lumieres-a-lyon-triste-pourquoi-la-place-bellecour-est-privee-d-illuminations_63399252.html\" target=\"_blank\" rel=\"noopener\">F\u00eate des Lumi\u00e8res 2025<\/a> de Lyon fait beaucoup parler. Lors du dernier conseil municipal jeudi, la participation de la c\u00e9l\u00e8bre plateforme de streaming am\u00e9ricaine a provoqu\u00e9 des remous parmi des \u00e9lus de l\u2019opposition au point de remettre en question la l\u00e9galit\u00e9 du ch\u00e8que sign\u00e9 \u00e0 la Ville par l\u2019entreprise. Une \u00e9lue par ailleurs candidate aux municipales, l\u2019ex-adjointe \u00e0 la Culture <a href=\"https:\/\/actu.fr\/auvergne-rhone-alpes\/lyon_69123\/lyon-municipales-2026-nathalie-perrin-gilbert-precise-la-gratuite-des-tcl-et-fait-une-annonce_63250290.html\" target=\"_blank\" rel=\"noopener\">Nathalie Perrin-Gilbert<\/a>, va transmettre la d\u00e9lib\u00e9ration au tribunal administratif. Le maire <a href=\"https:\/\/actu.fr\/auvergne-rhone-alpes\/lyon_69123\/municipales-2026-a-lyon-gregory-doucet-se-lance-et-promet-une-campagne-joyeuse_63395167.html\" target=\"_blank\" rel=\"noopener\">Gr\u00e9gory Doucet<\/a> et la majorit\u00e9 \u00e9cologiste d\u00e9fendent cette nouvelle collaboration.<\/p>\n<p>Une \u0153uvre 100% Netflix sur la s\u00e9rie Stranger Things<\/p>\n<p class=\" wall-content\">Dans le programme cette ann\u00e9e : une \u0153uvre compl\u00e8tement inspir\u00e9e d\u2019une s\u00e9rie de la plateforme Netflix, <strong>Stranger Things<\/strong>. Une premi\u00e8re pour le c\u00e9l\u00e8bre \u00e9v\u00e9nement lyonnais.\u00a0<\/p>\n<p class=\" wall-content\">\u00ab Comme un portail qui s\u2019ouvre entre les mondes, une ambiance pleine de myst\u00e8re et teint\u00e9e de nostalgie \u00bb : les fans peuvent s\u2019attendre \u00e0 plonger gratuitement dans l\u2019univers de la s\u00e9rie Netflix, et plus particuli\u00e8rement sa version d\u2019horreur \u00ab upside down \u00bb. Avec \u00ab Stranger Lights \u00bb, les \u00ab objets signatures \u00bb et une sc\u00e9nographie inspir\u00e9e de la s\u00e9rie devront permettre l\u2019immersion dans son univers bien connu \u00ab entre r\u00e9alit\u00e9 et fiction \u00bb.<\/p>\n<p class=\" wall-content\">La <strong>place Sathonay<\/strong> dans le 1er arrondissement sera clairement l\u2019occasion avec cette \u0153uvre sign\u00e9e Nils Rousset de faire la <strong>promotion de la cinqui\u00e8me saison<\/strong> de la c\u00e9l\u00e8bre fiction. La premi\u00e8re partie sort ce jeudi 27 novembre quelques jours avant la F\u00eate des Lumi\u00e8res.\u00a0<\/p>\n<p>\u00ab\u00a0Une mise en avant directe d\u2019une marque commerciale\u00a0\u00bb<\/p>\n<p class=\" wall-content\">En conseil municipal, Nathalie Perrin-Gilbert a pris pour cible cette future collaboration entre Netflix et la Ville. La plateforme a sign\u00e9 un <strong>ch\u00e8que de 152 000 euros<\/strong> pour devenir \u00ab\u00a0partenaire lumi\u00e8re\u00a0\u00bb.<\/p>\n<p class=\" wall-content\">La candidate a d\u00e9plor\u00e9 \u00ab\u00a0une plong\u00e9e dans l\u2019univers d\u2019une franchise commerciale celle qui appartient \u00e0 Netflix\u00a0\u00bb et non \u00ab\u00a0d\u2019une signature artistique inspir\u00e9e, c\u2019est une mise en avant directe d\u2019une marque commerciale\u00a0\u00bb.<\/p>\n<p class=\" wall-content\">L\u2019ancienne adjointe a demand\u00e9 au maire de Lyon \u00ab\u00a0la convention liant la Ville \u00e0 Netflix\u00a0\u00bb et un \u00ab\u00a0avis juridique ind\u00e9pendant justifiant la qualit\u00e9 de m\u00e9c\u00e9nat\u00a0\u00bb. Elle a annonc\u00e9 son intention de transmettre la d\u00e9lib\u00e9ration au tribunal administratif de Lyon et \u00e0 la pr\u00e9fecture du Rh\u00f4ne.<\/p>\n<p>Votre r\u00e9gion, votre actu !<\/p>\n<p>Recevez chaque jour les infos qui comptent pour vous.<\/p>\n<p>\t<a href=\"https:\/\/actu.fr\/newsletter\" class=\"ac-btn ac-btn--corner ac-btn--medium ac-btn--blue800\" target=\"_blank\" rel=\"noopener\">S&rsquo;incrire<\/a><\/p>\n<p>    <img   decoding=\"async\" loading=\"lazy\" src=\"https:\/\/www.europesays.com\/fr\/wp-content\/uploads\/2025\/11\/netflix-hausse-prix-france-960x640.jpeg\" alt=\"Netflix justifie cette augmentation par la volont\u00e9 d\u2019une am\u00e9lioration de ses services\" width=\"960\" height=\"640\"\/><br \/>\n    Netflix s\u2019associe pour la premi\u00e8re fois \u00e0 la F\u00eate des Lumi\u00e8res de Lyon en signant un ch\u00e8que de 152 000 euros pour \u00eatre partenaire. (\u00a9avide bonaldo \/ Adobestock)\u00ab\u00a0Trompeur\u00a0\u00bb, risque majeur\u00a0\u00bb<\/p>\n<p class=\" wall-content\">\u00ab\u00a0La Ville s\u2019expose \u00e0 un risque majeur\u00a0\u00bb, estime Nathalie Perrin-Gilbert.<\/p>\n<p class=\" wall-content\">Dans le groupe du candidat aux municipales Georges K\u00e9p\u00e9n\u00e9kian (\u00ab\u00a0Progressistes et R\u00e9publicains\u00a0\u00bb), la conseill\u00e8re d\u2019opposition B\u00e9atrice Gailliout s\u2019est aussi interrog\u00e9e. \u00ab\u00a0C\u2019est \u00e0 ma connaissance la premi\u00e8re fois qu\u2019une \u0153uvre constitue \u00e0 ce point une collaboration commerciale. Je ne pensais pas que cette premi\u00e8re viendrait de vous\u00a0\u00bb, a-t-elle tacl\u00e9 \u00e0 l\u2019adresse des \u00c9cologistes.\u00a0<\/p>\n<p class=\" wall-content\">\u00ab\u00a0Il est trompeur, de faire figurer un parrain y trouvant un int\u00e9r\u00eat commercial au milieu de m\u00e9c\u00e8nes dans les communications officielles\u00a0\u00bb, a poursuivi l\u2019\u00e9lue.<\/p>\n<p>    <img   decoding=\"async\" loading=\"lazy\" src=\"https:\/\/www.europesays.com\/fr\/wp-content\/uploads\/2025\/11\/nathalie-perrin-gilbert-municipales-lyon-960x640.jpg\" alt=\"Nathalie Perrin-Gilbert, candidate aux municipales 2026 \u00e0 Lyon, devant le mus\u00e9e Guimet (6e arrondissement), mercredi 25 juin 2025.\" width=\"960\" height=\"640\"\/><br \/>\n    Nathalie Perrin-Gilbert, candidate aux municipales 2026 \u00e0 Lyon, devant le mus\u00e9e Guimet (6e arrondissement). (\u00a9Nicolas Zaugra\/ actu Lyon)Gr\u00e9gory Doucet et sa majorit\u00e9 d\u00e9fendent le partenariat<\/p>\n<p class=\" wall-content\">Le maire de Lyon Gr\u00e9gory Doucet et sa majorit\u00e9 ont fait bloc pour d\u00e9fendre ce nouveau partenaire alors que <strong>la municipalit\u00e9 a sabr\u00e9 800 000 euros dans sa participation financi\u00e8re pour cette \u00e9dition<\/strong>. La premi\u00e8re adjointe en charge de la Culture Audrey H\u00e9nocque a rappel\u00e9 l\u2019existence d\u2019une \u0153uvre \u00e0 l\u2019effigie du jeu Pacman financ\u00e9e par l\u2019\u00e9diteur Banda\u00ef Namco lors de l\u2019\u00e9dition 2017 sur la place Antonin Poncet.\u00a0<\/p>\n<p class=\" wall-content\">\u00ab\u00a0Il n\u2019y a <strong>pas de publicit\u00e9<\/strong> qui va \u00eatre faite sur la place Sathonay\u00a0\u00bb pour Netflix, a jur\u00e9 Gr\u00e9gory Doucet lors du conseil.<\/p>\n<p class=\" wall-content\">L\u2019adjointe a affirm\u00e9 qu\u2019il s\u2019agit de \u00ab\u00a0m\u00e9c\u00e9nat et non de sponsoring\u00a0\u00bb o\u00f9 il est question \u00ab\u00a0d\u2019une \u0153uvre qui ressemble beaucoup aux \u0153uvres associ\u00e9es o\u00f9 le m\u00e9c\u00e8ne finance directement l\u2019artiste cela s\u2019est d\u00e9j\u00e0 fait dans le pass\u00e9\u00a0\u00bb. \u00ab\u00a0La d\u00e9finition du m\u00e9c\u00e9nat, c\u2019est un don d\u00e9sint\u00e9ress\u00e9, mais l\u2019entreprise peut valoriser son apport et les contreparties que la Ville peut lui apporter sont inf\u00e9rieures \u00e0 25 % de la valeur du don\u00a0\u00bb, conclut Audrey H\u00e9nocque.<\/p>\n<p class=\" wall-content\">Ce \u00e0 quoi Nathalie Perrin-Gilbert a r\u00e9pondu : \u00ab\u00a0Je ne vous crois pas sur parole. Un partenariat doit \u00eatre transparent. Vous ne nous donnez pas la convention malgr\u00e9 notre demande (\u2026)\u00a0\u00bb, a recadr\u00e9 la candidate \u00e0 la mairie. Un \u00e9pisode lui d\u2019\u00eatre termin\u00e9 entre les oppositions et Gr\u00e9gory Doucet sur le terrain tr\u00e8s glissant de la F\u00eate des Lumi\u00e8res.<\/p>\n<p class=\" wall-content\">Personnalisez votre actualit\u00e9 en ajoutant vos villes et m\u00e9dias en favori avec <a href=\"https:\/\/moncompte.actu.fr\" title=\"D\u00e9couvez Mon Actu\" rel=\"nofollow noopener\" data-trk=\"{&quot;cta&quot;:{&quot;action&quot;:&quot;https:\\\/\\\/moncompte.actu.fr&quot;,&quot;category&quot;:&quot;mon compte&quot;,&quot;from&quot;:&quot;article footer&quot;,&quot;name&quot;:&quot;Mon actu&quot;,&quot;type&quot;:&quot;cta&quot;}}\" target=\"_blank\">Mon Actu<\/a>.<\/p>\n","protected":false},"excerpt":{"rendered":"Par Nicolas Zaugra Publi\u00e9 le 24 nov. 2025 \u00e0 12h06 L\u2019arriv\u00e9e de Netflix dans les partenaires de la&hellip;\n","protected":false},"author":2,"featured_media":555295,"comment_status":"","ping_status":"","sticky":false,"template":"","format":"standard","meta":{"footnotes":""},"categories":[1889],"tags":[1111,11,2430,1777,674,849,48837,1011,27,1652,2428,127,12,25],"class_list":{"0":"post-555294","1":"post","2":"type-post","3":"status-publish","4":"format-standard","5":"has-post-thumbnail","7":"category-lyon","8":"tag-actu","9":"tag-actualites","10":"tag-auvergne-rhone-alpes","11":"tag-eu","12":"tag-europe","13":"tag-festival","14":"tag-fete-des-lumieres-de-lyon","15":"tag-fr","16":"tag-france","17":"tag-loisirs-culture","18":"tag-lyon","19":"tag-netflix","20":"tag-news","21":"tag-republique-francaise"},"share_on_mastodon":{"url":"https:\/\/pubeurope.com\/@fr\/115604498685176622","error":""},"_links":{"self":[{"href":"https:\/\/www.europesays.com\/fr\/wp-json\/wp\/v2\/posts\/555294","targetHints":{"allow":["GET"]}}],"collection":[{"href":"https:\/\/www.europesays.com\/fr\/wp-json\/wp\/v2\/posts"}],"about":[{"href":"https:\/\/www.europesays.com\/fr\/wp-json\/wp\/v2\/types\/post"}],"author":[{"embeddable":true,"href":"https:\/\/www.europesays.com\/fr\/wp-json\/wp\/v2\/users\/2"}],"replies":[{"embeddable":true,"href":"https:\/\/www.europesays.com\/fr\/wp-json\/wp\/v2\/comments?post=555294"}],"version-history":[{"count":0,"href":"https:\/\/www.europesays.com\/fr\/wp-json\/wp\/v2\/posts\/555294\/revisions"}],"wp:featuredmedia":[{"embeddable":true,"href":"https:\/\/www.europesays.com\/fr\/wp-json\/wp\/v2\/media\/555295"}],"wp:attachment":[{"href":"https:\/\/www.europesays.com\/fr\/wp-json\/wp\/v2\/media?parent=555294"}],"wp:term":[{"taxonomy":"category","embeddable":true,"href":"https:\/\/www.europesays.com\/fr\/wp-json\/wp\/v2\/categories?post=555294"},{"taxonomy":"post_tag","embeddable":true,"href":"https:\/\/www.europesays.com\/fr\/wp-json\/wp\/v2\/tags?post=555294"}],"curies":[{"name":"wp","href":"https:\/\/api.w.org\/{rel}","templated":true}]}}