{"id":555298,"date":"2025-11-24T11:45:20","date_gmt":"2025-11-24T11:45:20","guid":{"rendered":"https:\/\/www.europesays.com\/fr\/555298\/"},"modified":"2025-11-24T11:45:20","modified_gmt":"2025-11-24T11:45:20","slug":"une-maison-soufflee-par-une-impressionnante-explosion-un-choc-financier-inedit-linfo-en-ile-de-france","status":"publish","type":"post","link":"https:\/\/www.europesays.com\/fr\/555298\/","title":{"rendered":"Une maison souffl\u00e9e par une impressionnante explosion, un choc financier in\u00e9dit&#8230; l&rsquo;info en Ile-de-France"},"content":{"rendered":"<p>                    Par<br \/>\n        <strong><br \/>\n            <a href=\"https:\/\/actu.fr\/auteur\/jerome-lemonnier\" title=\"Consulter tous les articles de J\u00e9r\u00f4me Lemonnier\" target=\"_blank\" rel=\"noopener\">J\u00e9r\u00f4me Lemonnier<\/a><br \/>\n                    <\/strong><\/p>\n<p>        Publi\u00e9 le<\/p>\n<p>            24 nov. 2025 \u00e0 12h10        <\/p>\n<p>Les autorit\u00e9s conseillent d\u2019\u00e9viter le secteur pour laisser les\u00a0<b>services de secours\u00a0<\/b>faire leur travail. Un\u00a0<a href=\"https:\/\/actu.fr\/tag\/incendie\" target=\"_blank\" rel=\"noopener\">incendie<\/a>\u00a0s\u2019est d\u00e9clar\u00e9 ce lundi 24\u00a0novembre vers 8h30 \u00e0\u00a0<a href=\"https:\/\/actu.fr\/ile-de-france\/chailly-en-biere_77069\" target=\"_blank\" rel=\"noopener\">Chailly-en-Bi\u00e8re<\/a>\u00a0(<b>Seine-et-Marne<\/b>), suivi\u00a0<b>d\u2019au moins deux explosions<\/b>\u00a0qui, selon nos informations, pourraient \u00eatre li\u00e9es \u00e0 des bouteilles de gaz, entrepos\u00e9es dans le b\u00e2timent. Un p\u00e9rim\u00e8tre de s\u00e9curit\u00e9 a \u00e9t\u00e9 mis en place au niveau de la<b>\u00a0rue des Bourdettes<\/b>\u00a0o\u00f9 est localis\u00e9 le sinistre, mais la circulation est \u00e9galement interdite au niveau de la\u00a0<b>rue de Melun<\/b>.<\/p>\n<p class=\" wall-content\">Le\u00a0<b>pr\u00e9sident\u00a0<\/b>du D\u00e9partement des Yvelines,\u00a0<a href=\"https:\/\/actu.fr\/tag\/pierre-bedier\" target=\"_blank\" rel=\"noopener\">Pierre B\u00e9dier<\/a>, n\u2019y est pas all\u00e9 par quatre chemins. Au vu du choc financier in\u00e9dit subi par les instances d\u00e9partementales depuis une dizaine d\u2019ann\u00e9es, il a appel\u00e9 les maires des Yvelines et les candidats aux municipales 2026 \u00e0 \u00ab\u2009faire preuve de rigueur budg\u00e9taire\u2009\u00bb, a constat\u00e9 un journaliste de 78actu lors de la s\u00e9ance vendredi 21\u00a0novembre 2025 \u00e0 Versailles (Yvelines).<\/p>\n<p class=\" wall-content\">Vous voulez une laveuse\u2009? Ou une\u00a0<strong>petite Clio<\/strong>\u00a0\u00e0 500 euros\u2009? Vous n\u2019y avez peut-\u00eatre pas pens\u00e9, mais vous avez la possibilit\u00e9 de vous tourner vers les collectivit\u00e9s et notamment la ville d\u2019<a href=\"https:\/\/actu.fr\/ile-de-france\/antony_92002\" target=\"_blank\" rel=\"noopener\">Antony (Hauts-de-Seine)<\/a>. Depuis des ann\u00e9es, c\u2019est une habitu\u00e9e de la vente de ses \u00e9quipements aux\u00a0<strong>ench\u00e8res<\/strong>. Une mesure \u00ab\u2009\u00e9conomique\u2009\u00bb, \u00e9cologique et profitable \u00e0 tous, assure Claude Litarri \u00e0\u00a0actu Paris, responsable du service garage au sein de la direction des mobilit\u00e9s de la Ville et pilote de cette initiative.<\/p>\n<p class=\" wall-content\">Il commence \u00e0 se faire un nom. Et sa participation \u00e0<b>\u00a0<a href=\"https:\/\/www.m6.fr\/la-france-a-un-incroyable-talent-p_900\/il-fait-de-lauto-derision-sur-son-poids-c_13153170\" target=\"_blank\" rel=\"noopener\">La France a un incroyable talent,<\/a><\/b>\u00a0mardi 18 novembre, pourrait booster encore un peu plus sa jeune carri\u00e8re. \u00c0 32 ans, PV, alias Pierre-Vitor Pereira (\u00ab sans le c, car c\u2019est d\u2019origine portugaise, par mon p\u00e8re \u00bb, pr\u00e9cise-t-il), pratique le stand up depuis d\u00e9j\u00e0 plusieurs ann\u00e9es. \u00ab J\u2019en fais depuis 2018 et j\u2019en vis depuis 2022-2023, de fa\u00e7on tr\u00e8s correcte \u00bb, confie celui qui a grandi \u00e0<a href=\"https:\/\/actu.fr\/ile-de-france\/la-frette-sur-seine_95257\" target=\"_blank\" rel=\"noopener\">\u00a0La Frette-sur-Seine<\/a>, (<a href=\"https:\/\/actu.fr\/la-gazette-du-val-d-oise\/\" target=\"_blank\" rel=\"noopener\">Val-d\u2019Oise<\/a>) et se partage aujourd\u2019hui entre\u00a0<a href=\"https:\/\/actu.fr\/ile-de-france\/houilles_78311\" target=\"_blank\" rel=\"noopener\">Houilles\u00a0<\/a>(<a href=\"https:\/\/actu.fr\/78actu\/\" target=\"_blank\" rel=\"noopener\">Yvelines<\/a>) et La Frette.<\/p>\n<p class=\" wall-content\">Les flammes ont\u00a0<strong>tout d\u00e9truit sur leur passage<\/strong>. Ce dimanche 23\u00a0novembre 2025, vers 8\u00a0heures,\u00a0<a href=\"https:\/\/actu.fr\/tag\/incendie\" target=\"_blank\" rel=\"noopener\">un important incendie<\/a>\u00a0s\u2019est d\u00e9clar\u00e9 dans un appartement situ\u00e9 au dernier et troisi\u00e8me \u00e9tage d\u2019un immeuble, rue Georges Didier, \u00e0\u00a0<a href=\"https:\/\/actu.fr\/ile-de-france\/wissous_91689\" target=\"_blank\" rel=\"noopener\">Wissous<\/a>.<\/p>\n<p>Les infos \u00e0 retenir ce lundi 24 novembre 2025<\/p>\n<p class=\"expresso-item wall-content\"><strong>Seine-et-Marne. <\/strong><a title=\"Lire l&#039;article\" href=\"https:\/\/actu.fr\/ile-de-france\/chailly-en-biere_77069\/seine-et-marne-incendie-et-explosions-dune-maison-au-village-un-homme-en-urgence-absolue_63477662.html\" target=\"_blank\" rel=\"noopener\"><strong>Incendie et explosions d\u2019une maison au village\u2026 un homme en urgence absolue<\/strong><\/a><br \/>Un incendie s\u2019est produit ce lundi 24 novembre, vers 8h30 \u00e0 Chailly-en-Bi\u00e8re. Un homme a \u00e9t\u00e9 gri\u00e8vement bless\u00e9 dans l\u2019explosion qui pourrait \u00eatre li\u00e9e au gaz. Ce que l\u2019on sait.<\/p>\n<p class=\"expresso-item wall-content\"><strong>Yvelines. <\/strong><a title=\"Lire l&#039;article\" href=\"https:\/\/actu.fr\/politique\/le-choc-financier-inedit-subi-par-les-yvelines-aura-des-repercussions-sur-les-municipales-de-2026_63476176.html\" target=\"_blank\" rel=\"noopener\"><strong>Le choc financier in\u00e9dit subi aura des r\u00e9percussions sur les municipales de 2026<\/strong><\/a><br \/>En s\u00e9ance d\u00e9partementale, les \u00e9lus des Yvelines ont soulign\u00e9 l\u2019importance du choc financier subi depuis dix ans par le D\u00e9partement. Un choc qui touchera les maires en 2026.<\/p>\n<p class=\"expresso-item wall-content\"><strong>Hauts-de-Seine. <\/strong><a title=\"Lire l&#039;article\" href=\"https:\/\/actu.fr\/ile-de-france\/antony_92002\/voitures-a-500-euros-et-laveuse-les-improbables-bonnes-affaires-mises-aux-encheres-par-la-ville-d-antony_63470385.html\" target=\"_blank\" rel=\"noopener\"><strong>Voitures \u00e0 500 euros et laveuse : les improbables bonnes affaires mises aux ench\u00e8res par la Ville d\u2019Antony<\/strong><\/a><br \/>Depuis 2021 la vente aux ench\u00e8res est devenue une habitude pour la Ville d\u2019Antony, dans les Hauts-de-Seine. La Ville y propose d\u2019improbables bonnes affaires.<\/p>\n<p class=\"expresso-item wall-content\"><strong>Val-d\u2019Oise. <\/strong><a title=\"Lire l&#039;article\" href=\"https:\/\/actu.fr\/ile-de-france\/la-frette-sur-seine_95257\/val-doise-du-jamel-comedy-club-a-la-scene-de-la-france-a-un-incroyable-talent-lascension-incroyable-de-pv_63478788.html\" target=\"_blank\" rel=\"noopener\"><strong>Du Jamel Comedy Club \u00e0 la sc\u00e8ne de La France a un incroyable talent, l\u2019ascension incroyable de PV<\/strong><\/a><br \/>Originaire de La Frette-sur-Seine, Pierre-Vitor Pereira, alias PV, commence \u00e0 se faire un nom dans le monde du spectacle.<\/p>\n<p class=\"expresso-item wall-content\"><strong>Essonne. <\/strong><a title=\"Lire l&#039;article\" href=\"https:\/\/actu.fr\/ile-de-france\/wissous_91689\/essonne-un-violent-incendie-detruit-un-appartement-une-personne-blessee-et-dix-evacuees_63477442.html\" target=\"_blank\" rel=\"noopener\"><strong>Un violent incendie d\u00e9truit un appartement, une personne bless\u00e9e et dix \u00e9vacu\u00e9es<\/strong><\/a><br \/>Ce dimanche 23 novembre 2025, un important incendie s\u2019est d\u00e9clar\u00e9 dans un appartement de 100 m\u00b2 situ\u00e9 au dernier \u00e9tage d\u2019un immeuble \u00e0 Wissous.<\/p>\n<p>Suivez-nous pour en savoir plus\u2009!<\/p>\n<p class=\" wall-content wall-content wall-content\">Vous voulez plus d\u2019infos sur l\u2019\u00cele-de-France\u2009? Vous pouvez nous retrouver sur actu \u00cele-de-France. Pour nous suivre sur les r\u00e9seaux sociaux, dans vos d\u00e9partements\u2009:<\/p>\n<p class=\" wall-content wall-content wall-content\"><strong>Paris<\/strong>\u2009: retrouvez\u00a0actu\u00a0Paris\u00a0sur\u00a0<a href=\"https:\/\/www.facebook.com\/actufr.paris\/\" target=\"_blank\" rel=\"noopener\">Facebook<\/a>\u00a0et\u00a0<a href=\"https:\/\/twitter.com\/actufrparis\" target=\"_blank\" rel=\"noopener\">Twitter<\/a>\u2009;<br \/><strong>Seine-et-Marne<\/strong>\u2009: retrouvez\u00a0La R\u00e9publique de Seine-et-Marne\u00a0(sud) sur\u00a0<a href=\"https:\/\/www.facebook.com\/RepubliqueSeineMarne\/\" target=\"_blank\" rel=\"noopener\">Facebook<\/a>\u00a0et\u00a0<a href=\"https:\/\/twitter.com\/LaRep77\" target=\"_blank\" rel=\"noopener\">Twitter<\/a>\u2009;\u00a0La Marne\u00a0(nord) sur\u00a0<a href=\"https:\/\/www.facebook.com\/journallarmarne\/?__tn__=%2Cd%2CP-R&amp;eid=ARDLZc91LaHbXzDwChLLLQJVMBLx_ABJremTC2-RG0CYvg0f4f8CLvbV5G1Lli4g_6QoXDcKkU1_LX1W\" target=\"_blank\" rel=\"noopener\">Facebook<\/a>\u00a0et\u00a0<a href=\"https:\/\/twitter.com\/JournalLaMarne\" target=\"_blank\" rel=\"noopener\">Twitter<\/a>\u2009; et\u00a0Le Pays Briard\u00a0sur\u00a0<a href=\"https:\/\/www.facebook.com\/LePaysBriard\/?ref=bookmarks\" target=\"_blank\" rel=\"noopener\">Facebook<\/a>\u00a0et\u00a0<a href=\"https:\/\/twitter.com\/LePaysBriard\" target=\"_blank\" rel=\"noopener\">Twitter<\/a>\u2009;<br \/><strong>Yvelines\u2009:<\/strong>\u00a0retrouvez\u00a078actu\u00a0sur\u00a0<a href=\"https:\/\/www.facebook.com\/78actu\/\" target=\"_blank\" rel=\"noopener\">Facebook<\/a>\u00a0et\u00a0<a href=\"https:\/\/x.com\/78actu\">Twitter<\/a>\u2009;<br \/><strong>Essonne\u2009:<\/strong>\u00a0retrouvez\u00a0actu Essonne\u00a0sur\u00a0<a href=\"https:\/\/www.facebook.com\/actuessonne\/?ref=br_rs\" target=\"_blank\" rel=\"noopener\">Facebook<\/a>\u00a0et\u00a0<a href=\"https:\/\/twitter.com\/ActuEssonne\" target=\"_blank\" rel=\"noopener\">Twitter<\/a>\u2009;<br \/><strong>Hauts-de-Seine\u2009:<\/strong>\u00a0retrouvez\u00a0actu\u00a0Hauts-de-Seine\u00a0sur\u00a0<a href=\"https:\/\/www.facebook.com\/actufr.hautsdeseine\/\" target=\"_blank\" rel=\"noopener\">Facebook<\/a>\u00a0et\u00a0<a href=\"https:\/\/twitter.com\/actufr92\" target=\"_blank\" rel=\"noopener\">Twitter<\/a>\u2009;<br \/><strong>Seine-Saint-Denis\u2009:<\/strong>\u00a0retrouvez actu Seine-Saint-Denis sur\u00a0<a href=\"https:\/\/www.facebook.com\/actufr.seinesaintdenis\/\" target=\"_blank\" rel=\"noopener\">Facebook<\/a>\u00a0et\u00a0<a href=\"https:\/\/x.com\/Actufr93\">Twitter<\/a>\u2009;<br \/><strong>Val-de-Marne\u2009:\u00a0<\/strong>retrouvez actu Val-de-Marne sur\u00a0<a href=\"https:\/\/www.facebook.com\/actu94.valdemarne\/\" target=\"_blank\" rel=\"noopener\">Facebook<\/a>\u00a0et\u00a0<a href=\"https:\/\/x.com\/actufr94\">Twitter<\/a>\u2009;<br \/><strong>Val-d\u2019Oise\u2009:<\/strong>\u00a0retrouvez La Gazette du Val-d\u2019Oise sur\u00a0<a href=\"https:\/\/x.com\/actufr94\">Twitter<\/a><\/p>\n<p class=\" wall-content\">Personnalisez votre actualit\u00e9 en ajoutant vos villes et m\u00e9dias en favori avec <a href=\"https:\/\/moncompte.actu.fr\" title=\"D\u00e9couvez Mon Actu\" rel=\"nofollow noopener\" data-trk=\"{&quot;cta&quot;:{&quot;action&quot;:&quot;https:\\\/\\\/moncompte.actu.fr&quot;,&quot;category&quot;:&quot;mon compte&quot;,&quot;from&quot;:&quot;article footer&quot;,&quot;name&quot;:&quot;Mon actu&quot;,&quot;type&quot;:&quot;cta&quot;}}\" target=\"_blank\">Mon Actu<\/a>.<\/p>\n<p>                    <script async src=\"https:\/\/platform.twitter.com\/widgets.js\" charset=\"utf-8\"><\/script><\/p>\n","protected":false},"excerpt":{"rendered":"Par J\u00e9r\u00f4me Lemonnier Publi\u00e9 le 24 nov. 2025 \u00e0 12h10 Les autorit\u00e9s conseillent d\u2019\u00e9viter le secteur pour laisser&hellip;\n","protected":false},"author":2,"featured_media":555299,"comment_status":"","ping_status":"","sticky":false,"template":"","format":"standard","meta":{"footnotes":""},"categories":[1592],"tags":[1111,11,1777,674,1011,27,3381,662,12,626,1311,25,104],"class_list":{"0":"post-555298","1":"post","2":"type-post","3":"status-publish","4":"format-standard","5":"has-post-thumbnail","7":"category-ile-de-france","8":"tag-actu","9":"tag-actualites","10":"tag-eu","11":"tag-europe","12":"tag-fr","13":"tag-france","14":"tag-gendarmerie","15":"tag-ile-de-france","16":"tag-news","17":"tag-paris","18":"tag-pompiers","19":"tag-republique-francaise","20":"tag-societe"},"share_on_mastodon":{"url":"https:\/\/pubeurope.com\/@fr\/115604509383839445","error":""},"_links":{"self":[{"href":"https:\/\/www.europesays.com\/fr\/wp-json\/wp\/v2\/posts\/555298","targetHints":{"allow":["GET"]}}],"collection":[{"href":"https:\/\/www.europesays.com\/fr\/wp-json\/wp\/v2\/posts"}],"about":[{"href":"https:\/\/www.europesays.com\/fr\/wp-json\/wp\/v2\/types\/post"}],"author":[{"embeddable":true,"href":"https:\/\/www.europesays.com\/fr\/wp-json\/wp\/v2\/users\/2"}],"replies":[{"embeddable":true,"href":"https:\/\/www.europesays.com\/fr\/wp-json\/wp\/v2\/comments?post=555298"}],"version-history":[{"count":0,"href":"https:\/\/www.europesays.com\/fr\/wp-json\/wp\/v2\/posts\/555298\/revisions"}],"wp:featuredmedia":[{"embeddable":true,"href":"https:\/\/www.europesays.com\/fr\/wp-json\/wp\/v2\/media\/555299"}],"wp:attachment":[{"href":"https:\/\/www.europesays.com\/fr\/wp-json\/wp\/v2\/media?parent=555298"}],"wp:term":[{"taxonomy":"category","embeddable":true,"href":"https:\/\/www.europesays.com\/fr\/wp-json\/wp\/v2\/categories?post=555298"},{"taxonomy":"post_tag","embeddable":true,"href":"https:\/\/www.europesays.com\/fr\/wp-json\/wp\/v2\/tags?post=555298"}],"curies":[{"name":"wp","href":"https:\/\/api.w.org\/{rel}","templated":true}]}}