{"id":555300,"date":"2025-11-24T11:47:12","date_gmt":"2025-11-24T11:47:12","guid":{"rendered":"https:\/\/www.europesays.com\/fr\/555300\/"},"modified":"2025-11-24T11:47:12","modified_gmt":"2025-11-24T11:47:12","slug":"ces-usagers-demandent-le-retour-dun-tgv-paris-lausanne-via-le-jura","status":"publish","type":"post","link":"https:\/\/www.europesays.com\/fr\/555300\/","title":{"rendered":"ces usagers demandent le retour d\u2019un TGV Paris-Lausanne via le Jura"},"content":{"rendered":"<p>                    Par<br \/>\n        <strong><br \/>\n            <a href=\"https:\/\/actu.fr\/auteur\/maxime-bertail\" title=\"Consulter tous les articles de Maxime Bertail\" target=\"_blank\" rel=\"noopener\">Maxime Bertail<\/a><br \/>\n                    <\/strong><\/p>\n<p>        Publi\u00e9 le<\/p>\n<p>            24 nov. 2025 \u00e0 12h06        <\/p>\n<p>Une nouvelle mobilisation en faveur du <b>ferroviaire <\/b>dans le Jura vient de voir le jour, apr\u00e8s la <b>ligne des Hirondelles. <\/b>Un collectif d\u2019usager demande le r\u00e9tablissement du <b>quatri\u00e8me TGV Lyria<\/b> entre <a href=\"https:\/\/actu.fr\/paris\/\" target=\"_blank\" rel=\"noopener\">Paris<\/a> et Lausanne par le <a href=\"https:\/\/actu.fr\/voix-du-jura\/\" target=\"_blank\" rel=\"noopener\">Jura<\/a>, supprim\u00e9 il y a<b> six ans<\/b>. Une p\u00e9tition mise <a href=\"https:\/\/www.change.org\/p\/r%C3%A9tablissons-le-4%C3%A8me-tgv-lyria-quotidien-paris-lausanne-via-le-jura?recruiter=1351767237&amp;recruited_by_id=c34b4c50-77e6-11ef-aaa7-07dc5a87aa9e&amp;utm_source=share_petition&amp;utm_campaign=starter_onboarding_share_personal&amp;utm_medium=copylink\" target=\"_blank\" rel=\"noopener\">en ligne<\/a> <b>mi-novembre\u00a02025<\/b> a d\u00e9j\u00e0 collect\u00e9 plus de<b> 1\u2009000 signatures<\/b>.<\/p>\n<p class=\" wall-content\">Jusqu\u2019en<b> d\u00e9cembre\u00a02019<\/b>, la ligne comptait <b>quatre allers-retours quotidiens<\/b> via Dijon, Dole, Mouchard, Frasne et Vallorbe, reliant Paris, le Jura, le Haut-Doubs et la Suisse. La <b>suppression <\/b>du plus matinal de ces allers-retours (qui arrivait \u00e0 Paris \u00e0 9\u2009h) a \u00e9t\u00e9 d\u00e9cid\u00e9e par la SNCF et son \u00e9quivalent suisse, les CFF (les deux actionnaires de Lyria).<\/p>\n<p>\u00ab\u2009Il y a une demande\u2009\u00bb<\/p>\n<p class=\" wall-content\">Les signataires d\u00e9noncent la perte d\u2019un lien essentiel entre les deux pays et un<b> impact sur la mobilit\u00e9<\/b> du quotidien, avec une <b>offre r\u00e9duite<\/b> et des <b>horaires moins adapt\u00e9s<\/b> aux besoins.<\/p>\n<p class=\" wall-content\">Pourtant, la demande est l\u00e0 de la part des voyageurs\u2009: \u00ab\u2009Ces trains sont <b>satur\u00e9s<\/b>, ils sont presque tout le temps pleins. Il y a souvent des personnes qui <b>ne peuvent pas voyager\u2009<\/b>\u00bb, t\u00e9moigne Sylvain Bobillier-Monnot. Usager de la ligne, il est \u00e0 l\u2019initiative de cette mobilisation, avec Thomas Morel\u2009: tous deux habitent pr\u00e8s de Pontarlier et travaillent r\u00e9guli\u00e8rement \u00e0 Paris.<\/p>\n<p class=\" wall-content\">\u00ab\u2009J\u2019en parlais avec le d\u00e9put\u00e9 du Haut-Doubs, qui est en plein marathon budg\u00e9taire \u00e0 l\u2019Assembl\u00e9e nationale, lui-m\u00eame ne peut souvent pas avoir de place. Des exemples comme \u00e7a, il y en a \u00e0 la pelle\u2009!\u2009\u00bb<\/p>\n<p>Vid\u00e9os : en ce moment sur Actu<\/p>\n<p class=\" wall-content\">Sur la ligne de TER transfrontali\u00e8re, entre Frasne et Bern \/ Neuch\u00e2tel, la<b> fr\u00e9quentation est en nette augmentation<\/b> chaque ann\u00e9e depuis 2020, avance le collectif. \u00ab\u2009Il y a une <b>demande <\/b>qui n\u2019est pas satisfaite, il faut y r\u00e9pondre\u2009\u00bb, insiste Sylvain Bobillier-Monnot.<\/p>\n<p>Coh\u00e9rence \u00e9cologique<\/p>\n<p class=\" wall-content\">Essentielle pour la mobilit\u00e9 des habitants, la ligne participe aussi \u00e0 la <b>comp\u00e9titivit\u00e9 \u00e9conomique<\/b> des entreprises des deux c\u00f4t\u00e9s de la fronti\u00e8re, ainsi qu\u2019a l\u2019<b>attractivit\u00e9 touristique<\/b> du territoire, rappelle le collectif. \u00ab\u2009Et \u00e0 l\u2019heure ou les politiques publiques appellent \u00e0 un report massif<b> de la voiture vers le ferroviaire<\/b>, supprimer des trains, c\u2019est marcher sur la t\u00eate\u2009!\u2009\u00bb<\/p>\n<p>Votre r\u00e9gion, votre actu !<\/p>\n<p>Recevez chaque jour les infos qui comptent pour vous.<\/p>\n<p>\t<a href=\"https:\/\/actu.fr\/newsletter\" class=\"ac-btn ac-btn--corner ac-btn--medium ac-btn--blue800\" target=\"_blank\" rel=\"noopener\">S&rsquo;incrire<\/a><\/p>\n<p class=\" wall-content\">La p\u00e9tition s\u2019adresse directement au ministre des Transports Philippe Tabarot et \u00e0 Albert R\u00f4sti, le conseiller f\u00e9d\u00e9ral helv\u00e8te en charge du D\u00e9partement f\u00e9d\u00e9ral de l\u2019environnement, des transports, de l\u2019\u00e9nergie et de la communication (DETEC), ainsi qu\u2019\u00e0 Jean Castex, pr\u00e9sident de la SNCF, son homologue helv\u00e8te Vincent Ducrot, et Eric Dehlinger, \u00e0 la t\u00eate de TGV Lyria.<\/p>\n<p>\u00ab\u2009On ne demande pas la lune\u2009\u00bb<\/p>\n<p class=\" wall-content\">\u00ab\u2009Notre objectif, c\u2019est d\u2019avoir d\u2019ici No\u00ebl un <b>rendez-vous<\/b> \u00e0 Paris avec les <b>ministres des transports<\/b>\u2009\u00bb, annonce Sylvain Bobillier-Monnot. \u00ab\u2009Je suis confiant, parce qu\u2019on a le <b>soutien des \u00e9lus<\/b>\u2009: maires, d\u00e9put\u00e9s, s\u00e9nateurs\u2026 On ne demande pas la lune, juste de remettre un train sur une ligne qui fonctionne d\u00e9j\u00e0.\u2009\u00bb Pas besoin ici de d\u00e9penses massives, comme pour l\u2019infrastructure de la ligne des hirondelles. D\u2019autant que la ligne Paris-Lausanne serait <b>une des plus rentables<\/b> de l\u2019entreprise Lyria selon des sources internes, indique le collectif.<\/p>\n<p class=\" wall-content\">Celui-ci appelle \u00e9galement \u00e0 <b>renforcer la coordination<\/b> entre les autorit\u00e9s fran\u00e7aises et suisses pour d\u00e9velopper la mobilit\u00e9 transfrontali\u00e8re, avec une augmentation des fr\u00e9quences, une meilleure coordination des correspondances et des investissements dans l\u2019infrastructure.<\/p>\n<p class=\" wall-content\">Personnalisez votre actualit\u00e9 en ajoutant vos villes et m\u00e9dias en favori avec <a href=\"https:\/\/moncompte.actu.fr\" title=\"D\u00e9couvez Mon Actu\" rel=\"nofollow noopener\" data-trk=\"{&quot;cta&quot;:{&quot;action&quot;:&quot;https:\\\/\\\/moncompte.actu.fr&quot;,&quot;category&quot;:&quot;mon compte&quot;,&quot;from&quot;:&quot;article footer&quot;,&quot;name&quot;:&quot;Mon actu&quot;,&quot;type&quot;:&quot;cta&quot;}}\" target=\"_blank\">Mon Actu<\/a>.<\/p>\n","protected":false},"excerpt":{"rendered":"Par Maxime Bertail Publi\u00e9 le 24 nov. 2025 \u00e0 12h06 Une nouvelle mobilisation en faveur du ferroviaire dans&hellip;\n","protected":false},"author":2,"featured_media":555301,"comment_status":"","ping_status":"","sticky":false,"template":"","format":"standard","meta":{"footnotes":""},"categories":[1888],"tags":[1111,1928,11,1927,1777,674,3696,1011,27,10382,12,1926,626,1925,25,2214,2803],"class_list":{"0":"post-555300","1":"post","2":"type-post","3":"status-publish","4":"format-standard","5":"has-post-thumbnail","7":"category-paris","8":"tag-actu","9":"tag-actu-paris","10":"tag-actualites","11":"tag-actualites-paris","12":"tag-eu","13":"tag-europe","14":"tag-evenements","15":"tag-fr","16":"tag-france","17":"tag-frontaliers","18":"tag-news","19":"tag-news-paris","20":"tag-paris","21":"tag-paris-news","22":"tag-republique-francaise","23":"tag-tgv","24":"tag-transport"},"share_on_mastodon":{"url":"https:\/\/pubeurope.com\/@fr\/115604517272905993","error":""},"_links":{"self":[{"href":"https:\/\/www.europesays.com\/fr\/wp-json\/wp\/v2\/posts\/555300","targetHints":{"allow":["GET"]}}],"collection":[{"href":"https:\/\/www.europesays.com\/fr\/wp-json\/wp\/v2\/posts"}],"about":[{"href":"https:\/\/www.europesays.com\/fr\/wp-json\/wp\/v2\/types\/post"}],"author":[{"embeddable":true,"href":"https:\/\/www.europesays.com\/fr\/wp-json\/wp\/v2\/users\/2"}],"replies":[{"embeddable":true,"href":"https:\/\/www.europesays.com\/fr\/wp-json\/wp\/v2\/comments?post=555300"}],"version-history":[{"count":0,"href":"https:\/\/www.europesays.com\/fr\/wp-json\/wp\/v2\/posts\/555300\/revisions"}],"wp:featuredmedia":[{"embeddable":true,"href":"https:\/\/www.europesays.com\/fr\/wp-json\/wp\/v2\/media\/555301"}],"wp:attachment":[{"href":"https:\/\/www.europesays.com\/fr\/wp-json\/wp\/v2\/media?parent=555300"}],"wp:term":[{"taxonomy":"category","embeddable":true,"href":"https:\/\/www.europesays.com\/fr\/wp-json\/wp\/v2\/categories?post=555300"},{"taxonomy":"post_tag","embeddable":true,"href":"https:\/\/www.europesays.com\/fr\/wp-json\/wp\/v2\/tags?post=555300"}],"curies":[{"name":"wp","href":"https:\/\/api.w.org\/{rel}","templated":true}]}}