{"id":555302,"date":"2025-11-24T11:48:25","date_gmt":"2025-11-24T11:48:25","guid":{"rendered":"https:\/\/www.europesays.com\/fr\/555302\/"},"modified":"2025-11-24T11:48:25","modified_gmt":"2025-11-24T11:48:25","slug":"black-stone-cherry-en-concert-a-lalhambra-de-paris-en-septembre-2026-news-rockurlife","status":"publish","type":"post","link":"https:\/\/www.europesays.com\/fr\/555302\/","title":{"rendered":"Black Stone Cherry : en concert \u00e0 l\u2019Alhambra de Paris en septembre 2026 ! &#8211; News &#8211; RockUrLife"},"content":{"rendered":"<p><strong>Black Stone Cherry<\/strong> revient en <strong>France<\/strong> : le quatuor sudiste sera en concert \u00e0 <strong>l\u2019Alhambra<\/strong> le 23 septembre 2026 pour une soir\u00e9e qui s\u2019annonce br\u00fblante !<\/p>\n<p> L\u2019occasion parfaite de retrouver ce rock visc\u00e9ral et humain que le groupe d\u00e9livre avec la m\u00eame intensit\u00e9, qu\u2019il joue devant cent personnes ou dans une ar\u00e8ne compl\u00e8te.<\/p>\n<p>Quelques mois plus t\u00f4t, le 6 mars 2026, <strong>BSC<\/strong> d\u00e9voilera\u00a0<strong><a href=\"https:\/\/www.rockurlife.net\/news\/black-stone-cherry-nouveau-single-celebrate\/\" target=\"_blank\" rel=\"noopener\">Celebrate<\/a><\/strong>, un nouvel EP digital fid\u00e8le \u00e0 son ADN : quatre musiciens soud\u00e9s, nourris de rock, metal, blues, soul et hip hop, unis par une amiti\u00e9 instinctive. Un projet recentr\u00e9 sur l\u2019essentiel \u2014 le partage, les proches, le public \u2014 et fa\u00e7onn\u00e9 avec cette authenticit\u00e9 sans fioritures qui fait leur r\u00e9putation.<\/p>\n<p>La pr\u00e9vente exclusive de la salle aura lieu le 26 novembre \u00e0 10h sur alhambra-paris.com (e-billets gratuits). La billetterie g\u00e9n\u00e9rale ouvrira le 28 novembre \u00e0 10h dans les points de vente habituels.<\/p>\n<p><img loading=\"lazy\" decoding=\"async\" width=\"819\" height=\"1024\" src=\"https:\/\/www.europesays.com\/fr\/wp-content\/uploads\/2025\/11\/IMG_3745-819x1024.jpeg\" alt=\"\" class=\"wp-image-229447\"\/><\/p>\n","protected":false},"excerpt":{"rendered":"Black Stone Cherry revient en France : le quatuor sudiste sera en concert \u00e0 l\u2019Alhambra le 23 septembre&hellip;\n","protected":false},"author":2,"featured_media":555303,"comment_status":"","ping_status":"","sticky":false,"template":"","format":"standard","meta":{"footnotes":""},"categories":[1888],"tags":[1111,1928,11,1927,67285,67286,1777,674,1011,27,12,1926,626,1925,25],"class_list":{"0":"post-555302","1":"post","2":"type-post","3":"status-publish","4":"format-standard","5":"has-post-thumbnail","7":"category-paris","8":"tag-actu","9":"tag-actu-paris","10":"tag-actualites","11":"tag-actualites-paris","12":"tag-alhambra","13":"tag-black-stone-cherry","14":"tag-eu","15":"tag-europe","16":"tag-fr","17":"tag-france","18":"tag-news","19":"tag-news-paris","20":"tag-paris","21":"tag-paris-news","22":"tag-republique-francaise"},"share_on_mastodon":{"url":"https:\/\/pubeurope.com\/@fr\/115604521584257112","error":""},"_links":{"self":[{"href":"https:\/\/www.europesays.com\/fr\/wp-json\/wp\/v2\/posts\/555302","targetHints":{"allow":["GET"]}}],"collection":[{"href":"https:\/\/www.europesays.com\/fr\/wp-json\/wp\/v2\/posts"}],"about":[{"href":"https:\/\/www.europesays.com\/fr\/wp-json\/wp\/v2\/types\/post"}],"author":[{"embeddable":true,"href":"https:\/\/www.europesays.com\/fr\/wp-json\/wp\/v2\/users\/2"}],"replies":[{"embeddable":true,"href":"https:\/\/www.europesays.com\/fr\/wp-json\/wp\/v2\/comments?post=555302"}],"version-history":[{"count":0,"href":"https:\/\/www.europesays.com\/fr\/wp-json\/wp\/v2\/posts\/555302\/revisions"}],"wp:featuredmedia":[{"embeddable":true,"href":"https:\/\/www.europesays.com\/fr\/wp-json\/wp\/v2\/media\/555303"}],"wp:attachment":[{"href":"https:\/\/www.europesays.com\/fr\/wp-json\/wp\/v2\/media?parent=555302"}],"wp:term":[{"taxonomy":"category","embeddable":true,"href":"https:\/\/www.europesays.com\/fr\/wp-json\/wp\/v2\/categories?post=555302"},{"taxonomy":"post_tag","embeddable":true,"href":"https:\/\/www.europesays.com\/fr\/wp-json\/wp\/v2\/tags?post=555302"}],"curies":[{"name":"wp","href":"https:\/\/api.w.org\/{rel}","templated":true}]}}