{"id":555308,"date":"2025-11-24T11:51:17","date_gmt":"2025-11-24T11:51:17","guid":{"rendered":"https:\/\/www.europesays.com\/fr\/555308\/"},"modified":"2025-11-24T11:51:17","modified_gmt":"2025-11-24T11:51:17","slug":"direct-guerre-en-ukraine-zelensky-salue-des-avancees-sur-le-plan-de-paix-americain-mais-estime-quil-faut-faire-plus","status":"publish","type":"post","link":"https:\/\/www.europesays.com\/fr\/555308\/","title":{"rendered":"DIRECT. Guerre en Ukraine\u00a0: Zelensky salue des avanc\u00e9es sur le plan de paix am\u00e9ricain mais estime qu\u2019il \u00ab\u00a0faut faire plus\u00a0\u00bb"},"content":{"rendered":"<p>11h52.Le Kremlin dit n&rsquo;avoir \u00ab\u00a0re\u00e7u aucune information\u00a0\u00bb apr\u00e8s les pourparlers de paix<\/p>\n<p class=\"live-post__amorce\">Le Kremlin a dit aujourd&rsquo;hui n&rsquo;avoir \u00ab\u00a0re\u00e7u aucune information\u00a0\u00bb au lendemain de pourparlers \u00e0 Gen\u00e8ve entre Am\u00e9ricains, Ukrainiens et Europ\u00e9ens, convoqu\u00e9s dans l&rsquo;urgence \u00e0 la suite d&rsquo;un projet de plan du pr\u00e9sident Donald Trump reprenant des exigences de Moscou.<\/p>\n<p class=\"live-post__amorce\">\u00ab\u00a0Nous n&rsquo;avons encore rien re\u00e7u officiellement\u00a0\u00bb, a affirm\u00e9 le porte-parole du Kremlin Dmitri Peskov lors de son point presse quotidien auquel participait l&rsquo;AFP, ajoutant toutefois savoir que des \u00ab\u00a0modifications\u00a0\u00bb ont \u00e9t\u00e9 apport\u00e9es \u00e0 la proposition des Etats-Unis pour mettre fin au conflit avec l&rsquo;Ukraine.<\/p>\n<p>11h05.Volodymyr Zelensky salue des avanc\u00e9es dans le plan am\u00e9ricain mais une \u00ab\u00a0paix r\u00e9elle\u00a0\u00bb n\u00e9cessite \u00ab\u00a0plus\u00a0\u00bb<\/p>\n<p class=\"live-post__amorce\">Au lendemain de pourparlers \u00e0 Gen\u00e8ve entre Am\u00e9ricains, Ukrainiens et Europ\u00e9ens, le pr\u00e9sident ukrainien a salu\u00e9 des avanc\u00e9es, mais qu\u2019il juge insuffisantes pour mettre fin au conflit. \u00ab\u00a0Dans les \u00e9tapes que nous avons coordonn\u00e9es avec la partie am\u00e9ricaine, nous avons r\u00e9ussi \u00e0 inclure des points extr\u00eamement sensibles\u00a0\u00bb, a expliqu\u00e9 Volodymyr Zelensky lors d\u2019une conf\u00e9rence virtuelle en Su\u00e8de. \u00ab\u00a0Ce sont des \u00e9tapes importantes, mais, pour parvenir \u00e0 une paix r\u00e9elle, il faut plus, beaucoup plus.\u00a0\u00bb<\/p>\n<p>08h44.Kiev accuse Moscou d\u2019utiliser le 9M729, un missile pourtant \u00ab\u00a0interdit\u00a0\u00bb<\/p>\n<p class=\"live-post__amorce\">La Russie aurait utilis\u00e9 au moins 23 missiles de croisi\u00e8re Novator 9M729 contre l\u2019Ukraine, selon le premier secr\u00e9taire de la mission permanente de l\u2019Ukraine aupr\u00e8s des organisations internationales. <\/p>\n<p class=\"std-elt__inline\">\n        <strong>\u00c0 lire aussi :<\/strong><br \/>\n        <a href=\"https:\/\/www.ladepeche.fr\/2025\/11\/23\/guerre-en-ukraine-vers-une-crise-nucleaire-kiev-accuse-moscou-dutiliser-le-9m729-un-missile-pourtant-interdit-13069513.php\" target=\"_blank\" rel=\"noopener\">Guerre en Ukraine\u00a0: vers une crise nucl\u00e9aire\u00a0? Kiev accuse Moscou d\u2019utiliser le 9M729, un missile pourtant \u00ab\u00a0interdit\u00a0\u00bb<\/a>\n    <\/p>\n<p>08h30.Que contient la nouvelle version de l&rsquo;accord de paix propos\u00e9e par Washington ?<\/p>\n<p class=\"live-post__amorce\">La version initiale du document avait suscit\u00e9 l&rsquo;opposition de Kiev et de ses alli\u00e9s europ\u00e9ens &#8211; Paris, Londres, Berlin et Rome &#8211; venus dimanche \u00e0 Gen\u00e8ve pour \u00e9viter une paix en forme de capitulation. \u00ab\u00a0Nous avons fait d&rsquo;\u00e9normes progr\u00e8s\u00a0\u00bb, s&rsquo;est encore f\u00e9licit\u00e9 Marco Rubio, estimant que \u00ab\u00a0les points qui restent en suspens ne sont pas insurmontables\u00a0\u00bb et laissant la porte ouverte \u00e0 un d\u00e9lai au-del\u00e0 de la f\u00eate de Thanksgiving jeudi.<\/p>\n<p class=\"live-post__amorce\">Salu\u00e9 par le pr\u00e9sident russe Vladimir Poutine, le texte initial du plan de Trump reprenait plusieurs exigences cl\u00e9s de Moscou : que l&rsquo;Ukraine lui c\u00e8de des territoires, accepte de r\u00e9duire la taille de son arm\u00e9e et renonce \u00e0 int\u00e9grer l&rsquo;Otan. Tout en offrant des garanties de s\u00e9curit\u00e9 occidentales \u00e0 Kiev pour pr\u00e9venir toute nouvelle attaque russe. Le texte propose aussi la fin de l&rsquo;isolement de la Russie \u00e0 l&rsquo;\u00e9gard du monde occidental, avec sa r\u00e9int\u00e9gration au G8 et la lev\u00e9e progressive des sanctions.<\/p>\n<p>07h56.Des discussions autour du projet de Donald Trump<\/p>\n<p class=\"live-post__amorce\">Washington et Kiev ont affirm\u00e9, dans la nuit de dimanche \u00e0 lundi, qu&rsquo;un \u00ab\u00a0futur accord\u00a0\u00bb de paix pour mettre fin au conflit avec la Russie devrait \u00ab\u00a0pleinement respecter la souverainet\u00e9\u00a0\u00bb de l&rsquo;Ukraine. Am\u00e9ricains, Ukrainiens et Europ\u00e9ens \u00e9taient r\u00e9unis pour des pourparlers \u00e0 Gen\u00e8ve (Suisse). <\/p>\n<p class=\"live-post__amorce\">La Maison Blanche a salu\u00e9 des discussions en Suisse, qui ont constitu\u00e9 \u00ab\u00a0un pas en avant significatif\u00a0\u00bb vers une solution permettant de mettre fin au conflit.<\/p>\n<p>07h52.4 morts et 17 bless\u00e9s dans une attaque de drones russes \u00e0 Kharkiv<\/p>\n<p class=\"live-post__amorce\">Une attaque russe survenue dimanche soir \u00e0 Kharkiv, deuxi\u00e8me ville ukrainienne la plus peupl\u00e9e avant l\u2019invasion lanc\u00e9e par Moscou en f\u00e9vrier 2022, situ\u00e9e non loin de la fronti\u00e8re russe, a fait quatre morts et 17 bless\u00e9s, selon le maire, Ihor Terekhov.<\/p>\n<p>07h42.Bienvenue dans ce direct<\/p>\n<p class=\"live-post__amorce\">Bonjour et bienvenue dans ce direct consacr\u00e9 \u00e0 la guerre en Ukraine.<\/p>\n","protected":false},"excerpt":{"rendered":"11h52.Le Kremlin dit n&rsquo;avoir \u00ab\u00a0re\u00e7u aucune information\u00a0\u00bb apr\u00e8s les pourparlers de paix Le Kremlin a dit aujourd&rsquo;hui n&rsquo;avoir&hellip;\n","protected":false},"author":2,"featured_media":555309,"comment_status":"","ping_status":"","sticky":false,"template":"","format":"standard","meta":{"footnotes":""},"categories":[1591],"tags":[11,1887,12,1885,1886,132],"class_list":{"0":"post-555308","1":"post","2":"type-post","3":"status-publish","4":"format-standard","5":"has-post-thumbnail","7":"category-russie","8":"tag-actualites","9":"tag-federation-de-russie","10":"tag-news","11":"tag-russia","12":"tag-russian-federation","13":"tag-russie"},"share_on_mastodon":{"url":"https:\/\/pubeurope.com\/@fr\/115604533219524319","error":""},"_links":{"self":[{"href":"https:\/\/www.europesays.com\/fr\/wp-json\/wp\/v2\/posts\/555308","targetHints":{"allow":["GET"]}}],"collection":[{"href":"https:\/\/www.europesays.com\/fr\/wp-json\/wp\/v2\/posts"}],"about":[{"href":"https:\/\/www.europesays.com\/fr\/wp-json\/wp\/v2\/types\/post"}],"author":[{"embeddable":true,"href":"https:\/\/www.europesays.com\/fr\/wp-json\/wp\/v2\/users\/2"}],"replies":[{"embeddable":true,"href":"https:\/\/www.europesays.com\/fr\/wp-json\/wp\/v2\/comments?post=555308"}],"version-history":[{"count":0,"href":"https:\/\/www.europesays.com\/fr\/wp-json\/wp\/v2\/posts\/555308\/revisions"}],"wp:featuredmedia":[{"embeddable":true,"href":"https:\/\/www.europesays.com\/fr\/wp-json\/wp\/v2\/media\/555309"}],"wp:attachment":[{"href":"https:\/\/www.europesays.com\/fr\/wp-json\/wp\/v2\/media?parent=555308"}],"wp:term":[{"taxonomy":"category","embeddable":true,"href":"https:\/\/www.europesays.com\/fr\/wp-json\/wp\/v2\/categories?post=555308"},{"taxonomy":"post_tag","embeddable":true,"href":"https:\/\/www.europesays.com\/fr\/wp-json\/wp\/v2\/tags?post=555308"}],"curies":[{"name":"wp","href":"https:\/\/api.w.org\/{rel}","templated":true}]}}