{"id":555316,"date":"2025-11-24T11:55:17","date_gmt":"2025-11-24T11:55:17","guid":{"rendered":"https:\/\/www.europesays.com\/fr\/555316\/"},"modified":"2025-11-24T11:55:17","modified_gmt":"2025-11-24T11:55:17","slug":"lallemagne-indique-que-les-points-controverses-ont-ete-retires-du-plan-de-paix-de-trump-pour-lukraine","status":"publish","type":"post","link":"https:\/\/www.europesays.com\/fr\/555316\/","title":{"rendered":"L\u2019Allemagne indique que les points controvers\u00e9s ont \u00e9t\u00e9 retir\u00e9s du plan de paix de Trump pour l\u2019Ukraine"},"content":{"rendered":"<p style=\"text-align:justify;\">AA \/ Berlin \/ Ayhan Simsek<\/p>\n<p style=\"text-align:justify;\">Le ministre allemand des Affaires \u00e9trang\u00e8res a d\u00e9clar\u00e9 lundi que les questions controvers\u00e9es concernant l\u2019Europe et l\u2019OTAN ont \u00e9t\u00e9 retir\u00e9es du plan de paix pour l\u2019Ukraine du pr\u00e9sident Donald Trump, \u00e0 la suite des pourparlers de Gen\u00e8ve.<\/p>\n<p style=\"text-align:justify;\">\u00ab Je tiens \u00e0 pr\u00e9ciser que toutes les questions concernant l\u2019Europe et \u00e9galement celles concernant l\u2019OTAN ont \u00e9t\u00e9 retir\u00e9es de ce plan. C\u2019est un succ\u00e8s d\u00e9cisif que nous avons obtenu hier \u00bb, a d\u00e9clar\u00e9 Johann Wadephul \u00e0 la station de radio publique allemande Deutschlandfunk.<\/p>\n<p style=\"text-align:justify;\">\u00ab Il \u00e9tait clair d\u00e8s le d\u00e9part, comme nous l\u2019avons r\u00e9p\u00e9t\u00e9 \u00e0 plusieurs reprises, que rien ne peut \u00eatre d\u00e9cid\u00e9 par-dessus la t\u00eate des Europ\u00e9ens et des Ukrainiens. Nous avons maintenant franchi un premier pas et prot\u00e9g\u00e9 nos int\u00e9r\u00eats europ\u00e9ens \u00bb, a-t-il soulign\u00e9.<\/p>\n<p style=\"text-align:justify;\">Le ministre des Affaires \u00e9trang\u00e8res a r\u00e9affirm\u00e9 que les Europ\u00e9ens soutiennent les efforts am\u00e9ricains pour mettre fin \u00e0 la guerre. Cependant, il a insist\u00e9 sur le fait que la souverainet\u00e9 de l\u2019Ukraine doit \u00eatre pr\u00e9serv\u00e9e et que seul le pays doit d\u00e9cider du moment et de la mani\u00e8re de faire des concessions.<\/p>\n<p style=\"text-align:justify;\">\u00ab Nous nous r\u00e9jouissons vraiment des progr\u00e8s r\u00e9alis\u00e9s. Nous saluons le fait que les \u00c9tats-Unis soient activement impliqu\u00e9s dans ce processus. Il faut bien que quelqu\u2019un initie les discussions \u00bb, a-t-il ajout\u00e9.<\/p>\n<p style=\"text-align:justify;\">Dimanche, des responsables am\u00e9ricains, ukrainiens et europ\u00e9ens se sont r\u00e9unis \u00e0 Gen\u00e8ve pour examiner une proposition en 28 points visant \u00e0 faire avancer les efforts de paix en Ukraine.<\/p>\n<p style=\"text-align:justify;\">Le secr\u00e9taire d\u2019\u00c9tat Marco Rubio et l\u2019envoy\u00e9 du pr\u00e9sident Trump, Steve Witkoff, ont dirig\u00e9 la d\u00e9l\u00e9gation am\u00e9ricaine, tandis que le chef de cabinet pr\u00e9sidentiel Andriy Yermak repr\u00e9sentait l\u2019Ukraine. Des conseillers \u00e0 la s\u00e9curit\u00e9 nationale du Royaume-Uni, de la France et de l\u2019Allemagne ont \u00e9galement tenu des discussions s\u00e9par\u00e9es \u00e0 Gen\u00e8ve.<\/p>\n<p style=\"text-align:justify;\">Selon les informations, la proposition en 28 points aurait exig\u00e9 de l\u2019Ukraine de c\u00e9der des territoires suppl\u00e9mentaires \u00e0 la Russie, de limiter la taille de son arm\u00e9e et d\u2019abandonner formellement son projet d\u2019adh\u00e9sion \u00e0 l\u2019OTAN.<\/p>\n<p style=\"text-align:justify;\">* Traduit de l&rsquo;anglais par Seyma Erkul Dayanc<\/p>\n<p>                            &#13;<br \/>\n                                <a href=\"https:\/\/www.aa.com.tr\/fr\/p\/abonnement\/1001\" target=\"_blank\" style=\"font-size:12px; color:#444; text-decoration:none;\" rel=\"noopener\">&#13;<br \/>\n                                    Seulement une partie des d\u00e9p\u00eaches, que l&rsquo;Agence Anadolu diffuse \u00e0 ses abonn\u00e9s via le Syst\u00e8me de Diffusion interne (HAS), est diffus\u00e9e sur le site de l&rsquo;AA, de mani\u00e8re r\u00e9sum\u00e9e. <b style=\"color:#1897F7\">Contactez-nous s&rsquo;il vous pla\u00eet pour vous abonner.<\/b>&#13;<br \/>\n                                <\/a>&#13;<\/p>\n","protected":false},"excerpt":{"rendered":"AA \/ Berlin \/ Ayhan Simsek Le ministre allemand des Affaires \u00e9trang\u00e8res a d\u00e9clar\u00e9 lundi que les questions&hellip;\n","protected":false},"author":2,"featured_media":555317,"comment_status":"","ping_status":"","sticky":false,"template":"","format":"standard","meta":{"footnotes":""},"categories":[1587],"tags":[11,672,1785,1804,1805,1803,1777,674,1801,12,67288,1802,220],"class_list":{"0":"post-555316","1":"post","2":"type-post","3":"status-publish","4":"format-standard","5":"has-post-thumbnail","7":"category-allemagne","8":"tag-actualites","9":"tag-allemagne","10":"tag-anadolu-ajansi","11":"tag-bundesrepublik-deutschland","12":"tag-de","13":"tag-deutschland","14":"tag-eu","15":"tag-europe","16":"tag-germany","17":"tag-news","18":"tag-plan-de-paix-de-trump","19":"tag-republique-federale-dallemagne","20":"tag-ukraine"},"share_on_mastodon":{"url":"https:\/\/pubeurope.com\/@fr\/115604548864048789","error":""},"_links":{"self":[{"href":"https:\/\/www.europesays.com\/fr\/wp-json\/wp\/v2\/posts\/555316","targetHints":{"allow":["GET"]}}],"collection":[{"href":"https:\/\/www.europesays.com\/fr\/wp-json\/wp\/v2\/posts"}],"about":[{"href":"https:\/\/www.europesays.com\/fr\/wp-json\/wp\/v2\/types\/post"}],"author":[{"embeddable":true,"href":"https:\/\/www.europesays.com\/fr\/wp-json\/wp\/v2\/users\/2"}],"replies":[{"embeddable":true,"href":"https:\/\/www.europesays.com\/fr\/wp-json\/wp\/v2\/comments?post=555316"}],"version-history":[{"count":0,"href":"https:\/\/www.europesays.com\/fr\/wp-json\/wp\/v2\/posts\/555316\/revisions"}],"wp:featuredmedia":[{"embeddable":true,"href":"https:\/\/www.europesays.com\/fr\/wp-json\/wp\/v2\/media\/555317"}],"wp:attachment":[{"href":"https:\/\/www.europesays.com\/fr\/wp-json\/wp\/v2\/media?parent=555316"}],"wp:term":[{"taxonomy":"category","embeddable":true,"href":"https:\/\/www.europesays.com\/fr\/wp-json\/wp\/v2\/categories?post=555316"},{"taxonomy":"post_tag","embeddable":true,"href":"https:\/\/www.europesays.com\/fr\/wp-json\/wp\/v2\/tags?post=555316"}],"curies":[{"name":"wp","href":"https:\/\/api.w.org\/{rel}","templated":true}]}}