{"id":555320,"date":"2025-11-24T11:57:19","date_gmt":"2025-11-24T11:57:19","guid":{"rendered":"https:\/\/www.europesays.com\/fr\/555320\/"},"modified":"2025-11-24T11:57:19","modified_gmt":"2025-11-24T11:57:19","slug":"tout-ce-quil-faut-savoir-sur-les-changements-majeurs-pour-ledition-2026","status":"publish","type":"post","link":"https:\/\/www.europesays.com\/fr\/555320\/","title":{"rendered":"tout ce qu&rsquo;il faut savoir sur les changements majeurs pour l&rsquo;\u00e9dition 2026"},"content":{"rendered":"<p class=\"intro \">\u00c0 l\u2019aube de l\u2019Eurovision 2026, l\u2019Union europ\u00e9enne de radiodiffusion (UER) op\u00e8re un tournant majeur. Entre r\u00e9duction drastique du nombre de votes par t\u00e9l\u00e9spectateur, retour des jurys professionnels en demi-finales et renforcement des dispositifs anti-fraude, ces r\u00e9formes interviennent alors que des diffuseurs menacent de boycotter la participation d\u2019Isra\u00ebl. <\/p>\n<p>Un tournant majeur. L\u2019<a href=\"https:\/\/www.europe1.fr\/dossiers\/eurovision\" target=\"_blank\" rel=\"noopener\">Eurovision<\/a> s\u2019appr\u00eate \u00e0 op\u00e9rer une profonde r\u00e9forme de son syst\u00e8me de vote \u00e0 l\u2019aube de l\u2019\u00e9dition de mai 2026. L\u2019Union europ\u00e9enne de radiodiffusion (UER) a annonc\u00e9 plusieurs mesures \u201cimportantes\u201d visant \u00e0 renforcer la confiance et la transparence du concours.\u00a0<\/p>\n<p>    La suite apr\u00e8s cette publicit\u00e9<\/p>\n<p>    La suite apr\u00e8s cette publicit\u00e9<\/p>\n<p>D\u2019abord, le nombre maximal de votes qu\u2019un t\u00e9l\u00e9spectateur peut \u00e9mettre sera r\u00e9duit de moiti\u00e9. Chaque personne pourra d\u00e9sormais voter 10 fois au lieu de 20. Ce plafonnement, explique l\u2019UER, a pour objectif d\u2019encourager les fans \u00e0 diversifier leurs soutiens et de limiter les campagnes de vote massives.\u00a0<\/p>\n<p>Un vote d\u00e9cisif\u00a0<\/p>\n<p>Parall\u00e8lement, les jurys professionnels feront leur grand retour lors des demi-finales, une nouveaut\u00e9 depuis 2022. Leur vote comptera d\u00e9sormais pour 50% des r\u00e9sultats, \u00e0 \u00e9galit\u00e9 avec celui du public, comme c\u2019est d\u00e9j\u00e0 le cas en finale. L&rsquo;UER promet aussi des mesures techniques renforc\u00e9es pour d\u00e9tecter et bloquer les activit\u00e9s de vote coordonn\u00e9es ou frauduleuses.<\/p>\n<p>    La suite apr\u00e8s cette publicit\u00e9<\/p>\n<p>    La suite apr\u00e8s cette publicit\u00e9<\/p>\n<p>Ces r\u00e9formes s\u2019accompagnent aussi d\u2019un durcissement des r\u00e8gles relatives \u00e0 la promotion. Les campagnes publicitaires men\u00e9es par des tiers notamment des gouvernements seront d\u00e9sormais surveill\u00e9es de tr\u00e8s pr\u00e8s. Toute tentative d\u2019influence disproportionn\u00e9e pourra mener \u00e0 des sanctions. \u00ab\u00a0Nous prenons des mesures claires et d\u00e9cisives pour que le concours reste une c\u00e9l\u00e9bration de la musique et de l\u2019unit\u00e9. Le concours doit demeurer un espace neutre et ne doit pas \u00eatre instrumentalis\u00e9\u00a0\u00bb, a expliqu\u00e9 Martin Green, directeur de l\u2019Eurovision.<\/p>\n<p>Ces changements ne sont pas arriv\u00e9s par hasard. Cette r\u00e9forme intervient dans un contexte tendu alors que <a href=\"https:\/\/www.europe1.fr\/culture\/la-participation-disrael-a-leurovision-toujours-remise-en-question-774470\" target=\"_blank\" rel=\"noopener\">la participation d\u2019Isra\u00ebl<\/a> suscite des d\u00e9bats parmi plusieurs diffuseurs europ\u00e9ens. Certaines voix comme celles de l\u2019<a href=\"https:\/\/www.europe1.fr\/culture\/lespagne-ne-participera-pas-a-leurovision-2026-si-israel-prend-part-au-concours-772968\" target=\"_blank\" rel=\"noopener\">Espagne<\/a> ou de l\u2019Irlande ont clairement \u00e9voqu\u00e9 un retrait en cas de pr\u00e9sence d\u2019Isra\u00ebl en 2026.<br \/>\u00a0<\/p>\n","protected":false},"excerpt":{"rendered":"\u00c0 l\u2019aube de l\u2019Eurovision 2026, l\u2019Union europ\u00e9enne de radiodiffusion (UER) op\u00e8re un tournant majeur. Entre r\u00e9duction drastique du&hellip;\n","protected":false},"author":2,"featured_media":555321,"comment_status":"","ping_status":"","sticky":false,"template":"","format":"standard","meta":{"footnotes":""},"categories":[1586],"tags":[11,1777,674,1779,1011,27,12,25,1778,364],"class_list":{"0":"post-555320","1":"post","2":"type-post","3":"status-publish","4":"format-standard","5":"has-post-thumbnail","7":"category-europe","8":"tag-actualites","9":"tag-eu","10":"tag-europe","11":"tag-european-union","12":"tag-fr","13":"tag-france","14":"tag-news","15":"tag-republique-francaise","16":"tag-ue","17":"tag-union-europeenne"},"share_on_mastodon":{"url":"https:\/\/pubeurope.com\/@fr\/115604556638430323","error":""},"_links":{"self":[{"href":"https:\/\/www.europesays.com\/fr\/wp-json\/wp\/v2\/posts\/555320","targetHints":{"allow":["GET"]}}],"collection":[{"href":"https:\/\/www.europesays.com\/fr\/wp-json\/wp\/v2\/posts"}],"about":[{"href":"https:\/\/www.europesays.com\/fr\/wp-json\/wp\/v2\/types\/post"}],"author":[{"embeddable":true,"href":"https:\/\/www.europesays.com\/fr\/wp-json\/wp\/v2\/users\/2"}],"replies":[{"embeddable":true,"href":"https:\/\/www.europesays.com\/fr\/wp-json\/wp\/v2\/comments?post=555320"}],"version-history":[{"count":0,"href":"https:\/\/www.europesays.com\/fr\/wp-json\/wp\/v2\/posts\/555320\/revisions"}],"wp:featuredmedia":[{"embeddable":true,"href":"https:\/\/www.europesays.com\/fr\/wp-json\/wp\/v2\/media\/555321"}],"wp:attachment":[{"href":"https:\/\/www.europesays.com\/fr\/wp-json\/wp\/v2\/media?parent=555320"}],"wp:term":[{"taxonomy":"category","embeddable":true,"href":"https:\/\/www.europesays.com\/fr\/wp-json\/wp\/v2\/categories?post=555320"},{"taxonomy":"post_tag","embeddable":true,"href":"https:\/\/www.europesays.com\/fr\/wp-json\/wp\/v2\/tags?post=555320"}],"curies":[{"name":"wp","href":"https:\/\/api.w.org\/{rel}","templated":true}]}}