{"id":555322,"date":"2025-11-24T11:58:15","date_gmt":"2025-11-24T11:58:15","guid":{"rendered":"https:\/\/www.europesays.com\/fr\/555322\/"},"modified":"2025-11-24T11:58:15","modified_gmt":"2025-11-24T11:58:15","slug":"cynisme-de-certains-partis-deficit-securite-ce-quil-faut-retenir-de-lallocution-du-premier-ministre-sebastien-lecornu","status":"publish","type":"post","link":"https:\/\/www.europesays.com\/fr\/555322\/","title":{"rendered":"\u00abCynisme de certains partis\u00bb, d\u00e9ficit, s\u00e9curit\u00e9\u2026 Ce qu\u2019il faut retenir de l\u2019allocution du premier ministre S\u00e9bastien Lecornu"},"content":{"rendered":"<p>\n    Le chef du gouvernement s\u2019est exprim\u00e9, ce lundi 24 novembre, pour \u00abrendre compte l\u00e0 o\u00f9 nous en sommes\u00bb au sujet des d\u00e9bats au Parlement sur les textes budg\u00e9taires. Le Figaro fait le point sur ses annonces.<\/p>\n<p class=\"fig-paragraph\">L\u2019allocution t\u00e9l\u00e9vis\u00e9e du premier ministre\u00a0<a href=\"https:\/\/www.lefigaro.fr\/conjoncture\/en-direct-budget-2026-assemblee-senat-deputes-rejet-finances-loi-speciale-calendrier-20251124\" data-fig-type=\"Live\" data-gtm-custom-categorie=\"navigation\" data-gtm-custom-action=\"crossclick\" data-gtm-custom-label=\"Contextuel\" data-gtm-event=\"customEventSPE\" data-fig-domain=\"LEFIGARO\" target=\"_blank\" rel=\"noopener\">S\u00e9bastien Lecornu<\/a>\u00a0visait ce lundi 24 novembre \u00e0 \u00abrendre compte de l\u00e0 o\u00f9 nous en sommes\u00bb, \u00e0 l\u2019heure o\u00f9 les textes budg\u00e9taires sont en pleine navette parlementaire entre l\u2019Assembl\u00e9e nationale et le S\u00e9nat. Devant l\u2019H\u00f4tel de Matignon, le chef du gouvernement a rappel\u00e9 que la partie \u00abrecettes\u00bb du projet de loi de financement de la S\u00e9curit\u00e9 sociale (PLFSS) avait \u00e9t\u00e9 adopt\u00e9e \u00e0 l\u2019Assembl\u00e9e nationale, mais que la \u00abfiscalit\u00e9 du budget 2026 pour l\u2019\u00c9tat\u00bb avait, elle, \u00e9t\u00e9 rejet\u00e9e.<\/p>\n<p class=\"fig-paragraph\">S\u00e9bastien Lecornu a tenu \u00e0 rassurer les Fran\u00e7ais sur une situation \u00absomme toute relativement normale, o\u00f9 chacun cherche \u00e0 pousser ses propres convictions et \u00e0 poser son drapeau id\u00e9ologique\u00bb. Voici ce qu\u2019il faut retenir de sa prise de parole.<\/p>\n<p>                                    <a class=\"fig-a11y-skip a11y-hidden\" href=\"#fig-a11y-skip-main-inarticle\"><br \/>\n        Passer la publicit\u00e9<br \/>\n    <\/a><\/p>\n<p><strong>S\u00e9bastien Lecornu fustige \u00able cynisme de certains partis et candidats \u00e0 l\u2019\u00e9lection pr\u00e9sidentielle\u00bb<\/strong><\/p>\n<p class=\"fig-paragraph\">Si les d\u00e9bats budg\u00e9taires ont \u00e9t\u00e9 houleux ces derniers jours \u00e0 l\u2019Assembl\u00e9e nationale, S\u00e9bastien Lecornu observe que \u00abchacun cherche \u00e0 se compter dans cet exercice\u00bb. \u00abCette situation nous am\u00e8ne \u00e0 des points de vigilance\u00bb, a point\u00e9 le premier ministre, d\u00e9non\u00e7ant \u00able cynisme de certains partis et candidats \u00e0 l\u2019\u00e9lection pr\u00e9sidentielle\u00bb.<\/p>\n<p><strong>\u00abGarder une cible de d\u00e9ficit \u00e0 moins de 5% du PIB\u00bb reste \u00abune priorit\u00e9 absolue\u00bb<\/strong><\/p>\n<p class=\"fig-paragraph\">S\u00e9bastien Lecornu a assur\u00e9 que l\u2019objectif de \u00abgarder une cible de\u00a0<a href=\"http:\/\/www.lefigaro.fr\/conjoncture\/combien-faut-il-faire-d-economies-pour-redescendre-sous-les-5-de-deficit-en-2026-fixes-par-lecornu-20251008\" target=\"_blank\" data-fig-type=\"Article\" rel=\"noopener\" data-gtm-custom-categorie=\"navigation\" data-gtm-custom-action=\"crossclick\" data-gtm-custom-label=\"Contextuel\" data-gtm-event=\"customEventSPE\" data-fig-domain=\"LEFIGARO\">d\u00e9ficit \u00e0 moins de 5% du PIB<\/a> \u00bb constituait \u00abune priorit\u00e9 absolue\u00bb pour l\u2019\u00e9conomie tricolore. Cette volont\u00e9 de limiter le d\u00e9ficit \u00abpose \u00e9videmment la question des \u00e9conomies, notamment des \u00e9conomies de court terme\u00bb, a soulign\u00e9 le chef du gouvernement.<\/p>\n<p><strong>Cinq th\u00e8mes prioritaires pour le gouvernement<\/strong><\/p>\n<p class=\"fig-paragraph\">La question du d\u00e9ficit fait partie des cinq th\u00e8mes prioritaires affich\u00e9s par S\u00e9bastien Lecornu ce lundi. Le premier ministre a \u00e9galement \u00e9voqu\u00e9 la \u00abquestion de la r\u00e9forme de l\u2019\u00c9tat, avec une clarification et une d\u00e9centralisation des services publics dans le pays\u00bb. Il y a ajout\u00e9 la \u00abquestion de l\u2019\u00e9nergie, li\u00e9e \u00e0 des enjeux de souverainet\u00e9, \u00e9cologique et de pouvoir d\u2019achat\u00bb. Le locataire de Matignon a \u00e9galement \u00e9voqu\u00e9 \u00abl\u2019agriculture, notamment li\u00e9e \u00e0\u00a0<a href=\"http:\/\/www.lefigaro.fr\/flash-actu\/la-pilule-ne-passe-toujours-pas-a-arras-des-dizaines-d-agriculteurs-mobilises-contre-le-mercosur-avant-la-venue-d-emmanuel-macron-20251119\" target=\"_blank\" data-fig-type=\"NewsFlash\" rel=\"noopener\" data-gtm-custom-categorie=\"navigation\" data-gtm-custom-action=\"crossclick\" data-gtm-custom-label=\"Contextuel\" data-gtm-event=\"customEventSPE\" data-fig-domain=\"LEFIGARO\">l\u2019accord du Mercosur<\/a> \u00bb, ainsi que \u00abla question de notre s\u00e9curit\u00e9 int\u00e9rieure et ext\u00e9rieure\u00bb. \u00abIl ne faut pas isoler ces sujets du reste, bien s\u00fbr, mais je vais demander aux forces politiques de se positionner\u00bb, a-t-il d\u00e9clar\u00e9.<\/p>\n<p><strong>Lecornu va saisir l\u2019Assembl\u00e9e nationale et le S\u00e9nat \u00abpour un vote dans les prochains jours\u00bb sur la s\u00e9curit\u00e9 ext\u00e9rieure\u00a0<\/strong><\/p>\n<p class=\"fig-paragraph\">Le premier ministre a annonc\u00e9 qu\u2019il allait saisir \u00abl\u2019Assembl\u00e9e nationale et le S\u00e9nat pour un vote dans les prochains jours, s\u00fbrement la semaine prochaine\u00bb, sur les questions de s\u00e9curit\u00e9 ext\u00e9rieure et militaire. \u00abNous allons d\u00e9marrer avec les questions de s\u00e9curit\u00e9 ext\u00e9rieure, les\u00a0<a href=\"http:\/\/www.lefigaro.fr\/international\/age-cout-nombre-de-recrues-a-quoi-pourrait-ressembler-le-nouveau-service-militaire-volontaire-20251124\" target=\"_blank\" data-fig-type=\"Article\" rel=\"noopener\" data-gtm-custom-categorie=\"navigation\" data-gtm-custom-action=\"crossclick\" data-gtm-custom-label=\"Contextuel\" data-gtm-event=\"customEventSPE\" data-fig-domain=\"LEFIGARO\">questions militaires<\/a> , les questions de d\u00e9fense, afin de permettre (&#8230;) aux formations politiques de dire si oui ou non elles souhaitent s\u2019engager vers un renforcement de nos arm\u00e9es\u00bb, a d\u00e9clar\u00e9 le premier ministre \u00e0 Matignon. Pour S\u00e9bastien Lecornu, il s\u2019agit de cr\u00e9er des \u00abd\u00e9bats sp\u00e9cifiques et de cr\u00e9er un cadre de compromis\u00bb. \u00abLe budget n\u2019est pas un d\u00e9cor de fond de sc\u00e8ne, ce n\u2019est pas une pi\u00e8ce de th\u00e9\u00e2tre\u00bb, a-t-il lanc\u00e9.<\/p>\n<p>Des discussions avec \u00ables forces politiques et les partenaires sociaux\u00bb dans les prochains jours<\/p>\n<p class=\"fig-paragraph\">S\u00e9bastien Lecornu s\u2019est dit convaincu qu\u2019il existe \u00abtoujours une majorit\u00e9 \u00e0 l\u2019Assembl\u00e9e nationale pour permettre de voter\u00a0<a href=\"http:\/\/www.lefigaro.fr\/conjoncture\/budget-2026-quelles-mesures-fiscales-font-leur-retour-dans-la-copie-qui-va-etre-renvoyee-au-senat-20251121\" target=\"_blank\" data-fig-type=\"Article\" rel=\"noopener\" data-gtm-custom-categorie=\"navigation\" data-gtm-custom-action=\"crossclick\" data-gtm-custom-label=\"Contextuel\" data-gtm-event=\"customEventSPE\" data-fig-domain=\"LEFIGARO\">un budget pour l\u2019ann\u00e9e prochaine<\/a> \u00bb. \u00abLes d\u00e9put\u00e9s se sont parl\u00e9, il y a des chemins de compromis\u00bb, a assur\u00e9 le premier ministre. Pour faire avancer les discussions, il recevra \u00abl\u2019ensemble des forces politiques dans les prochains jours, ainsi que les partenaires sociaux\u00bb. Premi\u00e8re \u00e9tape, ce lundi soir, avec une \u00abr\u00e9union des chefs de groupes qui soutiennent l\u2019action du gouvernement\u00bb.<\/p>\n","protected":false},"excerpt":{"rendered":"Le chef du gouvernement s\u2019est exprim\u00e9, ce lundi 24 novembre, pour \u00abrendre compte l\u00e0 o\u00f9 nous en sommes\u00bb&hellip;\n","protected":false},"author":2,"featured_media":555323,"comment_status":"","ping_status":"","sticky":false,"template":"","format":"standard","meta":{"footnotes":""},"categories":[2],"tags":[11,1003,1011,27,12,3363,25,11067],"class_list":{"0":"post-555322","1":"post","2":"type-post","3":"status-publish","4":"format-standard","5":"has-post-thumbnail","7":"category-actualites","8":"tag-actualites","9":"tag-budget","10":"tag-fr","11":"tag-france","12":"tag-news","13":"tag-premier-ministre","14":"tag-republique-francaise","15":"tag-sebastien-lecornu"},"share_on_mastodon":{"url":"https:\/\/pubeurope.com\/@fr\/115604560577194763","error":""},"_links":{"self":[{"href":"https:\/\/www.europesays.com\/fr\/wp-json\/wp\/v2\/posts\/555322","targetHints":{"allow":["GET"]}}],"collection":[{"href":"https:\/\/www.europesays.com\/fr\/wp-json\/wp\/v2\/posts"}],"about":[{"href":"https:\/\/www.europesays.com\/fr\/wp-json\/wp\/v2\/types\/post"}],"author":[{"embeddable":true,"href":"https:\/\/www.europesays.com\/fr\/wp-json\/wp\/v2\/users\/2"}],"replies":[{"embeddable":true,"href":"https:\/\/www.europesays.com\/fr\/wp-json\/wp\/v2\/comments?post=555322"}],"version-history":[{"count":0,"href":"https:\/\/www.europesays.com\/fr\/wp-json\/wp\/v2\/posts\/555322\/revisions"}],"wp:featuredmedia":[{"embeddable":true,"href":"https:\/\/www.europesays.com\/fr\/wp-json\/wp\/v2\/media\/555323"}],"wp:attachment":[{"href":"https:\/\/www.europesays.com\/fr\/wp-json\/wp\/v2\/media?parent=555322"}],"wp:term":[{"taxonomy":"category","embeddable":true,"href":"https:\/\/www.europesays.com\/fr\/wp-json\/wp\/v2\/categories?post=555322"},{"taxonomy":"post_tag","embeddable":true,"href":"https:\/\/www.europesays.com\/fr\/wp-json\/wp\/v2\/tags?post=555322"}],"curies":[{"name":"wp","href":"https:\/\/api.w.org\/{rel}","templated":true}]}}