{"id":555324,"date":"2025-11-24T11:59:16","date_gmt":"2025-11-24T11:59:16","guid":{"rendered":"https:\/\/www.europesays.com\/fr\/555324\/"},"modified":"2025-11-24T11:59:16","modified_gmt":"2025-11-24T11:59:16","slug":"alerte-meteo-fortes-pluies-et-neige-abondante-dans-les-alpes-jusqua-mercredi-2","status":"publish","type":"post","link":"https:\/\/www.europesays.com\/fr\/555324\/","title":{"rendered":"Alerte M\u00e9t\u00e9o : Fortes pluies et neige abondante dans les Alpes jusqu&rsquo;\u00e0 mercredi"},"content":{"rendered":"<p>                    Du<br \/>\n                    lundi 24 novembre \u00e0 12:00 au<br \/>\n                    mercredi 26 novembre \u00e0 9:00<\/p>\n<p>                    Situation<\/p>\n<p>Une perturbation tr\u00e8s active venant de l&rsquo;Atlantique provoque un \u00e9pisode de pluies durables et abondantes de l&rsquo;Aquitaine \u00e0 Rh\u00f4ne-Alpes au Jura jusqu&rsquo;\u00e0 mardi, pouvant entra\u00eener des ruissellements importants, voire quelques inondations ponctuelles, d&rsquo;ailleurs, Vigicrues passe plusieurs tron\u00e7ons en alerte ce lundi. En montagne, de nouvelles conditions de blizzard s&rsquo;installent sur le nord des Alpes, et dans une moindre mesure sur le Jura et les Pyr\u00e9n\u00e9es \u00e0 partir de lundi apr\u00e8s-midi.<\/p>\n<p>L&rsquo;ouest du Massif central, le nord des Alpes et le Jura sont expos\u00e9s au puissant vent d&rsquo;ouest. Ce vent fort charg\u00e9 d&rsquo;humidit\u00e9 provoque par effet de blocage orographique des pr\u00e9cipitations tr\u00e8s abondantes sur ces reliefs. Sur le littoral aquitain, de fortes averses orageuses peuvent s&rsquo;accompagner de rafales \u00e0 90-100 km\/h.<\/p>\n<p>                    Observation<\/p>\n<p><strong>\u00c0 la mi-journ\u00e9e de ce lundi<\/strong>, sous l\u2019ondulation de la perturbation, les pluies se poursuivent toujours du pays basque au centre-est. Ces pluies d\u2019intensit\u00e9 mod\u00e9r\u00e9e \u00e0 forte peuvent entra\u00eener des ruissellements. Les chutes de neige vont se renforcer dans les Alpes dans les prochaines heures. D&rsquo;abord au-dessus de 1600 m avant de descendre \u00e0 1000 voire 700 m\u00e8tres demain. <\/p>\n<p><strong>Ce lundi matin<\/strong>, les pluies continuent de tomber entre l&rsquo;Aquitaine, le Massif central et la Franche-Comt\u00e9 avec des intensit\u00e9s mod\u00e9r\u00e9es. La situation se calme nettement entre la Gironde, la Dordogne et le Limousin avec la fin de l&rsquo;alerte pour ce midi.<\/p>\n<p>\n                    Consulter la m\u00e9t\u00e9o de votre ville\n                <\/p>\n<p>                    Evolution<\/p>\n<p><strong>Ce soir,<\/strong> avec la descente de la perturbation vers la M\u00e9diterran\u00e9e, ces pr\u00e9cipitations commencent \u00e0 faiblir. La neige tombe \u00e0 des altitudes de plus en plus basses.<\/p>\n<p><strong>Mardi<\/strong>, les pr\u00e9cipitations se poursuivent sous forme de fortes averses, sur les Pyr\u00e9n\u00e9es, le nord des Alpes et le Jura.<\/p>\n<p>En montagne, les chutes de neige tr\u00e8s abondantes, d\u2019abord au-dessus de 1500 m\u00e8tres, puis de 800 \u00e0 1000 m\u00e8tres, peuvent entra\u00eener de forts risques d\u2019avalanches, notamment sur les Savoies mardi.<\/p>\n<p><strong>On attend :<\/strong><\/p>\n<p>&#8211; de 50 \u00e0 100 mm d&rsquo;eau sur les d\u00e9partements en alerte, correspondant \u00e0 10 jours \u00e0 3 semaines de pr\u00e9cipitations d&rsquo;un mois de novembre<br \/>&#8211; jusqu&rsquo;\u00e0 1,50 m de neige fra\u00eeche au-dessus de 1800 m\u00e8tres pouvant entra\u00eener des risques avalancheux sur les Savoies et des coul\u00e9es de neige pr\u00e8s des sommets du Massif central.<\/p>\n","protected":false},"excerpt":{"rendered":"Du lundi 24 novembre \u00e0 12:00 au mercredi 26 novembre \u00e0 9:00 Situation Une perturbation tr\u00e8s active venant&hellip;\n","protected":false},"author":2,"featured_media":555325,"comment_status":"","ping_status":"","sticky":false,"template":"","format":"standard","meta":{"footnotes":""},"categories":[2],"tags":[11,1011,27,12,25],"class_list":{"0":"post-555324","1":"post","2":"type-post","3":"status-publish","4":"format-standard","5":"has-post-thumbnail","7":"category-actualites","8":"tag-actualites","9":"tag-fr","10":"tag-france","11":"tag-news","12":"tag-republique-francaise"},"share_on_mastodon":{"url":"https:\/\/pubeurope.com\/@fr\/115604564655679390","error":""},"_links":{"self":[{"href":"https:\/\/www.europesays.com\/fr\/wp-json\/wp\/v2\/posts\/555324","targetHints":{"allow":["GET"]}}],"collection":[{"href":"https:\/\/www.europesays.com\/fr\/wp-json\/wp\/v2\/posts"}],"about":[{"href":"https:\/\/www.europesays.com\/fr\/wp-json\/wp\/v2\/types\/post"}],"author":[{"embeddable":true,"href":"https:\/\/www.europesays.com\/fr\/wp-json\/wp\/v2\/users\/2"}],"replies":[{"embeddable":true,"href":"https:\/\/www.europesays.com\/fr\/wp-json\/wp\/v2\/comments?post=555324"}],"version-history":[{"count":0,"href":"https:\/\/www.europesays.com\/fr\/wp-json\/wp\/v2\/posts\/555324\/revisions"}],"wp:featuredmedia":[{"embeddable":true,"href":"https:\/\/www.europesays.com\/fr\/wp-json\/wp\/v2\/media\/555325"}],"wp:attachment":[{"href":"https:\/\/www.europesays.com\/fr\/wp-json\/wp\/v2\/media?parent=555324"}],"wp:term":[{"taxonomy":"category","embeddable":true,"href":"https:\/\/www.europesays.com\/fr\/wp-json\/wp\/v2\/categories?post=555324"},{"taxonomy":"post_tag","embeddable":true,"href":"https:\/\/www.europesays.com\/fr\/wp-json\/wp\/v2\/tags?post=555324"}],"curies":[{"name":"wp","href":"https:\/\/api.w.org\/{rel}","templated":true}]}}