{"id":555328,"date":"2025-11-24T12:01:24","date_gmt":"2025-11-24T12:01:24","guid":{"rendered":"https:\/\/www.europesays.com\/fr\/555328\/"},"modified":"2025-11-24T12:01:24","modified_gmt":"2025-11-24T12:01:24","slug":"adam-hadwin-perd-sa-carte-de-la-pga","status":"publish","type":"post","link":"https:\/\/www.europesays.com\/fr\/555328\/","title":{"rendered":"Adam Hadwin perd sa carte de la PGA"},"content":{"rendered":"<p class=\"c-paragraph\">Pour la premi\u00e8re fois depuis son arriv\u00e9e en 2014, le Canadien Adam Hadwin a perdu sa carte de la PGA au terme du dernier tournoi du calendrier 2025.<\/p>\n<p class=\"c-paragraph\">En remettant une carte de plus-2 (72) lors de la ronde finale de la Classique RSM, Hadwin a termin\u00e9 la comp\u00e9tition avec un cumulatif de moins-7 pour finir au 70e rang.<\/p>\n<p class=\"c-paragraph\">Il devait conclure le tournoi en deuxi\u00e8me position ou le remporter pour conserver son droit de jeu pour la prochaine saison.<\/p>\n<p class=\"c-paragraph\">Il pourra regagner sa carte via le PGA Tour Q-School en 2026.<\/p>\n<p class=\"c-paragraph\">C\u2019est le Finlandais Sami Valimaki qui a remport\u00e9 la Classique RSM. Il est devenu le premier Finlandais \u00e0 gagner un \u00e9v\u00e9nement de la PGA, lui qui a termin\u00e9 avec un cumulatif de moins-23.<\/p>\n<p class=\"c-paragraph\">Le Canadien Ben Silverman a lui aussi perdu sa carte de la PGA.<\/p>\n<p>Articles connexes<\/p>\n","protected":false},"excerpt":{"rendered":"Pour la premi\u00e8re fois depuis son arriv\u00e9e en 2014, le Canadien Adam Hadwin a perdu sa carte de&hellip;\n","protected":false},"author":2,"featured_media":555329,"comment_status":"","ping_status":"","sticky":false,"template":"","format":"standard","meta":{"footnotes":""},"categories":[1418],"tags":[66626,1011,27,1472,8188,67289,60],"class_list":{"0":"post-555328","1":"post","2":"type-post","3":"status-publish","4":"format-standard","5":"has-post-thumbnail","7":"category-golf","8":"tag-adam-hadwin","9":"tag-fr","10":"tag-france","11":"tag-golf","12":"tag-pga","13":"tag-sami-valimaki","14":"tag-sports"},"share_on_mastodon":{"url":"https:\/\/pubeurope.com\/@fr\/115604572263953576","error":""},"_links":{"self":[{"href":"https:\/\/www.europesays.com\/fr\/wp-json\/wp\/v2\/posts\/555328","targetHints":{"allow":["GET"]}}],"collection":[{"href":"https:\/\/www.europesays.com\/fr\/wp-json\/wp\/v2\/posts"}],"about":[{"href":"https:\/\/www.europesays.com\/fr\/wp-json\/wp\/v2\/types\/post"}],"author":[{"embeddable":true,"href":"https:\/\/www.europesays.com\/fr\/wp-json\/wp\/v2\/users\/2"}],"replies":[{"embeddable":true,"href":"https:\/\/www.europesays.com\/fr\/wp-json\/wp\/v2\/comments?post=555328"}],"version-history":[{"count":0,"href":"https:\/\/www.europesays.com\/fr\/wp-json\/wp\/v2\/posts\/555328\/revisions"}],"wp:featuredmedia":[{"embeddable":true,"href":"https:\/\/www.europesays.com\/fr\/wp-json\/wp\/v2\/media\/555329"}],"wp:attachment":[{"href":"https:\/\/www.europesays.com\/fr\/wp-json\/wp\/v2\/media?parent=555328"}],"wp:term":[{"taxonomy":"category","embeddable":true,"href":"https:\/\/www.europesays.com\/fr\/wp-json\/wp\/v2\/categories?post=555328"},{"taxonomy":"post_tag","embeddable":true,"href":"https:\/\/www.europesays.com\/fr\/wp-json\/wp\/v2\/tags?post=555328"}],"curies":[{"name":"wp","href":"https:\/\/api.w.org\/{rel}","templated":true}]}}