{"id":555330,"date":"2025-11-24T12:03:14","date_gmt":"2025-11-24T12:03:14","guid":{"rendered":"https:\/\/www.europesays.com\/fr\/555330\/"},"modified":"2025-11-24T12:03:14","modified_gmt":"2025-11-24T12:03:14","slug":"felipe-contepomi-sen-prend-a-tom-curry-apres-angleterre-argentine-apres-avoir-casse-le-genou-de-quelquun-je-pense-quil-faut-au-moins-sexcuser-lequipe","status":"publish","type":"post","link":"https:\/\/www.europesays.com\/fr\/555330\/","title":{"rendered":"Felipe Contepomi s&#039;en prend \u00e0 Tom Curry apr\u00e8s Angleterre-Argentine : \u00abApr\u00e8s avoir cass\u00e9 le genou de quelqu&#039;un, je pense qu&#039;il faut au moins s&#039;excuser\u00bb &#8211; L&#039;\u00c9quipe"},"content":{"rendered":"<ol>\n<li><a href=\"https:\/\/news.google.com\/rss\/articles\/CBMingJBVV95cUxQMVNFSkJTaXJBMVBvS3FDdE9lSmN5Q0hfWVBSNTY1ZUdDcV8xdjQ1STZsWFI1aGJpM0g2SFhzY3hHa2J2eXFHX3ZQYW9ORlpac0ZxQUZ1NlpncWE5NHhFb0E5cWhDd0JULWVPdzlTeUpGSjE2dHp1bll0UGNtQUhIdjBUd2dQQW5tV09mWGdRYkVmbThwQWhWc21kMnlzM3Jpbk9hWW91THA1UXBmQ28wMndKYnlub0xQSGxLdHI3RHRKWnRrcDZOVHFBeG43MEptMXlLQ2xGU1NVNDBHMFFMWmNLdlBjXzZDMjBnRG0tQm5BN0hVNDJWUVM2YnE0cV80NGQ3bzRRR3Fzd1o0ZmJHcFhiWlNIZWtNQlJwdXpR?oc=5\" target=\"_blank\" rel=\"noopener\">Felipe Contepomi s&rsquo;en prend \u00e0 Tom Curry apr\u00e8s Angleterre-Argentine : \u00abApr\u00e8s avoir cass\u00e9 le genou de quelqu&rsquo;un, je pense qu&rsquo;il faut au moins s&rsquo;excuser\u00bb<\/a>&nbsp;&nbsp;L&rsquo;\u00c9quipe<\/li>\n<li><a href=\"https:\/\/news.google.com\/rss\/articles\/CBMihAJBVV95cUxQT2ZmZ0ZZSWdsZGtOa1NobW9rY3ZlcTM4MjBacGtKRW9oTkl5TFIwZk91RzZhbmd3Q1IxNmNmSUZNOGxZOENEWld1NEFKcWt4Zi1VRmJGUXVEZk5BVjZPQmliUVB2aWVqSVJnNGlWR2llNGcxMG9ocUZNcUlCMm5LT2gwSVFZbXBCWC1Od3JKZmhWN2ZuUEctSVZFakdBY2JUNGhhMm9fTUxZbEpJZmpCVG1OeU4wRnJSX09wckdtZUNVdk91N2I2Nl9sV2JFWExYYXBkalZuUW1LNXFYcl9kcFVQSS1JcWpyZnFremxvNlBaRXF3ekM1OENZTlZZbW9CNVhFeg?oc=5\" target=\"_blank\" rel=\"noopener\">Genou \u00ab\u00a0cass\u00e9\u00a0\u00bb, claque, insulte&#8230; l&rsquo;Argentine d\u00e9nonce le comportement de Tom Curry, troisi\u00e8me ligne de l&rsquo;Angleterre<\/a>&nbsp;&nbsp;RMC Sport<\/li>\n<li><a href=\"https:\/\/news.google.com\/rss\/articles\/CBMi8AFBVV95cUxNdklrWUJ6Mjg4dThkY05vX3hwTEJFVjhIYVBjYkxqZHJwYzJfVEtiUUo4eFR0MF9RNXdyVU84RzV3emJPS2s2YlJLM2d4MXBlQlJaLWhvYkNHekhzV3lGQWQ0SlRwMG9qaDZDZmx4aFEwa2tMV1ZoLWp5ZzNYYTk3ME15QmdGdTdwT2szMEFJNEZrUl9CTXhFQWU3alhuZzVZZUFnaEJ3Vlp3YkUxRHRhdThsWUtXanNRU0JiSFhjdGtLZjg4LWFtaDZ2QTUtTXFJZUVyZ0RoQTYyU08zcUEyV2RFajk2UklfSzludUNmUnE?oc=5\" target=\"_blank\" rel=\"noopener\">Angleterre &#8211; Argentine : revivez le succ\u00e8s des Anglais face aux Argentins<\/a>&nbsp;&nbsp;Rugbyrama<\/li>\n<li><a href=\"https:\/\/news.google.com\/rss\/articles\/CBMivAFBVV95cUxPcnRkREJfTGhGNm55dHJWWkZNaEkwUXR6Y3F2bmhJOFI1d3BQLWdVODJPay1MUmJsNXBjOWRWNmlVMzUydlItcFFWYm5UVGNtYlgyN2VCbVBxbTAwbzZCMHd6Nm9QcTMtbjhXSlZFRmh5VlB0MlY1NGhVQ0lGSHNPb2JiU0VBZ1hJVkRMQXZmX3dZd191S3BGbk1pSzlEVTRQTWVPUzFvRzVoVXVyZGNPMnZaclgyX2g2cC0ySw?oc=5\" target=\"_blank\" rel=\"noopener\">Rugby : en vid\u00e9o, le r\u00e9sum\u00e9 de la victoire de l\u2019Angleterre face \u00e0 l\u2019Argentine<\/a>&nbsp;&nbsp;Le Figaro<\/li>\n<li><a href=\"https:\/\/news.google.com\/rss\/articles\/CBMi8AFBVV95cUxOTmJZTXA4d09HdnE1UE05SjBLRUNEeUJ4R0wybFF1ZXB5OGpQT2FwTTB3cVMxV05Ra2RZUWtRNGtKRFJ5SkdjNUhUdkE4OEFTck02N3RyUlZCSm5pYXZtTWllblpiWVdhVlpaby1FekFneEo3alNxRUpfS0x2eUFRNWVOVjVLQnpQVmt5QVpmeHRFWmY5cGdnSFNkSFZNdWt0eFBfVkVHVkZaUUNfOWV3SnlzYzZXcVloaHVTVkRQdllvYzg0dXgwYmRiRGZTU2F5dVkwZ3c5Ykc1OUE4M2ZpYWtqOVVuOUVnSkxBMk53bGg?oc=5\" target=\"_blank\" rel=\"noopener\">L&rsquo;Angleterre, l&rsquo;autre grande gagnante de l&rsquo;automne apr\u00e8s sa victoire contre l&rsquo;Argentine (27-23)<\/a>&nbsp;&nbsp;Eurosport<\/li>\n<\/ol>\n","protected":false},"excerpt":{"rendered":"Felipe Contepomi s&rsquo;en prend \u00e0 Tom Curry apr\u00e8s Angleterre-Argentine : \u00abApr\u00e8s avoir cass\u00e9 le genou de quelqu&rsquo;un, je&hellip;\n","protected":false},"author":2,"featured_media":555331,"comment_status":"","ping_status":"","sticky":false,"template":"","format":"standard","meta":{"footnotes":""},"categories":[1416],"tags":[1011,27,479,1468,60],"class_list":{"0":"post-555330","1":"post","2":"type-post","3":"status-publish","4":"format-standard","5":"has-post-thumbnail","7":"category-rugby","8":"tag-fr","9":"tag-france","10":"tag-rugby","11":"tag-rugby-football","12":"tag-sports"},"share_on_mastodon":{"url":"https:\/\/pubeurope.com\/@fr\/115604580304529415","error":""},"_links":{"self":[{"href":"https:\/\/www.europesays.com\/fr\/wp-json\/wp\/v2\/posts\/555330","targetHints":{"allow":["GET"]}}],"collection":[{"href":"https:\/\/www.europesays.com\/fr\/wp-json\/wp\/v2\/posts"}],"about":[{"href":"https:\/\/www.europesays.com\/fr\/wp-json\/wp\/v2\/types\/post"}],"author":[{"embeddable":true,"href":"https:\/\/www.europesays.com\/fr\/wp-json\/wp\/v2\/users\/2"}],"replies":[{"embeddable":true,"href":"https:\/\/www.europesays.com\/fr\/wp-json\/wp\/v2\/comments?post=555330"}],"version-history":[{"count":0,"href":"https:\/\/www.europesays.com\/fr\/wp-json\/wp\/v2\/posts\/555330\/revisions"}],"wp:featuredmedia":[{"embeddable":true,"href":"https:\/\/www.europesays.com\/fr\/wp-json\/wp\/v2\/media\/555331"}],"wp:attachment":[{"href":"https:\/\/www.europesays.com\/fr\/wp-json\/wp\/v2\/media?parent=555330"}],"wp:term":[{"taxonomy":"category","embeddable":true,"href":"https:\/\/www.europesays.com\/fr\/wp-json\/wp\/v2\/categories?post=555330"},{"taxonomy":"post_tag","embeddable":true,"href":"https:\/\/www.europesays.com\/fr\/wp-json\/wp\/v2\/tags?post=555330"}],"curies":[{"name":"wp","href":"https:\/\/api.w.org\/{rel}","templated":true}]}}