{"id":555334,"date":"2025-11-24T12:08:13","date_gmt":"2025-11-24T12:08:13","guid":{"rendered":"https:\/\/www.europesays.com\/fr\/555334\/"},"modified":"2025-11-24T12:08:13","modified_gmt":"2025-11-24T12:08:13","slug":"finalement-geoffrey-bouchard-poursuit-sa-carriere-actualite","status":"publish","type":"post","link":"https:\/\/www.europesays.com\/fr\/555334\/","title":{"rendered":"Finalement, Geoffrey Bouchard poursuit sa carri\u00e8re &#8211; Actualit\u00e9"},"content":{"rendered":"<p style=\"text-align: justify;\"><strong><a href=\"https:\/\/www.directvelo.com\/actualite\/124639\/geoffrey-bouchard-s-arrete-la\" target=\"_blank\" rel=\"noopener\">Alors qu&rsquo;il avait annonc\u00e9 mettre un terme \u00e0 sa carri\u00e8re<\/a><\/strong>, Geoffrey Bouchard sera toujours dans les pelotons en 2026. Il s&rsquo;est engag\u00e9 avec la ProTeam TotalEnergies, annonce sa future formation.<\/p>\n<p>\u00ab\u00a0C\u2019est une histoire dont je me souviendrai longtemps. J\u2019ai \u00e9t\u00e9 touch\u00e9 par l\u2019attention qu&rsquo;a port\u00e9e l&rsquo;\u00e9quipe \u00e0 mon \u00e9gard. J&rsquo;ai vite pris conscience de l&rsquo;opportunit\u00e9, moi qui m&rsquo;appr\u00eatais \u00e0 pr\u00e9parer ma retraite sportive en fin d\u2019ann\u00e9e. Les \u00e9changes ont \u00e9t\u00e9 vraiment bons et m\u2019ont convaincu de continuer le cyclisme \u00e0 haut niveau, au sein d\u2019une \u00e9quipe qui me correspond : offensive et d\u00e9complex\u00e9e. Nous nous sommes rapidement mis d\u2019accord afin de ne pas perdre de temps dans ma pr\u00e9paration\u00a0\u00bb, indique l&rsquo;Is\u00e9rois dans un communiqu\u00e9.<\/p>\n<p><strong><a href=\"https:\/\/www.directvelo.com\/coureur\/3072\/geoffrey-bouchard\" target=\"_blank\" rel=\"noopener\">Geoffrey Bouchard<\/a><\/strong>\u00a0est pass\u00e9 professionnel en 2019\u00a0 et avait jusqu&rsquo;\u00e0 cette ann\u00e9e toujours couru pour Decathlon AG2R La Mondiale.<\/p>\n<p>Le coureur de 33 ans est la troisi\u00e8me recrue officialis\u00e9e par <strong><a href=\"https:\/\/www.directvelo.com\/equipe\/2734\/totalenergies\" target=\"_blank\" rel=\"noopener\">le Team TotalEnergies<\/a><\/strong>.<\/p>\n","protected":false},"excerpt":{"rendered":"Alors qu&rsquo;il avait annonc\u00e9 mettre un terme \u00e0 sa carri\u00e8re, Geoffrey Bouchard sera toujours dans les pelotons en&hellip;\n","protected":false},"author":2,"featured_media":555335,"comment_status":"","ping_status":"","sticky":false,"template":"","format":"standard","meta":{"footnotes":""},"categories":[1411],"tags":[834,828,836,829,837,827,83,826,824,823,1154,207,814,817,815,816,822,821,832,211,839,1011,27,820,818,819,835,831,830,833,838,60,212,208,825],"class_list":{"0":"post-555334","1":"post","2":"type-post","3":"status-publish","4":"format-standard","5":"has-post-thumbnail","7":"category-cyclisme","8":"tag-attaque","9":"tag-belgique","10":"tag-braquet","11":"tag-bretagne","12":"tag-chute","13":"tag-competition","14":"tag-coupe-de-france","15":"tag-coureur","16":"tag-course-cyclisme","17":"tag-course-cycliste","18":"tag-cycling","19":"tag-cyclisme","20":"tag-direct","21":"tag-direct-velo","22":"tag-directvelo","23":"tag-directvelo-com","24":"tag-epreuve","25":"tag-epreuve-cycliste","26":"tag-federation-francaise-de-cyclisme","27":"tag-ffc","28":"tag-flandres","29":"tag-fr","30":"tag-france","31":"tag-live","32":"tag-live-course","33":"tag-live-epreuve","34":"tag-peloton","35":"tag-radio-peloton","36":"tag-radio-tour","37":"tag-ravitaillement","38":"tag-relance","39":"tag-sports","40":"tag-uci","41":"tag-velo","42":"tag-velos"},"share_on_mastodon":{"url":"https:\/\/pubeurope.com\/@fr\/115604599965425561","error":""},"_links":{"self":[{"href":"https:\/\/www.europesays.com\/fr\/wp-json\/wp\/v2\/posts\/555334","targetHints":{"allow":["GET"]}}],"collection":[{"href":"https:\/\/www.europesays.com\/fr\/wp-json\/wp\/v2\/posts"}],"about":[{"href":"https:\/\/www.europesays.com\/fr\/wp-json\/wp\/v2\/types\/post"}],"author":[{"embeddable":true,"href":"https:\/\/www.europesays.com\/fr\/wp-json\/wp\/v2\/users\/2"}],"replies":[{"embeddable":true,"href":"https:\/\/www.europesays.com\/fr\/wp-json\/wp\/v2\/comments?post=555334"}],"version-history":[{"count":0,"href":"https:\/\/www.europesays.com\/fr\/wp-json\/wp\/v2\/posts\/555334\/revisions"}],"wp:featuredmedia":[{"embeddable":true,"href":"https:\/\/www.europesays.com\/fr\/wp-json\/wp\/v2\/media\/555335"}],"wp:attachment":[{"href":"https:\/\/www.europesays.com\/fr\/wp-json\/wp\/v2\/media?parent=555334"}],"wp:term":[{"taxonomy":"category","embeddable":true,"href":"https:\/\/www.europesays.com\/fr\/wp-json\/wp\/v2\/categories?post=555334"},{"taxonomy":"post_tag","embeddable":true,"href":"https:\/\/www.europesays.com\/fr\/wp-json\/wp\/v2\/tags?post=555334"}],"curies":[{"name":"wp","href":"https:\/\/api.w.org\/{rel}","templated":true}]}}