{"id":555340,"date":"2025-11-24T12:11:13","date_gmt":"2025-11-24T12:11:13","guid":{"rendered":"https:\/\/www.europesays.com\/fr\/555340\/"},"modified":"2025-11-24T12:11:13","modified_gmt":"2025-11-24T12:11:13","slug":"caussade-entre-la-matiere-et-la-toile-les-emotions","status":"publish","type":"post","link":"https:\/\/www.europesays.com\/fr\/555340\/","title":{"rendered":"Caussade. Entre la mati\u00e8re et la toile, les \u00e9motions"},"content":{"rendered":"<p>Invit\u00e9e par l\u2019association Pigment 82 organisatrice d\u2019Art-Quercy, ch\u00e8re \u00e0 Genevi\u00e8ve et Jean-Pierre Condette, l\u2019artiste peintre Sophie Spatarakis expose une s\u00e9lection de ses derni\u00e8res cr\u00e9ations picturales \u00e0 la Table d\u2019Alice, rue Moissagaise \u00e0 Caussade.<\/p>\n<p>Les visiteurs pourront, entre autres, d\u00e9couvrir la s\u00e9rie des Ba\u00efnes, un tourbillon de pulsions \u00e9motionnelles mat\u00e9rialis\u00e9es sur des toiles de lin vierges tr\u00e8s longtemps rest\u00e9es dans un placard, arriv\u00e9es au bout de leur parcours ; d\u2019autres cr\u00e9ations comme \u00ab\u00a0Peau d\u2019\u00c2me\u00a0\u00bb ou \u00ab\u00a0Jardin secret\u00a0\u00bb, ou bien encore les \u00ab\u00a0Mini\u2019akis\u00a0\u00bb. Sophie commente : \u00ab\u00a0\u00c0 travers mes tableaux, j\u2019exprime ce que je ressens, je cherche un \u00e9quilibre, une beaut\u00e9, un souffle et laisse libre cours \u00e0 ma cr\u00e9ativit\u00e9 sans savoir \u00e0 l\u2019avance o\u00f9 cela va la mener\u2026 et toujours en qu\u00eate d\u2019autre chose, d\u2019aller plus loin, d\u2019explorer et d\u00e9couvrir mon art, mon art, mon \u00e2me &#8230; comme un miroir. Je cherche \u00e0 d\u00e9couvrir l\u2019art et le langage qui se cachent au plus profond de moi dans un dialogue entre la toile, la mati\u00e8re et moi. Je ne sais pas ce que je vais d\u00e9couvrir quand je commence une toile. Je me laisse guider par mon instinct et laisse mon \u00e2me s\u2019exprimer librement. Je suis autodidacte et je d\u00e9couvre mes propres techniques au fur et \u00e0 mesure, toujours curieuse de voir ce qui va sortir de ma cr\u00e9ativit\u00e9. Mon univers c\u2019est la mati\u00e8re, ce sont les couleurs, les contrastes, les nuances, les vides, les pleins, les dialogues entre les couleurs entre les mati\u00e8res, entre les tons, entre le chaud et le froid. Ce sont les \u00e9motions, ce sont les vibrations, telles un dialogue entre soi et soi, entre soi et la mati\u00e8re, entre soi et la toile, entre les toiles et la couleur, entre le spirituel et le concret\u00a0\u00bb. <\/p>\n<p>L\u2019exposition visible jusqu\u2019\u00e0 la mi-janvier 2026 aux jours et horaires d\u2019ouverture du restaurant. Internet : <a href=\"https:\/\/www.instagram.com\/sophie_spatarakis\/\" target=\"_blank\" rel=\"nofollow noopener\">www.instagram.com\/sophie_spatarakis\/<\/a><\/p>\n<p>                                                                                                                                                                                                        <script async src=\"\/\/www.instagram.com\/embed.js\"><\/script><\/p>\n","protected":false},"excerpt":{"rendered":"Invit\u00e9e par l\u2019association Pigment 82 organisatrice d\u2019Art-Quercy, ch\u00e8re \u00e0 Genevi\u00e8ve et Jean-Pierre Condette, l\u2019artiste peintre Sophie Spatarakis expose&hellip;\n","protected":false},"author":2,"featured_media":555341,"comment_status":"","ping_status":"","sticky":false,"template":"","format":"standard","meta":{"footnotes":""},"categories":[1358],"tags":[1348,1384,1385,1386,58,59,1011,27],"class_list":{"0":"post-555340","1":"post","2":"type-post","3":"status-publish","4":"format-standard","5":"has-post-thumbnail","7":"category-arts-et-design","8":"tag-arts","9":"tag-arts-and-design","10":"tag-arts-et-design","11":"tag-design","12":"tag-divertissement","13":"tag-entertainment","14":"tag-fr","15":"tag-france"},"share_on_mastodon":{"url":"https:\/\/pubeurope.com\/@fr\/115604611600074144","error":""},"_links":{"self":[{"href":"https:\/\/www.europesays.com\/fr\/wp-json\/wp\/v2\/posts\/555340","targetHints":{"allow":["GET"]}}],"collection":[{"href":"https:\/\/www.europesays.com\/fr\/wp-json\/wp\/v2\/posts"}],"about":[{"href":"https:\/\/www.europesays.com\/fr\/wp-json\/wp\/v2\/types\/post"}],"author":[{"embeddable":true,"href":"https:\/\/www.europesays.com\/fr\/wp-json\/wp\/v2\/users\/2"}],"replies":[{"embeddable":true,"href":"https:\/\/www.europesays.com\/fr\/wp-json\/wp\/v2\/comments?post=555340"}],"version-history":[{"count":0,"href":"https:\/\/www.europesays.com\/fr\/wp-json\/wp\/v2\/posts\/555340\/revisions"}],"wp:featuredmedia":[{"embeddable":true,"href":"https:\/\/www.europesays.com\/fr\/wp-json\/wp\/v2\/media\/555341"}],"wp:attachment":[{"href":"https:\/\/www.europesays.com\/fr\/wp-json\/wp\/v2\/media?parent=555340"}],"wp:term":[{"taxonomy":"category","embeddable":true,"href":"https:\/\/www.europesays.com\/fr\/wp-json\/wp\/v2\/categories?post=555340"},{"taxonomy":"post_tag","embeddable":true,"href":"https:\/\/www.europesays.com\/fr\/wp-json\/wp\/v2\/tags?post=555340"}],"curies":[{"name":"wp","href":"https:\/\/api.w.org\/{rel}","templated":true}]}}