{"id":555358,"date":"2025-11-24T12:21:21","date_gmt":"2025-11-24T12:21:21","guid":{"rendered":"https:\/\/www.europesays.com\/fr\/555358\/"},"modified":"2025-11-24T12:21:21","modified_gmt":"2025-11-24T12:21:21","slug":"teheran-condamne-lassassinat-par-israel-du-chef-du-hezbollah-au-liban","status":"publish","type":"post","link":"https:\/\/www.europesays.com\/fr\/555358\/","title":{"rendered":"T\u00e9h\u00e9ran condamne l\u2019assassinat par Isra\u00ebl du chef du Hezbollah au Liban"},"content":{"rendered":"<p> \u00abLe minist\u00e8re iranien des Affaires \u00e9trang\u00e8res condamne fermement l\u2019assassinat l\u00e2che du grand commandant de la r\u00e9sistance islamique libanaise, le martyr Haitham Ali Tabatabai\u00a0\u00bb, a d\u00e9clar\u00e9 lundi la diplomatie iranienne dans un communiqu\u00e9. La veille, le chef militaire du <a href=\"https:\/\/www.20minutes.fr\/monde\/hezbollah\/\" class=\"c-link c-link--is-underlined\" target=\"_blank\" rel=\"noopener\">Hezbollah<\/a>, formation chiite alli\u00e9e de T\u00e9h\u00e9ran, <a href=\"https:\/\/www.20minutes.fr\/monde\/israel\/4187352-20251123-proche-orient-israel-frappe-immeuble-residentiel-viser-chef-etat-major-hezbollah\" class=\"c-link c-link--is-underlined\" target=\"_blank\" rel=\"noopener\">a \u00e9t\u00e9 tu\u00e9 lors d\u2019une frappe isra\u00e9lienne <\/a>dans la banlieue sud de <a href=\"https:\/\/www.20minutes.fr\/monde\/beyrouth\/\" class=\"c-link c-link--is-underlined\" target=\"_blank\" rel=\"noopener\">Beyrouth<\/a>.<\/p>\n<p>Tabatabai, pr\u00e9sent\u00e9 par Isra\u00ebl comme le \u00ab\u00a0chef d\u2019\u00e9tat-major du Hezbollah\u00a0\u00bb, est le plus important responsable du mouvement libanais \u00e0 \u00eatre tu\u00e9 depuis le cessez-le-feu entr\u00e9 en vigueur il y a pr\u00e8s d\u2019un an, en d\u00e9pit duquel Isra\u00ebl poursuit ses <a href=\"https:\/\/www.20minutes.fr\/monde\/4186472-20251119-liban-moins-13-morts-frappes-israeliennes-camp-refugies-palestiniens\" class=\"c-link c-link--is-underlined\" target=\"_blank\" rel=\"noopener\">frappes au Liban<\/a>.<\/p>\n<p>\u00ab\u00a0Violation flagrante du cessez-le-feu\u00a0\u00bb<\/p>\n<p>Fond\u00e9 et financ\u00e9 par l\u2019Iran, le Hezbollah a \u00e9t\u00e9 tr\u00e8s affaibli par sa derni\u00e8re guerre avec Isra\u00ebl et par la chute en d\u00e9cembre de son alli\u00e9 Bachar al-Assad en <a href=\"https:\/\/www.20minutes.fr\/monde\/syrie\/\" class=\"c-link c-link--is-underlined\" target=\"_blank\" rel=\"noopener\">Syrie<\/a>. L\u2019assassinat de Tabatabai \u00ab\u00a0constitue une violation flagrante du cessez-le-feu de novembre\u00a02024 et une atteinte brutale \u00e0 la souverainet\u00e9 nationale du Liban\u00a0\u00bb, a ajout\u00e9 la diplomatie iranienne.<\/p>\n<\/p>\n<p>Tabatabai avait \u00e9t\u00e9 promu chef militaire du Hezbollah apr\u00e8s la mort des principaux responsables militaires du mouvement durant la guerre avec Isra\u00ebl. L\u2019Iran a \u00e9galement \u00e9t\u00e9 frapp\u00e9 par des raids isra\u00e9liens et am\u00e9ricains sur ses installations nucl\u00e9aires lors d\u2019une guerre de douze jours avec Isra\u00ebl d\u00e9clench\u00e9e par une attaque isra\u00e9lienne en juin.<\/p>\n","protected":false},"excerpt":{"rendered":"\u00abLe minist\u00e8re iranien des Affaires \u00e9trang\u00e8res condamne fermement l\u2019assassinat l\u00e2che du grand commandant de la r\u00e9sistance islamique libanaise,&hellip;\n","protected":false},"author":2,"featured_media":555359,"comment_status":"","ping_status":"","sticky":false,"template":"","format":"standard","meta":{"footnotes":""},"categories":[5],"tags":[47,11,1011,27,7295,14,3019,664,12404,74,12,10734,28],"class_list":{"0":"post-555358","1":"post","2":"type-post","3":"status-publish","4":"format-standard","5":"has-post-thumbnail","7":"category-international","8":"tag-actualite","9":"tag-actualites","10":"tag-fr","11":"tag-france","12":"tag-hezbollah","13":"tag-international","14":"tag-iran","15":"tag-israel","16":"tag-liban","17":"tag-monde","18":"tag-news","19":"tag-teheran","20":"tag-world"},"share_on_mastodon":{"url":"https:\/\/pubeurope.com\/@fr\/115604651096580113","error":""},"_links":{"self":[{"href":"https:\/\/www.europesays.com\/fr\/wp-json\/wp\/v2\/posts\/555358","targetHints":{"allow":["GET"]}}],"collection":[{"href":"https:\/\/www.europesays.com\/fr\/wp-json\/wp\/v2\/posts"}],"about":[{"href":"https:\/\/www.europesays.com\/fr\/wp-json\/wp\/v2\/types\/post"}],"author":[{"embeddable":true,"href":"https:\/\/www.europesays.com\/fr\/wp-json\/wp\/v2\/users\/2"}],"replies":[{"embeddable":true,"href":"https:\/\/www.europesays.com\/fr\/wp-json\/wp\/v2\/comments?post=555358"}],"version-history":[{"count":0,"href":"https:\/\/www.europesays.com\/fr\/wp-json\/wp\/v2\/posts\/555358\/revisions"}],"wp:featuredmedia":[{"embeddable":true,"href":"https:\/\/www.europesays.com\/fr\/wp-json\/wp\/v2\/media\/555359"}],"wp:attachment":[{"href":"https:\/\/www.europesays.com\/fr\/wp-json\/wp\/v2\/media?parent=555358"}],"wp:term":[{"taxonomy":"category","embeddable":true,"href":"https:\/\/www.europesays.com\/fr\/wp-json\/wp\/v2\/categories?post=555358"},{"taxonomy":"post_tag","embeddable":true,"href":"https:\/\/www.europesays.com\/fr\/wp-json\/wp\/v2\/tags?post=555358"}],"curies":[{"name":"wp","href":"https:\/\/api.w.org\/{rel}","templated":true}]}}