{"id":555361,"date":"2025-11-24T12:23:15","date_gmt":"2025-11-24T12:23:15","guid":{"rendered":"https:\/\/www.europesays.com\/fr\/555361\/"},"modified":"2025-11-24T12:23:15","modified_gmt":"2025-11-24T12:23:15","slug":"la-presse-madrilene-remontee-contre-lentraineur-du-real-le-seul-et-unique-coupable-cest-xabi-alonso-lequipe","status":"publish","type":"post","link":"https:\/\/www.europesays.com\/fr\/555361\/","title":{"rendered":"La presse madril\u00e8ne remont\u00e9e contre l&#039;entra\u00eeneur du Real : \u00ab Le seul et unique coupable, c&#039;est Xabi Alonso \u00bb &#8211; L&#039;\u00c9quipe"},"content":{"rendered":"<ol>\n<li><a href=\"https:\/\/news.google.com\/rss\/articles\/CBMi5wFBVV95cUxPNGV0TFpRakotLUdILVVvZTJZNXRDdlFfd3ZndHF0TEdjaXJ4NnVIcW5SX3BibW1GamM1QWpPNGlxTHZORDM2aXJLN2gxVzFPLVdNeHFBRHBTck0tWlRCZzZnOWl5Q09kcWxDRE9GNTFlREM3bmZQNDZTMmQyMERlWGZKZHBZcllJRlhraktwdjdDbC12UFQ0dFdIRkhab29RUV9VWHJSRGV1aWw4Q3pZakxkVjZUUlBfbXFBRWlkMU9YaEhDN0RsZUh5UWJzbi1GdmVETnpRVElsSDBFTVItbXpESDJjNXM?oc=5\" target=\"_blank\" rel=\"noopener\">La presse madril\u00e8ne remont\u00e9e contre l&rsquo;entra\u00eeneur du Real : \u00ab Le seul et unique coupable, c&rsquo;est Xabi Alonso \u00bb<\/a>&nbsp;&nbsp;L&rsquo;\u00c9quipe<\/li>\n<li><a href=\"https:\/\/news.google.com\/rss\/articles\/CBMiogFBVV95cUxPQjJZQ1FiVDVQMEtiZlhLYmVVTENjekdsUVc3UUZYOG14WnJESzJ3V25XalN3ZVkyeEpVaE5lX1h2TlFXUDlEYmh0ajlXcVJrX2RPRThCZG56enlpSDZ1SUJnUFZRVGw4NW1RS3R0Qmh1RGd4RDFXd3pKNDFjZHc0ZEFjcENHYkdMUFVwM0JaUlEzc1hIWFd5dEVMSzNJcVQtWFE?oc=5\" target=\"_blank\" rel=\"noopener\">Real Madrid : Xabi Alonso a recadr\u00e9 un joueur \u00e0 Elche<\/a>&nbsp;&nbsp;Foot Mercato<\/li>\n<li><a href=\"https:\/\/news.google.com\/rss\/articles\/CBMi9gFBVV95cUxQYzBnS0o0ZjlTTEFkY3BDNEstUnlkemgyaGxPNF9qaFZvQzNhRXhNTEhiT28yYzREQnRwZlpPTmtDYldBVTVtUUVvMFR2TnVQWVFVd0FEOEpnQVBBT1diRWpLTFctVzgzd1dNd1VLeVpUN201Vk1XTmx2a19PdG9INHhHT3NNaVltSGVwSlFQTWJwcVdKdzF5MlVreFlFUUtXTUt4Q01Rb19NRjljS25ySHZJVEVYWHhlQnRsM21WUTl6eTFPdTNMUlpGbHhuQ1NQVWZaeFNnYmVhb25YRVZpVWxGNEpMUVpBdTc2TktZS2FpYmlZRFE?oc=5\" target=\"_blank\" rel=\"noopener\">\u00ab\u00a0Ils sont trop d\u00e9pendants de Mbapp\u00e9 et Courtois\u00a0\u00bb, pourquoi le Real \u00ab\u00a0r\u00e9gresse\u00a0\u00bb et inqui\u00e8te en Espagne<\/a>&nbsp;&nbsp;RMC Sport<\/li>\n<li><a href=\"https:\/\/news.google.com\/rss\/articles\/CBMigAFBVV95cUxON2w0a0JPanRReG95Z3BON1JPYlRfM2JzYlNBMVhWNFdDMlhnSDFZZThGV3l2YjNXQlluS3dOTG9rRUxjWFMwbkpNMmJYd1lfd1dMNTNIY3c2ZkhxdjRMS0ZBSG1PWWUzY3dxdlZ0SlNlWGkxdDJzb2UySG5Wel9iVg?oc=5\" target=\"_blank\" rel=\"noopener\">Kylian Mbapp\u00e9 : Xabi Alonso appelle au secours<\/a>&nbsp;&nbsp;Foot01<\/li>\n<li><a href=\"https:\/\/news.google.com\/rss\/articles\/CBMi5AFBVV95cUxOZ0FaTUczY3RmeFpncjVUTE5WS1dXYWlqZnRtUUF1ZXFYeG1xaXZpNzdjSjM0TGZtemRVcDdwN25teWMyc0ZiSGl6Nk5XQ1RQbWY3eDlra2NzSlFUaEhFS3NBcFR0Q1ZIa0R1XzljRFZPTi1xWGlwd0hlZGhoOVpPdUhSbkNaQ2pwTzBBRG96dXdHOVcwQktvTE5QaFIyR0l1WWZiT0ZSQnR2cC02VTdqd2xpZVBuM0FSR0IzSkd4cWl1MXJVdll5S3A2dnZ3aXB3TzZ4NnQwV3lJX1dmOWUwMGExaEg?oc=5\" target=\"_blank\" rel=\"noopener\">Real Madrid &#8211; Xabi Alonso pas satisfait mais retient que son \u00e9quipe n&rsquo;a pas baiss\u00e9 les bras<\/a>&nbsp;&nbsp;Sports &#8211; Orange<\/li>\n<\/ol>\n","protected":false},"excerpt":{"rendered":"La presse madril\u00e8ne remont\u00e9e contre l&rsquo;entra\u00eeneur du Real : \u00ab Le seul et unique coupable, c&rsquo;est Xabi Alonso&hellip;\n","protected":false},"author":2,"featured_media":555362,"comment_status":"","ping_status":"","sticky":false,"template":"","format":"standard","meta":{"footnotes":""},"categories":[2],"tags":[11,1011,27,12],"class_list":{"0":"post-555361","1":"post","2":"type-post","3":"status-publish","4":"format-standard","5":"has-post-thumbnail","7":"category-actualites","8":"tag-actualites","9":"tag-fr","10":"tag-france","11":"tag-news"},"share_on_mastodon":{"url":"https:\/\/pubeurope.com\/@fr\/115604658944089609","error":""},"_links":{"self":[{"href":"https:\/\/www.europesays.com\/fr\/wp-json\/wp\/v2\/posts\/555361","targetHints":{"allow":["GET"]}}],"collection":[{"href":"https:\/\/www.europesays.com\/fr\/wp-json\/wp\/v2\/posts"}],"about":[{"href":"https:\/\/www.europesays.com\/fr\/wp-json\/wp\/v2\/types\/post"}],"author":[{"embeddable":true,"href":"https:\/\/www.europesays.com\/fr\/wp-json\/wp\/v2\/users\/2"}],"replies":[{"embeddable":true,"href":"https:\/\/www.europesays.com\/fr\/wp-json\/wp\/v2\/comments?post=555361"}],"version-history":[{"count":0,"href":"https:\/\/www.europesays.com\/fr\/wp-json\/wp\/v2\/posts\/555361\/revisions"}],"wp:featuredmedia":[{"embeddable":true,"href":"https:\/\/www.europesays.com\/fr\/wp-json\/wp\/v2\/media\/555362"}],"wp:attachment":[{"href":"https:\/\/www.europesays.com\/fr\/wp-json\/wp\/v2\/media?parent=555361"}],"wp:term":[{"taxonomy":"category","embeddable":true,"href":"https:\/\/www.europesays.com\/fr\/wp-json\/wp\/v2\/categories?post=555361"},{"taxonomy":"post_tag","embeddable":true,"href":"https:\/\/www.europesays.com\/fr\/wp-json\/wp\/v2\/tags?post=555361"}],"curies":[{"name":"wp","href":"https:\/\/api.w.org\/{rel}","templated":true}]}}