{"id":555363,"date":"2025-11-24T12:24:17","date_gmt":"2025-11-24T12:24:17","guid":{"rendered":"https:\/\/www.europesays.com\/fr\/555363\/"},"modified":"2025-11-24T12:24:17","modified_gmt":"2025-11-24T12:24:17","slug":"detachee-de-kpmg-rydge-conseil-se-met-aussi-en-piste-depuis-la-loire","status":"publish","type":"post","link":"https:\/\/www.europesays.com\/fr\/555363\/","title":{"rendered":"D\u00e9tach\u00e9e de KPMG, Rydge Conseil se met aussi en piste depuis la Loire"},"content":{"rendered":"<p class=\"is-style-chapo\">Mais son \u00ab\u00a0Hub\u00a0\u00bb ID&amp;AL \u2013 pour Is\u00e8re, Dr\u00f4me &amp; Ard\u00e8che, Loire \u2013 n\u2019est pas exclusif au d\u00e9partement, comme l\u2019indique cette d\u00e9clinaison, bien que sa soir\u00e9e de lancement ait eu lieu jeudi, depuis le Carr\u00e9 Obut de Saint-Bonnet-le-Ch\u00e2teau. Des\u00a0hubs de ce type, Rydge en compte d\u2019ailleurs 43 \u00e0 l\u2019\u00e9chelle du pays \u00e0 la suite de sa prise d\u2019ind\u00e9pendance en 2025 de KPMG. Plus que de la seule expertise comptable, il se pr\u00e9sente comme un vaste cabinet conseil aux savoir-faire mutualis\u00e9s aux entrepreneurs tourn\u00e9 vers les TPE \/ PME.<\/p>\n<p><img fetchpriority=\"high\" decoding=\"async\" width=\"1024\" height=\"576\" src=\"https:\/\/www.europesays.com\/fr\/wp-content\/uploads\/2025\/11\/thumbnail_20251120_180001-1024x576.jpg\" alt=\"\" class=\"wp-image-81110\"  \/>Le \u00ab\u00a0Hub\u00a0\u00bb ID&amp;AL \u2013 pour Is\u00e8re, Dr\u00f4me, Ard\u00e8che et Loire \u2013 de Rydge Conseil a effectu\u00e9 une soir\u00e9e de lancement au Carr\u00e9 P\u00e9tanque d\u2019Obut le 20 novembre. \u00a9If Saint-Etienne \/ XA<\/p>\n<p>Pas f\u00e2ch\u00e9s mais ils se sont quitt\u00e9s. \u00ab\u00a0Depuis le d\u00e9but de l\u2019ann\u00e9e,\u00a0l\u2019ensemble de l\u2019entit\u00e9 KPMG d\u00e9di\u00e9e aux TPE, PME et ETI familiales en France\u00a0s\u2019est d\u00e9tach\u00e9 du groupe KPMG pour devenir\u00a0Rydge Conseil, un cabinet ind\u00e9pendant au service des entrepreneurs.\u00a0\u00bb Cet \u00ab\u00a0ensemble\u00a0\u00bb, c\u2019est un (ex) gros morceau fran\u00e7ais de KPMG qui vole donc d\u00e9sormais de ses propres ailes avec ses propres orientations. Officiellement depuis d\u00e9j\u00e0 plusieurs mois\u00a0: 200 sites locaux, 4 500 collaborateurs, 450 M\u20ac de chiffre d\u2019affaires et pas moins de 100 000 clients.<\/p>\n<p>\u00ab\u00a0Depuis les ann\u00e9es 2010, il y avait cette observation montante que notre quotidien divergeait toujours plus de la ligne g\u00e9n\u00e9rale de KPMG, tr\u00e8s tourn\u00e9e vers l\u2019audit et les grandes entreprises, les groupes. Il faut dire qu\u2019avoir des cabinets s\u2019adressant, aussi, de mani\u00e8re tr\u00e8s large aux TPE, PME, ETI familiales \u00e9tait une sp\u00e9cificit\u00e9 fran\u00e7aise du r\u00e9seau international de KPMG. Cela a donc fini par d\u00e9boucher par la d\u00e9cision de cr\u00e9er en France Rydge Conseil\u00a0\u00bb, explique Eric Vial expert-comptable associ\u00e9, directeur du Hub ID&amp;AL. L\u2019un des 43 de Rydge Conseil \u00e0 l\u2019\u00e9chelle nationale. ID&amp;AL, appellation d\u00e9clinant sa pr\u00e9sence dans l\u2019Is\u00e8re, la Dr\u00f4me, l\u2019Ard\u00e8che et donc la Loire, compte ainsi des bureaux \u00e0 Saint-Etienne, mais aussi Roanne, Valence, Annonay, Saint-Marcellin (sud Gr\u00e9sivaudan), Montelimar permettant de mutualiser les comp\u00e9tences particuli\u00e8res des uns et des autres, tout en s\u2019adressant aux entrepreneurs locaux. \u00a0<\/p>\n<p>Retour aux \u00ab\u00a0sources\u00a0\u00bb pour Rydge<\/p>\n<p>Des bureaux qui totalisent pas loin d\u2019une centaine de collaborateurs pour 9 M\u20ac de CA cumul\u00e9s en 2024\/25. Rydge Conseil, qui, \u00e0 travers ses hubs, fonctionne comme une seule soci\u00e9t\u00e9 avec ses \u00e9tablissements secondaires, constitue, finalement, une sorte de retour aux \u00ab\u00a0sources\u00a0\u00bb, de \u00ab\u00a0l\u2019avant\u00a0\u00bb KPMG. Celles du cabinet\u00a0\u00ab\u00a0Fiduciaire de France\u00a0\u00bb, cr\u00e9\u00e9 \u00e0\u00a0Grenoble\u00a0en 1921, ayant d\u00e9j\u00e0 pour originalit\u00e9 de r\u00e9unir experts-comptables, commissaires aux comptes, conseillers juridiques et conseillers fiscaux au sein d\u2019une m\u00eame entit\u00e9. Il avait int\u00e9gr\u00e9 \u00e0 la fin des ann\u00e9es 1970 l\u2019immense r\u00e9seau international de cabinets d\u2019audit\u00a0et de\u00a0conseil\u00a0exer\u00e7ant dans 142\u00a0pays KPMG\u00a0(275\u00a0000 personnes et un chiffre d\u2019affaires se comptant en dizaine de milliards de dollars).<\/p>\n<blockquote class=\"wp-block-quote is-layout-flow wp-block-quote-is-layout-flow\">\n<p>Cela r\u00e9pond aussi \u00e0 une complexification de la gestion \u00e9conomique, des r\u00e9glementations, des normes, de la fiscialit\u00e9 auxquels sont soumis les entrepreneurs.<\/p>\n<\/blockquote>\n<p>Mais \u00ab\u00a0cela fait bien 2 \/ 3 ans que cette s\u00e9paration \u00e9tait en discussion, pr\u00e9cise \u00e0 If Jean-Laurent Just, expert-comptable, r\u00e9f\u00e9rent Conseil Patrimonial de <a href=\"https:\/\/www.rydge.fr\/\" target=\"_blank\" rel=\"noreferrer noopener\">Rydge<\/a> \u00e0 Saint-Etienne. Cela r\u00e9pond aussi \u00e0 une complexification de la gestion \u00e9conomique, des r\u00e9glementations, des normes, de la fiscialit\u00e9 auxquels sont soumis les entrepreneurs, a fortiori, ceux des TPE, PME et ETI familiales. Nous r\u00e9pondons \u00e0 la solitude du dirigeant confront\u00e9 \u00e0 cela. Les demandes sont de plus en plus particuli\u00e8res, globales, et ne s\u2019arr\u00eatent bien s\u00fbr pas qu\u2019\u00e0 la seule <a href=\"https:\/\/www.if-saint-etienne.fr\/?s=experts+comptables\" target=\"_blank\" rel=\"noreferrer noopener\">expertise comptable<\/a>, l\u2019audit et certification de comptes (gestion de patrimoine, gestion sociale, juridique, fiscalit\u00e9 etc, Ndlr). Un hub permet de r\u00e9pondre \u00e0 un maximum de sollicitations en faisant appel \u00e0 un bureau membre si besoin. Mais aussi de se former les uns les autres via une acad\u00e9mie.\u00a0\u00bb<\/p>\n<p>D\u2019o\u00f9 le slogan, aussi\u00a0: Eclairer, Entreprendre, R\u00e9ussir. Les notions de \u00ab\u00a0pont\u00a0\u00bb et de \u00ab\u00a0cr\u00e8te\u00a0\u00bb \u2013 respectivement bridge et ridge en Anglais \u2013 ne sont d\u2019ailleurs pas \u00e9trang\u00e8res au choix de l\u2019appellation nationale de la nouvelle entit\u00e9 annonc\u00e9e aux clients enjanvier. Dix mois plus tard, jeudi dernier, c\u2019\u00e9tait donc le grand soir du lancement symbolique \u00e0 Saint-Bonnet-le-Ch\u00e2teau au Carr\u00e9 P\u00e9tanque <a href=\"https:\/\/www.if-saint-etienne.fr\/tag\/obut\" target=\"_blank\" rel=\"noreferrer noopener\">Obut<\/a> \u2013 \u00e9crin choisi pour son symbole d\u2019entreprise locale, \u00e0 taille humaine et performante \u2013 du hub ID&amp;AL r\u00e9unissant associ\u00e9s, collaborateurs et clients. \u00ab\u00a0Ce lancement marque la continuit\u00e9 d\u2019une histoire locale forte, avec la volont\u00e9 d\u2019\u00eatre encore plus pr\u00e9sents, plus agiles et plus engag\u00e9s au service de celles et ceux qui font vivre l\u2019\u00e9conomie lig\u00e9rienne. Au sein du Hub ID&amp;AL, nous avons tiss\u00e9 un r\u00e9seau d\u2019expert locaux et de proximit\u00e9 fort, qui vient appuyer les \u00e9quipes locales \u00bb, souligne \u00c9ric Vial.<\/p>\n","protected":false},"excerpt":{"rendered":"Mais son \u00ab\u00a0Hub\u00a0\u00bb ID&amp;AL \u2013 pour Is\u00e8re, Dr\u00f4me &amp; Ard\u00e8che, Loire \u2013 n\u2019est pas exclusif au d\u00e9partement, comme&hellip;\n","protected":false},"author":2,"featured_media":555364,"comment_status":"","ping_status":"","sticky":false,"template":"","format":"standard","meta":{"footnotes":""},"categories":[9653],"tags":[1111,11,2430,67290,1777,674,11536,18571,1011,27,67291,67292,12,25,67293,4001],"class_list":{"0":"post-555363","1":"post","2":"type-post","3":"status-publish","4":"format-standard","5":"has-post-thumbnail","7":"category-saint-etienne","8":"tag-actu","9":"tag-actualites","10":"tag-auvergne-rhone-alpes","11":"tag-conseil-aux-entreprises","12":"tag-eu","13":"tag-europe","14":"tag-evolutif","15":"tag-experts-comptables","16":"tag-fr","17":"tag-france","18":"tag-hub-idal","19":"tag-kpmg","20":"tag-news","21":"tag-republique-francaise","22":"tag-rydge","23":"tag-saint-etienne"},"share_on_mastodon":{"url":"https:\/\/pubeurope.com\/@fr\/115604664103927053","error":""},"_links":{"self":[{"href":"https:\/\/www.europesays.com\/fr\/wp-json\/wp\/v2\/posts\/555363","targetHints":{"allow":["GET"]}}],"collection":[{"href":"https:\/\/www.europesays.com\/fr\/wp-json\/wp\/v2\/posts"}],"about":[{"href":"https:\/\/www.europesays.com\/fr\/wp-json\/wp\/v2\/types\/post"}],"author":[{"embeddable":true,"href":"https:\/\/www.europesays.com\/fr\/wp-json\/wp\/v2\/users\/2"}],"replies":[{"embeddable":true,"href":"https:\/\/www.europesays.com\/fr\/wp-json\/wp\/v2\/comments?post=555363"}],"version-history":[{"count":0,"href":"https:\/\/www.europesays.com\/fr\/wp-json\/wp\/v2\/posts\/555363\/revisions"}],"wp:featuredmedia":[{"embeddable":true,"href":"https:\/\/www.europesays.com\/fr\/wp-json\/wp\/v2\/media\/555364"}],"wp:attachment":[{"href":"https:\/\/www.europesays.com\/fr\/wp-json\/wp\/v2\/media?parent=555363"}],"wp:term":[{"taxonomy":"category","embeddable":true,"href":"https:\/\/www.europesays.com\/fr\/wp-json\/wp\/v2\/categories?post=555363"},{"taxonomy":"post_tag","embeddable":true,"href":"https:\/\/www.europesays.com\/fr\/wp-json\/wp\/v2\/tags?post=555363"}],"curies":[{"name":"wp","href":"https:\/\/api.w.org\/{rel}","templated":true}]}}