{"id":555367,"date":"2025-11-24T12:27:16","date_gmt":"2025-11-24T12:27:16","guid":{"rendered":"https:\/\/www.europesays.com\/fr\/555367\/"},"modified":"2025-11-24T12:27:16","modified_gmt":"2025-11-24T12:27:16","slug":"photos-la-demolition-de-lancienne-caserne-de-pompiers-au-centre-de-nancy-marque-la-fin-dune-epoque","status":"publish","type":"post","link":"https:\/\/www.europesays.com\/fr\/555367\/","title":{"rendered":"Photos. La d\u00e9molition de l&rsquo;ancienne caserne de pompiers au centre de Nancy marque la fin d&rsquo;une \u00e9poque"},"content":{"rendered":"<p>Sur le boulevard Joffre, \u00e0 Nancy, <a href=\"https:\/\/www.estrepublicain.fr\/economie\/2025\/10\/12\/le-point-sur-l-ancienne-caserne-de-pompiers-qui-sera-bientot-rasee\" target=\"_blank\" rel=\"noopener\">l&rsquo;ancienne caserne de pompiers<\/a> s&rsquo;efface peu \u00e0 peu. La d\u00e9molition, pr\u00e9vue dans le cadre du projet de transformation du quartier Nancy Centre-Gare, avance. A\u00a0cette d\u00e9molition de structure, s&rsquo;ajoute la r\u00e9cup\u00e9ration des mat\u00e9riaux, l&rsquo;\u00e9vacuation des gravats et le nettoyage du site, pour une\u00a0fin de chantier estim\u00e9e \u00e0 d\u00e9but 2026.\u00a0<\/p>\n","protected":false},"excerpt":{"rendered":"Sur le boulevard Joffre, \u00e0 Nancy, l&rsquo;ancienne caserne de pompiers s&rsquo;efface peu \u00e0 peu. La d\u00e9molition, pr\u00e9vue dans&hellip;\n","protected":false},"author":2,"featured_media":555368,"comment_status":"","ping_status":"","sticky":false,"template":"","format":"standard","meta":{"footnotes":""},"categories":[9635],"tags":[1111,11,1704,436,1777,674,1011,27,5325,2798,775,1702,12,2661,25,273,104],"class_list":{"0":"post-555367","1":"post","2":"type-post","3":"status-publish","4":"format-standard","5":"has-post-thumbnail","7":"category-nancy","8":"tag-actu","9":"tag-actualites","10":"tag-edition-nancy-et-agglomeration","11":"tag-environnement","12":"tag-eu","13":"tag-europe","14":"tag-fr","15":"tag-france","16":"tag-galerie-media","17":"tag-galerie-photo","18":"tag-grand-est","19":"tag-nancy","20":"tag-news","21":"tag-patrimoine-culturel","22":"tag-republique-francaise","23":"tag-selection-de-la-redaction","24":"tag-societe"},"share_on_mastodon":{"url":"https:\/\/pubeurope.com\/@fr\/115604674739797931","error":""},"_links":{"self":[{"href":"https:\/\/www.europesays.com\/fr\/wp-json\/wp\/v2\/posts\/555367","targetHints":{"allow":["GET"]}}],"collection":[{"href":"https:\/\/www.europesays.com\/fr\/wp-json\/wp\/v2\/posts"}],"about":[{"href":"https:\/\/www.europesays.com\/fr\/wp-json\/wp\/v2\/types\/post"}],"author":[{"embeddable":true,"href":"https:\/\/www.europesays.com\/fr\/wp-json\/wp\/v2\/users\/2"}],"replies":[{"embeddable":true,"href":"https:\/\/www.europesays.com\/fr\/wp-json\/wp\/v2\/comments?post=555367"}],"version-history":[{"count":0,"href":"https:\/\/www.europesays.com\/fr\/wp-json\/wp\/v2\/posts\/555367\/revisions"}],"wp:featuredmedia":[{"embeddable":true,"href":"https:\/\/www.europesays.com\/fr\/wp-json\/wp\/v2\/media\/555368"}],"wp:attachment":[{"href":"https:\/\/www.europesays.com\/fr\/wp-json\/wp\/v2\/media?parent=555367"}],"wp:term":[{"taxonomy":"category","embeddable":true,"href":"https:\/\/www.europesays.com\/fr\/wp-json\/wp\/v2\/categories?post=555367"},{"taxonomy":"post_tag","embeddable":true,"href":"https:\/\/www.europesays.com\/fr\/wp-json\/wp\/v2\/tags?post=555367"}],"curies":[{"name":"wp","href":"https:\/\/api.w.org\/{rel}","templated":true}]}}