{"id":555371,"date":"2025-11-24T12:29:21","date_gmt":"2025-11-24T12:29:21","guid":{"rendered":"https:\/\/www.europesays.com\/fr\/555371\/"},"modified":"2025-11-24T12:29:21","modified_gmt":"2025-11-24T12:29:21","slug":"toulon-sincline-lourdement-au-stade-francais-51-a-24","status":"publish","type":"post","link":"https:\/\/www.europesays.com\/fr\/555371\/","title":{"rendered":"Toulon s\u2019incline lourdement au Stade Fran\u00e7ais (51 \u00e0 24)"},"content":{"rendered":"<p class=\"fs-5 \">Compte tenu des nombreux absents dans les rangs varois, il \u00e9tait difficile d\u2019imaginer le RCT pouvoir ramener des points du stade de Jean Bouin.<\/p>\n<p class=\"fs-5 \">Par contre au vu du sc\u00e9nario, les hommes de Pierre Mignoni avaient certainement la possibilit\u00e9 d\u2019emp\u00eacher le Stade Fran\u00e7ais de s\u2019imposer avec le point de bonus offensif.<\/p>\n<p class=\"fs-5 \">Men\u00e9s 44 \u00e0 24 (4 essais a 2) \u00e0 30 secondes de la fin et alors qu\u2019ils sont en inf\u00e9riorit\u00e9 num\u00e9rique, les Varois b\u00e9n\u00e9ficient d\u2019une p\u00e9naltouche dans les 22 m\u00e8tres parisiens.<\/p>\n<p>            <img src=\"https:\/\/www.europesays.com\/fr\/wp-content\/uploads\/2025\/11\/1763987361_136_467a4f5_upload-from-url-1-jrvkhr6w8xjd-data-art-16643589.jpg\"   loading=\"lazy\" decoding=\"async\" alt=\"Jo\u00e9 Quere-Karaba (21 ans) est l\u2019un des nombreux jeunes \u00e0 \u00eatre du d\u00e9placement \u00e0 Paris. Photo Frank Muller \" class=\"img-fluid position-absolute w-100 object-fit-cover rounded-2\" width=\"600\" height=\"400\"\/><\/p>\n<p class=\"fs-5 \">Abadie s\u2019en saisit et au lieu de d\u00e9gager en touche afin que l\u2019arbitre siffle la fin du match, les avants varois cherchent \u00e0 inscrire un essai qui n\u2019aurait rien chang\u00e9. Mauvaise strat\u00e9gie car les Parisiens parviennent \u00e0 r\u00e9cup\u00e9rer le ballon. Ils remontent la totalit\u00e9 du terrain et <strong>inscrivent finalement un sixi\u00e8me essai essai synonyme de bonus offensif par L\u00e9o Barr\u00e9.<\/strong><\/p>\n<p class=\"fs-5 \">Pas vraiment m\u00e9rit\u00e9, mais Toulon paye cash son manque de lucidit\u00e9 et certainement son inexp\u00e9rience. En fin de rencontre, il n\u2019y avait pas moins de six joueurs \u00e2g\u00e9s de moins de 22 ans\u00a0!<\/p>\n<p>                                                                                <strong>Gracieux, Amettla et Karaba ont marqu\u00e9 leurs premiers essais en Top14<\/strong><\/p>\n<p class=\"fs-5 \">\u00c0 signaler d\u2019ailleurs que trois d\u2019entre eux ont inscrit leur premier essai en Top 14. \u00c0 savoir Gracieux, Amettla et Karaba qui donnent un peu de satisfaction \u00e0 ce match\u00a0 forc\u00e9ment manqu\u00e9 compte tenu de la lourdeur du score mais qui semblait (presque) pr\u00e9visible quand on sait que la plupart des joueurs cadres du XV varois (Gros, Priso, Ribbans, Ollivon, Serin, Garbisi, Brex, Dr\u00e9an&#8230;) \u00e9taient retenus avec leur s\u00e9lection nationale.<\/p>\n<p class=\"fs-5 \">Le RCT d\u00e9gringole ainsi de la 1ere \u00e0 la 4e place puisque Toulouse, Pau et donc le Stade Fran\u00e7ais se sont impos\u00e9s lors de cette journ\u00e9e de reprise qui faisait suite \u00e0 quelques jours de vacances.<\/p>\n","protected":false},"excerpt":{"rendered":"Compte tenu des nombreux absents dans les rangs varois, il \u00e9tait difficile d\u2019imaginer le RCT pouvoir ramener des&hellip;\n","protected":false},"author":2,"featured_media":555372,"comment_status":"","ping_status":"","sticky":false,"template":"","format":"standard","meta":{"footnotes":""},"categories":[9619],"tags":[1111,11,1777,674,1011,27,12,882,3461,25,2310],"class_list":{"0":"post-555371","1":"post","2":"type-post","3":"status-publish","4":"format-standard","5":"has-post-thumbnail","7":"category-toulon","8":"tag-actu","9":"tag-actualites","10":"tag-eu","11":"tag-europe","12":"tag-fr","13":"tag-france","14":"tag-news","15":"tag-provence-alpes-cote-dazur","16":"tag-rct","17":"tag-republique-francaise","18":"tag-toulon"},"share_on_mastodon":{"url":"https:\/\/pubeurope.com\/@fr\/115604683754935681","error":""},"_links":{"self":[{"href":"https:\/\/www.europesays.com\/fr\/wp-json\/wp\/v2\/posts\/555371","targetHints":{"allow":["GET"]}}],"collection":[{"href":"https:\/\/www.europesays.com\/fr\/wp-json\/wp\/v2\/posts"}],"about":[{"href":"https:\/\/www.europesays.com\/fr\/wp-json\/wp\/v2\/types\/post"}],"author":[{"embeddable":true,"href":"https:\/\/www.europesays.com\/fr\/wp-json\/wp\/v2\/users\/2"}],"replies":[{"embeddable":true,"href":"https:\/\/www.europesays.com\/fr\/wp-json\/wp\/v2\/comments?post=555371"}],"version-history":[{"count":0,"href":"https:\/\/www.europesays.com\/fr\/wp-json\/wp\/v2\/posts\/555371\/revisions"}],"wp:featuredmedia":[{"embeddable":true,"href":"https:\/\/www.europesays.com\/fr\/wp-json\/wp\/v2\/media\/555372"}],"wp:attachment":[{"href":"https:\/\/www.europesays.com\/fr\/wp-json\/wp\/v2\/media?parent=555371"}],"wp:term":[{"taxonomy":"category","embeddable":true,"href":"https:\/\/www.europesays.com\/fr\/wp-json\/wp\/v2\/categories?post=555371"},{"taxonomy":"post_tag","embeddable":true,"href":"https:\/\/www.europesays.com\/fr\/wp-json\/wp\/v2\/tags?post=555371"}],"curies":[{"name":"wp","href":"https:\/\/api.w.org\/{rel}","templated":true}]}}