{"id":555377,"date":"2025-11-24T12:33:12","date_gmt":"2025-11-24T12:33:12","guid":{"rendered":"https:\/\/www.europesays.com\/fr\/555377\/"},"modified":"2025-11-24T12:33:12","modified_gmt":"2025-11-24T12:33:12","slug":"le-forum-de-lemploi-public-revient-pour-une-troisieme-edition-a-montpellier","status":"publish","type":"post","link":"https:\/\/www.europesays.com\/fr\/555377\/","title":{"rendered":"le Forum de l\u2019Emploi Public revient pour une troisi\u00e8me \u00e9dition \u00e0 Montpellier"},"content":{"rendered":"<p>                    Par<br \/>\n        <strong><br \/>\n            <a href=\"https:\/\/actu.fr\/auteur\/metropoop\" title=\"Consulter tous les articles de R\u00e9daction M\u00e9tropolitain\" target=\"_blank\" rel=\"noopener\">R\u00e9daction M\u00e9tropolitain<\/a><br \/>\n                    <\/strong><\/p>\n<p>        Publi\u00e9 le<\/p>\n<p>            24 nov. 2025 \u00e0 12h53        <\/p>\n<p>En recherche d\u2019un <strong>nouveau poste<\/strong> ou d\u2019un<strong> virage professionnel<\/strong> ? Rendez-vous ce mercredi 26 novembre : la journ\u00e9e pourrait bien changer la donne. L\u2019H\u00f4tel du D\u00e9partement de Montpellier accueille la troisi\u00e8me \u00e9dition du <strong>Forum de l\u2019Emploi Public<\/strong>, organis\u00e9 par le D\u00e9partement avec France Travail H\u00e9rault et la Pr\u00e9fecture de l\u2019H\u00e9rault. Apr\u00e8s une \u00e9dition 2024 qui avait attir\u00e9 pr\u00e8s de <strong>2 000 visiteurs<\/strong>, l\u2019\u00e9v\u00e9nement revient avec la m\u00eame ambition : faire d\u00e9couvrir la<strong> richesse des carri\u00e8res publiques<\/strong> et <strong>faciliter la rencontre<\/strong> entre employeurs et h\u00e9raultais.<\/p>\n<p>Une journ\u00e9e de rencontres<\/p>\n<p class=\" wall-content\"><strong>Vingt-six \u00e9tablissements publics<\/strong>, repr\u00e9sentant les <strong>trois versants de la fonction publique<\/strong> (\u00c9tat, territoriale et hospitali\u00e8re), seront pr\u00e9sents pour faire d\u00e9couvrir leurs activit\u00e9s, expliquer leurs fili\u00e8res de recrutement et partager le sens qu\u2019ils donnent \u00e0 leur engagement au service de l\u2019int\u00e9r\u00eat g\u00e9n\u00e9ral. Cette journ\u00e9e permettra \u00e0 chacun de rencontrer des agents passionn\u00e9s, de d\u00e9couvrir des professions accessibles \u00e0 diff\u00e9rents niveaux de qualification et de mieux comprendre les parcours de carri\u00e8re possibles.<\/p>\n<p class=\" wall-content\">Ce sera aussi l\u2019occasion de mettre en lumi\u00e8re ces fonctions indispensables (et souvent m\u00e9connues), qui jouent un <strong>r\u00f4le cl\u00e9 dans le fonctionnement du territoire<\/strong>. Les services publics assurent en effet des<strong> missions essentielles<\/strong> dans des <strong>secteurs du quotidien<\/strong> : accueil, accompagnement social, sant\u00e9, s\u00e9curit\u00e9, am\u00e9nagement du territoire, environnement, administration, ing\u00e9nierie ou recherche.<\/p>\n<p>    <a href=\"https:\/\/www.google.com\/maps\/embed?pb=!1m18!1m12!1m3!1d2888.2583294794217!2d3.8324790763865644!3d43.62198197110368!2m3!1f0!2f0!3f0!3m2!1i1024!2i768!4f13.1!3m3!1m2!1s0x12b6ae900811eefb%3A0x6bcf9e85e5fe15ca!2sH%C3%B4tel%20du%20D%C3%A9partement!5e0!3m2!1sfr!2sfr!4v1763681276035!5m2!1sfr!2sfr\" title=\"Ouvrie le lien\" target=\"_blank\" rel=\"noopener\">Cliquez ici pour visualiser le contenu<\/a><\/p>\n<p>Des opportunit\u00e9s \u00e0 d\u00e9couvrir sur place<\/p>\n<p class=\" wall-content\">En parall\u00e8le de cet espace d\u2019information et de d\u00e9couverte, le Forum donnera un acc\u00e8s direct \u00e0 des<strong> opportunit\u00e9s professionnelles concr\u00e8tes<\/strong>. De <strong>nombreuses offres<\/strong> seront propos\u00e9es sur les stands des employeurs participants, dans des domaines vari\u00e9s.<\/p>\n<p>Vid\u00e9os : en ce moment sur Actu<\/p>\n<p class=\" wall-content\">Les visiteurs pourront consulter les propositions disponibles, \u00e9changer directement avec les recruteurs et <strong>d\u00e9poser leur candidature<\/strong> <strong>sur place<\/strong>. De quoi repartir avec des r\u00e9ponses, des contacts\u2026 et peut-\u00eatre m\u00eame un nouveau projet en poche.<\/p>\n<p><strong>&gt; <\/strong>Forum de l\u2019Emploi Public, le mercredi 26 novembre au Salon Jean B\u00e8ne, \u00e0 l\u2019H\u00f4tel du D\u00e9partement de l\u2019H\u00e9rault, \u00e0 Montpellier, de 9h30 \u00e0 17h. Entr\u00e9e libre et gratuite.\u00a0<\/p>\n<p class=\" wall-content\">Personnalisez votre actualit\u00e9 en ajoutant vos villes et m\u00e9dias en favori avec <a href=\"https:\/\/moncompte.actu.fr\" title=\"D\u00e9couvez Mon Actu\" rel=\"nofollow noopener\" data-trk=\"{&quot;cta&quot;:{&quot;action&quot;:&quot;https:\\\/\\\/moncompte.actu.fr&quot;,&quot;category&quot;:&quot;mon compte&quot;,&quot;from&quot;:&quot;article footer&quot;,&quot;name&quot;:&quot;Mon actu&quot;,&quot;type&quot;:&quot;cta&quot;}}\" target=\"_blank\">Mon Actu<\/a>.<\/p>\n","protected":false},"excerpt":{"rendered":"Par R\u00e9daction M\u00e9tropolitain Publi\u00e9 le 24 nov. 2025 \u00e0 12h53 En recherche d\u2019un nouveau poste ou d\u2019un virage&hellip;\n","protected":false},"author":2,"featured_media":555378,"comment_status":"","ping_status":"","sticky":false,"template":"","format":"standard","meta":{"footnotes":""},"categories":[9599],"tags":[1111,11,341,1777,674,1011,27,2208,12,2680,25,104],"class_list":{"0":"post-555377","1":"post","2":"type-post","3":"status-publish","4":"format-standard","5":"has-post-thumbnail","7":"category-montpellier","8":"tag-actu","9":"tag-actualites","10":"tag-emploi","11":"tag-eu","12":"tag-europe","13":"tag-fr","14":"tag-france","15":"tag-montpellier","16":"tag-news","17":"tag-occitanie","18":"tag-republique-francaise","19":"tag-societe"},"share_on_mastodon":{"url":"https:\/\/pubeurope.com\/@fr\/115604698094933276","error":""},"_links":{"self":[{"href":"https:\/\/www.europesays.com\/fr\/wp-json\/wp\/v2\/posts\/555377","targetHints":{"allow":["GET"]}}],"collection":[{"href":"https:\/\/www.europesays.com\/fr\/wp-json\/wp\/v2\/posts"}],"about":[{"href":"https:\/\/www.europesays.com\/fr\/wp-json\/wp\/v2\/types\/post"}],"author":[{"embeddable":true,"href":"https:\/\/www.europesays.com\/fr\/wp-json\/wp\/v2\/users\/2"}],"replies":[{"embeddable":true,"href":"https:\/\/www.europesays.com\/fr\/wp-json\/wp\/v2\/comments?post=555377"}],"version-history":[{"count":0,"href":"https:\/\/www.europesays.com\/fr\/wp-json\/wp\/v2\/posts\/555377\/revisions"}],"wp:featuredmedia":[{"embeddable":true,"href":"https:\/\/www.europesays.com\/fr\/wp-json\/wp\/v2\/media\/555378"}],"wp:attachment":[{"href":"https:\/\/www.europesays.com\/fr\/wp-json\/wp\/v2\/media?parent=555377"}],"wp:term":[{"taxonomy":"category","embeddable":true,"href":"https:\/\/www.europesays.com\/fr\/wp-json\/wp\/v2\/categories?post=555377"},{"taxonomy":"post_tag","embeddable":true,"href":"https:\/\/www.europesays.com\/fr\/wp-json\/wp\/v2\/tags?post=555377"}],"curies":[{"name":"wp","href":"https:\/\/api.w.org\/{rel}","templated":true}]}}