{"id":555382,"date":"2025-11-24T12:38:12","date_gmt":"2025-11-24T12:38:12","guid":{"rendered":"https:\/\/www.europesays.com\/fr\/555382\/"},"modified":"2025-11-24T12:38:12","modified_gmt":"2025-11-24T12:38:12","slug":"mon-equipe-naura-pas-vocation-a-faire-la-chasse-aux-dealers-previent-le-candidat-lfi-a-la-mairie-de-grenoble","status":"publish","type":"post","link":"https:\/\/www.europesays.com\/fr\/555382\/","title":{"rendered":"\u00abMon \u00e9quipe n\u2019aura pas vocation \u00e0 faire la chasse aux dealers\u00bb, pr\u00e9vient le candidat LFI \u00e0 la mairie de Grenoble"},"content":{"rendered":"<p>\n    \u00abIl y a une ins\u00e9curit\u00e9 \u00e0 Grenoble\u00bb, a reconnu le candidat insoumis Allan Brunon, tout en d\u00e9clarant que, sous sa mandature, \u00abla police municipale ne fera pas le travail de la police nationale\u00bb.<\/p>\n<p class=\"fig-paragraph\">Allan Brunon, 26 ans, est le candidat de la\u00a0<a href=\"https:\/\/www.lefigaro.fr\/tag\/la-france-insoumise\" target=\"_blank\" rel=\"sponsored noopener\" data-gtm-custom-categorie=\"navigation\" data-gtm-custom-action=\"crossclick\" data-gtm-custom-label=\"Contextuel\" data-gtm-event=\"customEventSPE\">France Insoumise<\/a>\u00a0(LFI) aux\u00a0<a href=\"http:\/\/www.lefigaro.fr\/politique\/municipales-2026-laurence-ruffin-sera-la-candidate-ecologiste-a-la-mairie-de-grenoble-20250921\" data-fig-type=\"NewsFlash\" data-gtm-custom-categorie=\"navigation\" data-gtm-custom-action=\"crossclick\" data-gtm-custom-label=\"Contextuel\" data-gtm-event=\"customEventSPE\" data-fig-domain=\"LEFIGARO\" target=\"_blank\" rel=\"noopener\">municipales de Grenoble<\/a>. Dans un entretien accord\u00e9 vendredi \u00e0\u00a0<a href=\"https:\/\/actu.fr\/auvergne-rhone-alpes\/grenoble_38185\/municipales-a-grenoble-allan-brunon-candidat-lfi-on-ne-fera-pas-la-chasse-aux-dealers_63459101.html\" target=\"_blank\" rel=\"sponsored noopener\" data-gtm-custom-categorie=\"navigation\" data-gtm-custom-action=\"crossclick\" data-gtm-custom-label=\"Contextuel\" data-gtm-event=\"customEventSPE\">Actu Grenoble<\/a>, celui-ci \u00e9tait, en autres, interrog\u00e9 sur l\u2019ins\u00e9curit\u00e9 grenobloise. Le 16 novembre dernier, la ville a appris, impuissante, les blessures par balles\u00a0<a href=\"http:\/\/www.lefigaro.fr\/flash-actu\/grenoble-un-adolescent-de-12-ans-grievement-blesse-par-balle-sur-un-point-de-deal-20251116\" data-fig-type=\"NewsFlash\" data-gtm-custom-categorie=\"navigation\" data-gtm-custom-action=\"crossclick\" data-gtm-custom-label=\"Contextuel\" data-gtm-event=\"customEventSPE\" data-fig-domain=\"LEFIGARO\" target=\"_blank\" rel=\"noopener\">d\u2019un gar\u00e7on de 12 ans<\/a>, dans une affaire li\u00e9e au trafic de drogue. \u00abIl y a une ins\u00e9curit\u00e9 \u00e0 Grenoble\u00bb, a reconnu le candidat, plus prolixe \u00e0 critiquer les propositions s\u00e9curitaires de son adversaire de droite, l\u2019ex-maire\u00a0<a href=\"http:\/\/www.lefigaro.fr\/politique\/municipales-l-ancien-maire-de-grenoble-alain-carignon-va-tenter-de-reprendre-la-ville-a-l-ecologiste-eric-piolle-20250605\" data-fig-type=\"NewsFlash\" data-gtm-custom-categorie=\"navigation\" data-gtm-custom-action=\"crossclick\" data-gtm-custom-label=\"Contextuel\" data-gtm-event=\"customEventSPE\" data-fig-domain=\"LEFIGARO\" target=\"_blank\" rel=\"noopener\">Alain Carignon<\/a>. Mais \u00abmon \u00e9quipe n\u2019aura pas vocation \u00e0 faire la chasse aux dealers\u00bb, a-t-il signifi\u00e9.<\/p>\n<p class=\"fig-paragraph\">\u00abLes solutions [qu\u2019Alain Carignon] propose sont mauvaises.\u00bb \u00abLa vid\u00e9oprotection ne fonctionne pas\u00bb, a affirm\u00e9 Allan Brunon au m\u00e9dia grenoblois, ajoutant\u00a0: \u00abOn n\u2019armera pas davantage la police municipale, qui est d\u00e9j\u00e0 arm\u00e9e, parce que plus d\u2019armes est \u00e9gal \u00e0 plus de drames\u00bb.<\/p>\n<p>                                    <a class=\"fig-a11y-skip a11y-hidden\" href=\"#fig-a11y-skip-main-inarticle\"><br \/>\n        Passer la publicit\u00e9<br \/>\n    <\/a><\/p>\n<p>Service de \u00abla tranquillit\u00e9 publique\u00bb<\/p>\n<p class=\"fig-paragraph\">Pour endiguer l\u2019ins\u00e9curit\u00e9, il croit davantage dans la \u00abm\u00e9diation et la pr\u00e9vention\u00bb. \u00abOn veut faire un grand service public de la tranquillit\u00e9 publique pour traiter les probl\u00e8mes \u00e0 la racine, avec des m\u00e9diateurs dans les quartiers populaires\u00bb. Le candidat a confirm\u00e9 ses propos ce lundi sur son compte X\u00a0: \u00abLa police municipale ne fera pas le travail de la police nationale\u00bb.<\/p>\n<p class=\"fig-paragraph\">Alors que LFI avait soutenu l\u2019\u00c9cologiste\u00a0<a href=\"https:\/\/video.lefigaro.fr\/figaro\/politique\/eric-piolle-nomme-porte-parole-du-mouvement-les-ecologistes-20250426\" data-fig-type=\"Video\" data-gtm-custom-categorie=\"navigation\" data-gtm-custom-action=\"crossclick\" data-gtm-custom-label=\"Contextuel\" data-gtm-event=\"customEventSPE\" data-fig-domain=\"LEFIGARO\" target=\"_blank\" rel=\"noopener\">\u00c9ric Piolle<\/a>, le parti n\u2019a cette fois-ci pas r\u00e9it\u00e9r\u00e9 son alliance. Lors des \u00e9lections municipales, son candidat compte plut\u00f4t mettre l\u2019accent sur les quartiers populaires. \u00abLa jeunesse dans les quartiers populaires a \u00e9t\u00e9 oubli\u00e9e \u00e0 Grenoble\u00bb, a d\u00e9clar\u00e9 le candidat insoumis, toujours \u00e0 Actu Grenoble. \u00abIl faut une priorisation des subventions aux associations qui offrent des perspectives aux jeunes\u00bb, a-t-il plaid\u00e9.<\/p>\n","protected":false},"excerpt":{"rendered":"\u00abIl y a une ins\u00e9curit\u00e9 \u00e0 Grenoble\u00bb, a reconnu le candidat insoumis Allan Brunon, tout en d\u00e9clarant que,&hellip;\n","protected":false},"author":2,"featured_media":555383,"comment_status":"","ping_status":"","sticky":false,"template":"","format":"standard","meta":{"footnotes":""},"categories":[9566],"tags":[1111,11,2430,16054,1777,674,1011,27,2731,780,3554,12,25],"class_list":{"0":"post-555382","1":"post","2":"type-post","3":"status-publish","4":"format-standard","5":"has-post-thumbnail","7":"category-grenoble","8":"tag-actu","9":"tag-actualites","10":"tag-auvergne-rhone-alpes","11":"tag-dealers","12":"tag-eu","13":"tag-europe","14":"tag-fr","15":"tag-france","16":"tag-grenoble","17":"tag-lfi","18":"tag-municipales","19":"tag-news","20":"tag-republique-francaise"},"share_on_mastodon":{"url":"https:\/\/pubeurope.com\/@fr\/115604717942189795","error":""},"_links":{"self":[{"href":"https:\/\/www.europesays.com\/fr\/wp-json\/wp\/v2\/posts\/555382","targetHints":{"allow":["GET"]}}],"collection":[{"href":"https:\/\/www.europesays.com\/fr\/wp-json\/wp\/v2\/posts"}],"about":[{"href":"https:\/\/www.europesays.com\/fr\/wp-json\/wp\/v2\/types\/post"}],"author":[{"embeddable":true,"href":"https:\/\/www.europesays.com\/fr\/wp-json\/wp\/v2\/users\/2"}],"replies":[{"embeddable":true,"href":"https:\/\/www.europesays.com\/fr\/wp-json\/wp\/v2\/comments?post=555382"}],"version-history":[{"count":0,"href":"https:\/\/www.europesays.com\/fr\/wp-json\/wp\/v2\/posts\/555382\/revisions"}],"wp:featuredmedia":[{"embeddable":true,"href":"https:\/\/www.europesays.com\/fr\/wp-json\/wp\/v2\/media\/555383"}],"wp:attachment":[{"href":"https:\/\/www.europesays.com\/fr\/wp-json\/wp\/v2\/media?parent=555382"}],"wp:term":[{"taxonomy":"category","embeddable":true,"href":"https:\/\/www.europesays.com\/fr\/wp-json\/wp\/v2\/categories?post=555382"},{"taxonomy":"post_tag","embeddable":true,"href":"https:\/\/www.europesays.com\/fr\/wp-json\/wp\/v2\/tags?post=555382"}],"curies":[{"name":"wp","href":"https:\/\/api.w.org\/{rel}","templated":true}]}}