{"id":555384,"date":"2025-11-24T12:39:13","date_gmt":"2025-11-24T12:39:13","guid":{"rendered":"https:\/\/www.europesays.com\/fr\/555384\/"},"modified":"2025-11-24T12:39:13","modified_gmt":"2025-11-24T12:39:13","slug":"par-curiosite-un-pere-de-famille-telecharge-plus-de-600-fichiers-pedopornographiques-pres-de-rennes","status":"publish","type":"post","link":"https:\/\/www.europesays.com\/fr\/555384\/","title":{"rendered":"Par \u00ab\u00a0curiosit\u00e9\u00a0\u00bb, un p\u00e8re de famille t\u00e9l\u00e9charge plus de 600 fichiers p\u00e9dopornographiques, pr\u00e8s de Rennes"},"content":{"rendered":"<p>                    Par<br \/>\n        <strong><br \/>\n            <a href=\"https:\/\/actu.fr\/auteur\/redaction-rennes\" title=\"Consulter tous les articles de R\u00e9daction Rennes\" target=\"_blank\" rel=\"noopener\">R\u00e9daction Rennes<\/a><br \/>\n                    <\/strong><\/p>\n<p>        Publi\u00e9 le<\/p>\n<p>            24 nov. 2025 \u00e0 12h36        <\/p>\n<p>Beno\u00eet, habitant de la commune de Mordelles, pr\u00e8s de Rennes, avait pr\u00e9cis\u00e9ment t\u00e9l\u00e9charg\u00e9 <strong>661 photos et vid\u00e9os de mineurs<\/strong> \u00e0 caract\u00e8re sexuel entre mars et d\u00e9cembre\u00a02023. Jeudi 20\u00a0novembre 2025, le tribunal correctionnel de Rennes a jug\u00e9 cet homme de 52\u00a0ans et p\u00e8re de famille.<\/p>\n<p>Il voulait \u00ab\u2009savoir jusqu\u2019o\u00f9 l\u2019horreur pouvait aller\u2009\u00bb<\/p>\n<p class=\" wall-content\">L\u2019enqu\u00eate de l\u2019antenne de Rennes de l\u2019Office anti-cybercriminalit\u00e9 (OFAC), apr\u00e8s un \u00ab\u2009signalement\u2009\u00bb de l\u2019Office mineurs (OFMIN) de Paris, avait montr\u00e9 que ces contenus avaient \u00e9t\u00e9 trouv\u00e9s sur Internet gr\u00e2ce \u00e0 <strong>des mots-cl\u00e9s \u00ab\u2009explicites\u2009\u00bb.<\/strong><\/p>\n<p class=\" wall-content\">Ils mettaient en sc\u00e8ne <strong>\u00ab\u2009surtout des filles\u2009\u00bb,<\/strong> parfois <strong>\u00e2g\u00e9es de seulement \u00ab\u20098 ou 9\u00a0ans\u2009\u00bb. <\/strong>Certains fichiers avaient \u00e9t\u00e9 \u00ab\u2009supprim\u00e9s\u2009\u00bb et d\u2019autres class\u00e9s dans des \u00ab\u2009r\u00e9pertoires sp\u00e9cifiques\u2009\u00bb, voire \u00ab\u2009partag\u00e9s\u2009\u00bb sur des sites sp\u00e9cialis\u00e9s.<\/p>\n<p class=\" wall-content\">Plac\u00e9 en garde \u00e0 vue, Beno\u00eet avait reconnu les faits\u2026 qu\u2019il expliquait avoir commis <strong>par \u00ab\u2009curiosit\u00e9\u2009\u00bb<\/strong>\u2009: il voulait \u00ab\u2009savoir jusqu\u2019o\u00f9 l\u2019horreur pouvait aller\u2009\u00bb. <strong>Ce p\u00e8re de famille de 52\u00a0ans<\/strong> s\u2019\u00e9tait dit \u00ab\u2009d\u00e9go\u00fbt\u00e9\u2009\u00bb et \u00ab\u2009horrifi\u00e9\u2009\u00bb par ce qu\u2019il avait vu, mais il avait tout de m\u00eame r\u00e9ussi \u00e0 \u00ab\u2009aller jusqu\u2019au bout\u2009\u00bb. Il avait \u00e9galement reconnu <strong>une \u00ab\u2009consommation d\u2019alcool importante\u2009\u00bb<\/strong> de \u00ab\u2009quatre bi\u00e8res de 50\u00a0cl tous les soirs\u2009\u00bb.<\/p>\n<p>Absent au tribunal<\/p>\n<p class=\" wall-content\">Le quinquag\u00e9naire <strong>ne s\u2019est m\u00eame pas pr\u00e9sent\u00e9<\/strong> devant le tribunal correctionnel de Rennes ce jeudi 20\u00a0novembre 2025\u2009: il avait envoy\u00e9 un \u00ab\u2009courriel\u2009\u00bb le matin pour indiquer qu\u2019il se sentait \u00ab\u2009souffrant\u2009\u00bb. Il n\u2019avait <strong>pas non plus d\u2019avocat<\/strong>.<\/p>\n<p class=\" wall-content\">Mais pour la procureure de la R\u00e9publique, cette absence s\u2019explique plut\u00f4t par <strong>la \u00ab\u2009honte\u2009\u00bb<\/strong> ressentie par ce p\u00e8re de deux enfants face \u00e0 des photos et vid\u00e9os \u00ab\u2009\u00e0 vomir\u2009\u00bb.<\/p>\n<p>Votre r\u00e9gion, votre actu !<\/p>\n<p>Recevez chaque jour les infos qui comptent pour vous.<\/p>\n<p>\t<a href=\"https:\/\/actu.fr\/newsletter\" class=\"ac-btn ac-btn--corner ac-btn--medium ac-btn--blue800\" target=\"_blank\" rel=\"noopener\">S&rsquo;incrire<\/a><\/p>\n<p class=\" wall-content\">La magistrate ne croit d\u2019ailleurs pas aux \u00ab\u2009explications lunaires\u2009\u00bb de Beno\u00eet\u2009: les faits ne rel\u00e8vent pas d\u2019une \u00ab\u2009simple curiosit\u00e9 face \u00e0 la pornographie enfantine\u2009\u00bb mais plut\u00f4t d\u2019un \u00ab\u2009profil inqui\u00e9tant qui n\u2019a pas conscience des choses\u2009\u00bb. Celui qui se pr\u00e9sentait comme un \u00ab\u2009justicier\u2009\u00bb n\u2019a au demeurant <strong>\u00ab\u2009rien fait pour d\u00e9noncer ce qu\u2019il a vu\u2009\u00bb.<\/strong><\/p>\n<p>Trois ans de prison<\/p>\n<p class=\" wall-content\">La procureure a donc requis \u00e0 son encontre un an de prison avec sursis et une interdiction d\u2019exercer toute activit\u00e9 au contact de mineurs pendant cinq ans. Mais elle n\u2019a pas demand\u00e9 que soit prononc\u00e9e une \u00ab\u2009injonction de soins\u2009\u00bb\u2009: une telle obligation n\u2019aurait pr\u00e9cis\u00e9ment \u00ab\u2009aucun effet\u2009\u00bb sur cet homme \u00ab\u2009assez seul\u2009\u00bb aux \u00ab\u2009conduites addictives\u2009\u00bb \u2013 qui avait pourtant <strong>une \u00ab\u2009vie sexuelle normale\u2009\u00bb avec sa compagne<\/strong> \u2013 car il n\u2019a \u00ab\u2009aucune intention de r\u00e9fl\u00e9chir \u00e0 son passage \u00e0 l\u2019acte\u2009\u00bb.<\/p>\n<p class=\" wall-content\">Le tribunal correctionnel de Rennes est finalement all\u00e9 bien au-del\u00e0 de ces r\u00e9quisitions\u2009: Beno\u00eet a \u00e9cop\u00e9 de <strong>trois ans de prison avec sursis probatoire<\/strong> et d\u2019une interdiction d\u00e9finitive d\u2019exercer une activit\u00e9 impliquant un contact avec des mineurs.<\/p>\n<p class=\" wall-content\">Il aura \u00e9galement<strong> l\u2019obligation de se soigner.<\/strong><\/p>\n<p class=\" wall-content\"><strong>RB et GF (PressPepper)<\/strong><\/p>\n<p class=\" wall-content\">Personnalisez votre actualit\u00e9 en ajoutant vos villes et m\u00e9dias en favori avec <a href=\"https:\/\/moncompte.actu.fr\" title=\"D\u00e9couvez Mon Actu\" rel=\"nofollow noopener\" data-trk=\"{&quot;cta&quot;:{&quot;action&quot;:&quot;https:\\\/\\\/moncompte.actu.fr&quot;,&quot;category&quot;:&quot;mon compte&quot;,&quot;from&quot;:&quot;article footer&quot;,&quot;name&quot;:&quot;Mon actu&quot;,&quot;type&quot;:&quot;cta&quot;}}\" target=\"_blank\">Mon Actu<\/a>.<\/p>\n","protected":false},"excerpt":{"rendered":"Par R\u00e9daction Rennes Publi\u00e9 le 24 nov. 2025 \u00e0 12h36 Beno\u00eet, habitant de la commune de Mordelles, pr\u00e8s&hellip;\n","protected":false},"author":2,"featured_media":555385,"comment_status":"","ping_status":"","sticky":false,"template":"","format":"standard","meta":{"footnotes":""},"categories":[2821],"tags":[1111,11,829,1777,674,118,1011,27,303,12,874,584,25],"class_list":{"0":"post-555384","1":"post","2":"type-post","3":"status-publish","4":"format-standard","5":"has-post-thumbnail","7":"category-rennes","8":"tag-actu","9":"tag-actualites","10":"tag-bretagne","11":"tag-eu","12":"tag-europe","13":"tag-faits-divers","14":"tag-fr","15":"tag-france","16":"tag-justice","17":"tag-news","18":"tag-pedophilie","19":"tag-rennes","20":"tag-republique-francaise"},"share_on_mastodon":{"url":"https:\/\/pubeurope.com\/@fr\/115604721813330926","error":""},"_links":{"self":[{"href":"https:\/\/www.europesays.com\/fr\/wp-json\/wp\/v2\/posts\/555384","targetHints":{"allow":["GET"]}}],"collection":[{"href":"https:\/\/www.europesays.com\/fr\/wp-json\/wp\/v2\/posts"}],"about":[{"href":"https:\/\/www.europesays.com\/fr\/wp-json\/wp\/v2\/types\/post"}],"author":[{"embeddable":true,"href":"https:\/\/www.europesays.com\/fr\/wp-json\/wp\/v2\/users\/2"}],"replies":[{"embeddable":true,"href":"https:\/\/www.europesays.com\/fr\/wp-json\/wp\/v2\/comments?post=555384"}],"version-history":[{"count":0,"href":"https:\/\/www.europesays.com\/fr\/wp-json\/wp\/v2\/posts\/555384\/revisions"}],"wp:featuredmedia":[{"embeddable":true,"href":"https:\/\/www.europesays.com\/fr\/wp-json\/wp\/v2\/media\/555385"}],"wp:attachment":[{"href":"https:\/\/www.europesays.com\/fr\/wp-json\/wp\/v2\/media?parent=555384"}],"wp:term":[{"taxonomy":"category","embeddable":true,"href":"https:\/\/www.europesays.com\/fr\/wp-json\/wp\/v2\/categories?post=555384"},{"taxonomy":"post_tag","embeddable":true,"href":"https:\/\/www.europesays.com\/fr\/wp-json\/wp\/v2\/tags?post=555384"}],"curies":[{"name":"wp","href":"https:\/\/api.w.org\/{rel}","templated":true}]}}