{"id":555388,"date":"2025-11-24T12:41:20","date_gmt":"2025-11-24T12:41:20","guid":{"rendered":"https:\/\/www.europesays.com\/fr\/555388\/"},"modified":"2025-11-24T12:41:20","modified_gmt":"2025-11-24T12:41:20","slug":"universite-de-strasbourg-les-20-ans-du-departement-des-arts-du-spectacle","status":"publish","type":"post","link":"https:\/\/www.europesays.com\/fr\/555388\/","title":{"rendered":"Universit\u00e9 de Strasbourg. Les 20 ans du d\u00e9partement des Arts du spectacle"},"content":{"rendered":"<p>Vingt ans\u00a0! <a href=\"https:\/\/arts.unistra.fr\/faculte\/departements\/arts-du-spectacle\/les-20-ans-du-departement\" target=\"_blank\" rel=\"noopener\">Le d\u00e9partement des Arts du spectacle de la Facult\u00e9 des arts de Strasbourg c\u00e9l\u00e8bre ses deux d\u00e9cennies<\/a> au service d\u2019une vision singuli\u00e8re des arts de la sc\u00e8ne fond\u00e9e sur le dialogue entre pens\u00e9e acad\u00e9mique et pratique cr\u00e9ative.<\/p>\n<p>Le programme imagin\u00e9 pour cet \u00e9v\u00e9nement, gratuit, oscille pareillement entre rigueur universitaire et audace artistique. Au programme\u00a0: la projection du film  Sept moments de joie,  de Lilli Marcotte, produit par le Cirque Eloize, une table ronde avec d\u2019anciens \u00e9tudiants \u2013 comptant parmi les 12\u00a0500 qui y sont pass\u00e9s.<\/p>\n<p>Une rencontre avec Olivier Neveux de retour \u00e0 Strasbourg, ancien directeur du d\u00e9partement de 2005 \u00e0 2012. Aujourd\u2019hui, il enseigne l\u2019histoire et l\u2019esth\u00e9tique du th\u00e9\u00e2tre \u00e0 l\u2019ENS de Lyon.<\/p>\n<p>Enfin, autour de gestes d\u2019une (in) discipline, s\u2019interrogent la recherche et la formation dans le champ artistique \u2013 r\u00e9tif \u00e0 tout formatage p\u00e9dagogique.<\/p>\n<p class=\"note\">Jusqu\u2019au 28\u00a0novembre \u00e0 l\u2019Universit\u00e9 de Strasbourg, Programme complet sur\u00a0: unistra.fr<\/p>\n","protected":false},"excerpt":{"rendered":"Vingt ans\u00a0! Le d\u00e9partement des Arts du spectacle de la Facult\u00e9 des arts de Strasbourg c\u00e9l\u00e8bre ses deux&hellip;\n","protected":false},"author":2,"featured_media":555389,"comment_status":"","ping_status":"","sticky":false,"template":"","format":"standard","meta":{"footnotes":""},"categories":[2820],"tags":[1111,11,2389,1687,1057,4854,1777,674,107,1011,27,775,12,25,3140,640],"class_list":{"0":"post-555388","1":"post","2":"type-post","3":"status-publish","4":"format-standard","5":"has-post-thumbnail","7":"category-strasbourg","8":"tag-actu","9":"tag-actualites","10":"tag-alsace","11":"tag-culture-loisirs","12":"tag-education","13":"tag-enseignement-superieur","14":"tag-eu","15":"tag-europe","16":"tag-fil-info","17":"tag-fr","18":"tag-france","19":"tag-grand-est","20":"tag-news","21":"tag-republique-francaise","22":"tag-spectacle","23":"tag-strasbourg"},"share_on_mastodon":{"url":"https:\/\/pubeurope.com\/@fr\/115604729813428326","error":""},"_links":{"self":[{"href":"https:\/\/www.europesays.com\/fr\/wp-json\/wp\/v2\/posts\/555388","targetHints":{"allow":["GET"]}}],"collection":[{"href":"https:\/\/www.europesays.com\/fr\/wp-json\/wp\/v2\/posts"}],"about":[{"href":"https:\/\/www.europesays.com\/fr\/wp-json\/wp\/v2\/types\/post"}],"author":[{"embeddable":true,"href":"https:\/\/www.europesays.com\/fr\/wp-json\/wp\/v2\/users\/2"}],"replies":[{"embeddable":true,"href":"https:\/\/www.europesays.com\/fr\/wp-json\/wp\/v2\/comments?post=555388"}],"version-history":[{"count":0,"href":"https:\/\/www.europesays.com\/fr\/wp-json\/wp\/v2\/posts\/555388\/revisions"}],"wp:featuredmedia":[{"embeddable":true,"href":"https:\/\/www.europesays.com\/fr\/wp-json\/wp\/v2\/media\/555389"}],"wp:attachment":[{"href":"https:\/\/www.europesays.com\/fr\/wp-json\/wp\/v2\/media?parent=555388"}],"wp:term":[{"taxonomy":"category","embeddable":true,"href":"https:\/\/www.europesays.com\/fr\/wp-json\/wp\/v2\/categories?post=555388"},{"taxonomy":"post_tag","embeddable":true,"href":"https:\/\/www.europesays.com\/fr\/wp-json\/wp\/v2\/tags?post=555388"}],"curies":[{"name":"wp","href":"https:\/\/api.w.org\/{rel}","templated":true}]}}