{"id":555390,"date":"2025-11-24T12:42:13","date_gmt":"2025-11-24T12:42:13","guid":{"rendered":"https:\/\/www.europesays.com\/fr\/555390\/"},"modified":"2025-11-24T12:42:13","modified_gmt":"2025-11-24T12:42:13","slug":"strasbourg-preavis-de-greve-a-la-fnac-ce-vendredi-28-novembre-jour-du-black-friday","status":"publish","type":"post","link":"https:\/\/www.europesays.com\/fr\/555390\/","title":{"rendered":"Strasbourg. Pr\u00e9avis de gr\u00e8ve \u00e0 la Fnac ce vendredi 28\u00a0novembre, jour du \u201cBlack Friday\u201d"},"content":{"rendered":"<p>Suivant un mot d\u2019ordre national (de l\u2019intersyndicale CGT-SUD), la section CGT locale de <a href=\"https:\/\/www.dna.fr\/economie\/2025\/02\/18\/fnac-et-maison-rouge-un-bras-de-fer-locataire-proprietaire-qui-se-tend\" target=\"_blank\" rel=\"noopener\">la Fnac<\/a> appelle \u00e0 se rassembler \u00e0 l\u2019occasion d\u2019un \u201cvendredi noir\u201d \u00e0 14\u00a0h ce 28\u00a0novembre devant le <a href=\"https:\/\/www.dna.fr\/societe\/2024\/07\/16\/maison-rouge-huits-siecles-de-peripeties-bien-strasbourgeoises\" target=\"_blank\" rel=\"noopener\">centre commercial de la Maison-Rouge<\/a> et le <a href=\"https:\/\/www.dna.fr\/d\/marche-de-noel-de-strasbourg-2d5b077a-71b9-45ee-a451-f9f5e5836c19\" target=\"_blank\" rel=\"noopener\">march\u00e9 de No\u00ebl<\/a>.\u00a0La CGT d\u00e9nonce, en ce jour qui est traditionnellement l\u2019un des jours les plus importants au niveau des bonnes affaires du commerce, une d\u00e9gradation des conditions de travail des salari\u00e9s.<\/p>\n<p>En particulier, souligne-t-elle dans son communiqu\u00e9, \u00ab\u00a0un \u00e9puisement professionnel par le sous-effectif permanent\u00a0\u00bb. L\u2019organisation syndicale d\u00e9plore aussi une \u00ab\u00a0baisse du pouvoir d\u2019achat \u00e0 partir du 1 er \u00a0janvier 2026\u00a0\u00bb par le fait qu\u2019\u00ab\u00a0il n\u2019y aura plus d\u2019alignement automatique du salaire de base sur la grille de la convention collective de branche\u00a0\u00bb.<\/p>\n<p>Enfin le syndicat fustige \u00ab\u00a0le dialogue social inexistant\u00a0\u00bb. Avec \u00ab\u00a0la charge de travail insoutenable, des objectifs de vente de service inatteignables, la suppression des samedis tournants en r\u00e9cup\u00e9ration, des locaux et mat\u00e9riaux v\u00e9tustes, ainsi que des espaces de stockages insuffisants et inadapt\u00e9s\u00a0\u00bb, d\u00e9taille-t-elle dans son tract. Dans les autres Fnac de France (Paris, Rouen, Toulouse, Lille, Nice, ou encore Cannes), un mouvement de gr\u00e8ve similaire devrait \u00eatre lanc\u00e9, selon un responsable syndical.<\/p>\n","protected":false},"excerpt":{"rendered":"Suivant un mot d\u2019ordre national (de l\u2019intersyndicale CGT-SUD), la section CGT locale de la Fnac appelle \u00e0 se&hellip;\n","protected":false},"author":2,"featured_media":555391,"comment_status":"","ping_status":"","sticky":false,"template":"","format":"standard","meta":{"footnotes":""},"categories":[2820],"tags":[1111,11,4406,9671,130,33,2880,1777,674,107,1011,27,775,12,25,801,640,2879],"class_list":{"0":"post-555390","1":"post","2":"type-post","3":"status-publish","4":"format-standard","5":"has-post-thumbnail","7":"category-strasbourg","8":"tag-actu","9":"tag-actualites","10":"tag-commerce-et-services","11":"tag-conflit-social","12":"tag-consommation","13":"tag-economie","14":"tag-edition-strasbourg","15":"tag-eu","16":"tag-europe","17":"tag-fil-info","18":"tag-fr","19":"tag-france","20":"tag-grand-est","21":"tag-news","22":"tag-republique-francaise","23":"tag-social","24":"tag-strasbourg","25":"tag-strasbourg-ville"},"share_on_mastodon":{"url":"https:\/\/pubeurope.com\/@fr\/115604733559389687","error":""},"_links":{"self":[{"href":"https:\/\/www.europesays.com\/fr\/wp-json\/wp\/v2\/posts\/555390","targetHints":{"allow":["GET"]}}],"collection":[{"href":"https:\/\/www.europesays.com\/fr\/wp-json\/wp\/v2\/posts"}],"about":[{"href":"https:\/\/www.europesays.com\/fr\/wp-json\/wp\/v2\/types\/post"}],"author":[{"embeddable":true,"href":"https:\/\/www.europesays.com\/fr\/wp-json\/wp\/v2\/users\/2"}],"replies":[{"embeddable":true,"href":"https:\/\/www.europesays.com\/fr\/wp-json\/wp\/v2\/comments?post=555390"}],"version-history":[{"count":0,"href":"https:\/\/www.europesays.com\/fr\/wp-json\/wp\/v2\/posts\/555390\/revisions"}],"wp:featuredmedia":[{"embeddable":true,"href":"https:\/\/www.europesays.com\/fr\/wp-json\/wp\/v2\/media\/555391"}],"wp:attachment":[{"href":"https:\/\/www.europesays.com\/fr\/wp-json\/wp\/v2\/media?parent=555390"}],"wp:term":[{"taxonomy":"category","embeddable":true,"href":"https:\/\/www.europesays.com\/fr\/wp-json\/wp\/v2\/categories?post=555390"},{"taxonomy":"post_tag","embeddable":true,"href":"https:\/\/www.europesays.com\/fr\/wp-json\/wp\/v2\/tags?post=555390"}],"curies":[{"name":"wp","href":"https:\/\/api.w.org\/{rel}","templated":true}]}}