{"id":555394,"date":"2025-11-24T12:44:11","date_gmt":"2025-11-24T12:44:11","guid":{"rendered":"https:\/\/www.europesays.com\/fr\/555394\/"},"modified":"2025-11-24T12:44:11","modified_gmt":"2025-11-24T12:44:11","slug":"gare-de-nice-aucun-train-ne-circule-sur-cette-ligne-pendant-20-jours-voici-pourquoi","status":"publish","type":"post","link":"https:\/\/www.europesays.com\/fr\/555394\/","title":{"rendered":"Gare de Nice. Aucun train ne circule sur cette ligne pendant 20 jours, voici pourquoi"},"content":{"rendered":"<p>                    Par<br \/>\n        <strong><br \/>\n            <a href=\"https:\/\/actu.fr\/auteur\/ugo-maillard\" title=\"Consulter tous les articles de Ugo Maillard\" target=\"_blank\" rel=\"noopener\">Ugo Maillard<\/a><br \/>\n                    <\/strong><\/p>\n<p>        Publi\u00e9 le<\/p>\n<p>            24 nov. 2025 \u00e0 11h49        <\/p>\n<p>Les usagers de la ligne vont devoir adopter leur trajet. \u00c0 partir du lundi 24\u00a0novembre 2025, la circulation des trains est interrompue entre la <strong>gare de Nice Ville et celle de Drap<\/strong> (<a href=\"https:\/\/actu.fr\/provence-alpes-cote-d-azur\/alpes-maritimes_06\" target=\"_blank\" rel=\"noopener\">Alpes-Maritimes<\/a>). Il s\u2019agit de la derni\u00e8re phase de travaux sur la ligne Nice-Breil-Tende.<\/p>\n<p class=\" wall-content\">Cette interruption sera effective <strong>jusqu\u2019au 14\u00a0d\u00e9cembre<\/strong> 2025.<\/p>\n<p>Des travaux qui touchent \u00e0 leur fin<\/p>\n<p class=\" wall-content\">Les travaux men\u00e9s durant les trois prochaines semaines viennent conclure une phase d\u2019am\u00e9nagements commenc\u00e9e en septembre\u00a02024.<\/p>\n<blockquote class=\"ac-article-quote wall-content\">\n<p>Les travaux viseront notamment \u00e0 conforter la vo\u00fbte de deux tunnels et s\u00e9curiser douze ouvrages en terre contre les risques d\u2019\u00e9boulement, \u00e0 remplacer un pont-rail et des portions de la voie ferr\u00e9e. Cette coupure de 15 mois de la ligne permettra de r\u00e9aliser ces interventions, de les massifier et de les r\u00e9duire dans le temps.<\/p>\n<p>    <strong>SNCF<\/strong>\n            <\/p><\/blockquote>\n<p class=\" wall-content\">\u00ab\u2009Ce chantier d\u2019envergure concourra \u00e0 p\u00e9renniser la ligne embl\u00e9matique du Train des Merveilles qui relie les rives de la M\u00e9diterran\u00e9e aux communes de la haute vall\u00e9e de la Roya, donne acc\u00e8s au parc du Mercantour et, au-del\u00e0, constitue un trait d\u2019union avec l\u2019Italie\u2009\u00bb, indiquent les \u00e9quip\u00e9s de la SNCF.<\/p>\n<p>Des cars de substitutions mis en place<\/p>\n<p class=\" wall-content\">Durant cette p\u00e9riode de travaux entra\u00eenant une interruption de la circulation des trains sur la ligne 5 de la r\u00e9gion Provence-Alpes-C\u00f4te d\u2019Azur, des cars de substitution sont mis en place par les services de la SNCF.<\/p>\n<p><a href=\"https:\/\/static.actu.fr\/uploads\/2025\/11\/fh-05-nice-breil-tende-du-24-novembre-au-14-da-c-cembre-2025-v4-15092025.pdf\" target=\"_blank\" rel=\"noopener\">Afficher ou t\u00e9l\u00e9charger le fichier.<\/a><\/p>\n<p class=\" wall-content\">Une substitution routi\u00e8re est notamment instaur\u00e9e entre la gare de Nice Ville et la commune de Tou\u00ebt-de-l\u2019Escar\u00e8ne.<\/p>\n<p class=\" wall-content\">Personnalisez votre actualit\u00e9 en ajoutant vos villes et m\u00e9dias en favori avec <a href=\"https:\/\/moncompte.actu.fr\" title=\"D\u00e9couvez Mon Actu\" rel=\"nofollow noopener\" data-trk=\"{&quot;cta&quot;:{&quot;action&quot;:&quot;https:\\\/\\\/moncompte.actu.fr&quot;,&quot;category&quot;:&quot;mon compte&quot;,&quot;from&quot;:&quot;article footer&quot;,&quot;name&quot;:&quot;Mon actu&quot;,&quot;type&quot;:&quot;cta&quot;}}\" target=\"_blank\">Mon Actu<\/a>.<\/p>\n","protected":false},"excerpt":{"rendered":"Par Ugo Maillard Publi\u00e9 le 24 nov. 2025 \u00e0 11h49 Les usagers de la ligne vont devoir adopter&hellip;\n","protected":false},"author":2,"featured_media":177931,"comment_status":"","ping_status":"","sticky":false,"template":"","format":"standard","meta":{"footnotes":""},"categories":[2819],"tags":[1111,11,1777,674,1011,27,12,2401,882,25,2215,104,2086],"class_list":{"0":"post-555394","1":"post","2":"type-post","3":"status-publish","4":"format-standard","5":"has-post-thumbnail","7":"category-nice","8":"tag-actu","9":"tag-actualites","10":"tag-eu","11":"tag-europe","12":"tag-fr","13":"tag-france","14":"tag-news","15":"tag-nice","16":"tag-provence-alpes-cote-dazur","17":"tag-republique-francaise","18":"tag-sncf","19":"tag-societe","20":"tag-travaux"},"share_on_mastodon":{"url":"https:\/\/pubeurope.com\/@fr\/115604741483887967","error":""},"_links":{"self":[{"href":"https:\/\/www.europesays.com\/fr\/wp-json\/wp\/v2\/posts\/555394","targetHints":{"allow":["GET"]}}],"collection":[{"href":"https:\/\/www.europesays.com\/fr\/wp-json\/wp\/v2\/posts"}],"about":[{"href":"https:\/\/www.europesays.com\/fr\/wp-json\/wp\/v2\/types\/post"}],"author":[{"embeddable":true,"href":"https:\/\/www.europesays.com\/fr\/wp-json\/wp\/v2\/users\/2"}],"replies":[{"embeddable":true,"href":"https:\/\/www.europesays.com\/fr\/wp-json\/wp\/v2\/comments?post=555394"}],"version-history":[{"count":0,"href":"https:\/\/www.europesays.com\/fr\/wp-json\/wp\/v2\/posts\/555394\/revisions"}],"wp:featuredmedia":[{"embeddable":true,"href":"https:\/\/www.europesays.com\/fr\/wp-json\/wp\/v2\/media\/177931"}],"wp:attachment":[{"href":"https:\/\/www.europesays.com\/fr\/wp-json\/wp\/v2\/media?parent=555394"}],"wp:term":[{"taxonomy":"category","embeddable":true,"href":"https:\/\/www.europesays.com\/fr\/wp-json\/wp\/v2\/categories?post=555394"},{"taxonomy":"post_tag","embeddable":true,"href":"https:\/\/www.europesays.com\/fr\/wp-json\/wp\/v2\/tags?post=555394"}],"curies":[{"name":"wp","href":"https:\/\/api.w.org\/{rel}","templated":true}]}}