{"id":555395,"date":"2025-11-24T12:45:44","date_gmt":"2025-11-24T12:45:44","guid":{"rendered":"https:\/\/www.europesays.com\/fr\/555395\/"},"modified":"2025-11-24T12:45:44","modified_gmt":"2025-11-24T12:45:44","slug":"juges-epuises-enfants-en-danger-les-magistrats-nantais-demandent-des-renforts-en","status":"publish","type":"post","link":"https:\/\/www.europesays.com\/fr\/555395\/","title":{"rendered":"Juges \u00ab\u00a0\u00e9puis\u00e9s\u00a0\u00bb, enfants en danger\u00a0: les magistrats nantais demandent des renforts en"},"content":{"rendered":"<tr wp_automatic_readability=\"3.9111111111111\">\n<td valign=\"middle\" align=\"center\" class=\"col-logo\">\n    <img decoding=\"async\" src=\"https:\/\/www.europesays.com\/fr\/wp-content\/uploads\/2025\/04\/presse-ocean.gif\" alt=\"logo Presse-Oc\u00e9an\" height=\"66\"\/><\/p>\n<\/td>\n<td class=\"col-titre\">\n\t\t\tLundi 24 novembre 2025 11:27<br \/>\n\t\t\t<a class=\"icon-bulle sizeL count\" href=\"#ancreAvis\"><br \/>\n\t&#8230;<br \/>\n<\/a><\/td>\n<\/tr>\n<p>\t\t<a class=\"mavillebox2 elmt-photo\" href=\"https:\/\/maville.com\/photosmvi\/2025\/11\/24\/P35599159D7077923G.jpg\" title=\" Les magistrats se sont r\u00e9unis le 19\u00a0novembre \u00e0 Nantes.  \u00a9  Photo Courrier de l\u2019Ouest-Marie Delage  \" rel=\"galerie_actu noopener\" target=\"_blank\"><br \/>\n\t<img decoding=\"async\" src=\"https:\/\/www.europesays.com\/fr\/wp-content\/uploads\/2025\/11\/P35599159D7077923G_crop_640-330_.jpg\" alt=\"photo  les magistrats se sont r\u00e9unis le 19\u00a0novembre \u00e0 nantes.  \u00a9  photo courrier de l\u2019ouest-marie delage \"\/><br \/>\n\t2<br \/>\n<\/a><\/p>\n<p class=\"elmt-legende\"> Les magistrats se sont r\u00e9unis le 19\u00a0novembre \u00e0 Nantes.  \u00a9  Photo Courrier de l\u2019Ouest-Marie Delage  <\/p>\n<p><a class=\"mavillebox2\" href=\"https:\/\/maville.com\/photosmvi\/2025\/11\/24\/P35599160D7077923G.jpg\" title=\"Or, le conseil d\u00e9partemental fait actuellement face \u00e0 1\u00a0900\u00a0informations pr\u00e9occupantes en attente d\u2019\u00e9valuation, parmi lesquelles 900\u00a0ne sont pas encore attribu\u00e9es. \u00a9  Photo illustration Presse Oc\u00e9an \" rel=\"galerie_actu noopener\" target=\"_blank\"><\/p>\n<p>\t\tDans une motion vot\u00e9e le 19\u00a0novembre 2025, des magistrats nantais, r\u00e9unis en assembl\u00e9e g\u00e9n\u00e9rale, ont constat\u00e9 la surcharge de travail confi\u00e9e aux juges pour enfants. Ils demandent la cr\u00e9ation d\u2019un huiti\u00e8me cabinet \u00e0 Nantes, \u00ab\u00a0en urgence\u00a0\u00bb.<\/p>\n<p><b>Cet article est r\u00e9serv\u00e9 aux abonn\u00e9s<\/b><\/p>\n<p>Pour un acc\u00e8s imm\u00e9diat, abonnez-vous<\/p>\n<p><b>1\u00e8re semaine offerte<\/b><\/p>\n<p>\t\t Anne-H\u00e9l\u00e8ne Dorison \u00a0\u00a0<br \/>\n\t\tPresse-Oc\u00e9an<\/p>\n<p>Retrouvez d&rsquo;autres actus sur les communes de :<\/p>\n<p>\t\t&#13;<\/p>\n","protected":false},"excerpt":{"rendered":"Lundi 24 novembre 2025 11:27 &#8230; 2 Les magistrats se sont r\u00e9unis le 19\u00a0novembre \u00e0 Nantes. \u00a9 Photo&hellip;\n","protected":false},"author":2,"featured_media":555396,"comment_status":"","ping_status":"","sticky":false,"template":"","format":"standard","meta":{"footnotes":""},"categories":[2818],"tags":[1111,11,4511,12435,1719,42375,1777,674,1011,27,11515,6194,4715,766,12,2636,33358,25,3083],"class_list":{"0":"post-555395","1":"post","2":"type-post","3":"status-publish","4":"format-standard","5":"has-post-thumbnail","7":"category-nantes","8":"tag-actu","9":"tag-actualites","10":"tag-danger","11":"tag-demandent","12":"tag-enfants","13":"tag-epuises","14":"tag-eu","15":"tag-europe","16":"tag-fr","17":"tag-france","18":"tag-juges","19":"tag-magistrats","20":"tag-nantais","21":"tag-nantes","22":"tag-news","23":"tag-pays-de-la-loire","24":"tag-renforts","25":"tag-republique-francaise","26":"tag-urgence"},"share_on_mastodon":{"url":"https:\/\/pubeurope.com\/@fr\/115604746232289572","error":""},"_links":{"self":[{"href":"https:\/\/www.europesays.com\/fr\/wp-json\/wp\/v2\/posts\/555395","targetHints":{"allow":["GET"]}}],"collection":[{"href":"https:\/\/www.europesays.com\/fr\/wp-json\/wp\/v2\/posts"}],"about":[{"href":"https:\/\/www.europesays.com\/fr\/wp-json\/wp\/v2\/types\/post"}],"author":[{"embeddable":true,"href":"https:\/\/www.europesays.com\/fr\/wp-json\/wp\/v2\/users\/2"}],"replies":[{"embeddable":true,"href":"https:\/\/www.europesays.com\/fr\/wp-json\/wp\/v2\/comments?post=555395"}],"version-history":[{"count":0,"href":"https:\/\/www.europesays.com\/fr\/wp-json\/wp\/v2\/posts\/555395\/revisions"}],"wp:featuredmedia":[{"embeddable":true,"href":"https:\/\/www.europesays.com\/fr\/wp-json\/wp\/v2\/media\/555396"}],"wp:attachment":[{"href":"https:\/\/www.europesays.com\/fr\/wp-json\/wp\/v2\/media?parent=555395"}],"wp:term":[{"taxonomy":"category","embeddable":true,"href":"https:\/\/www.europesays.com\/fr\/wp-json\/wp\/v2\/categories?post=555395"},{"taxonomy":"post_tag","embeddable":true,"href":"https:\/\/www.europesays.com\/fr\/wp-json\/wp\/v2\/tags?post=555395"}],"curies":[{"name":"wp","href":"https:\/\/api.w.org\/{rel}","templated":true}]}}