{"id":555399,"date":"2025-11-24T12:48:19","date_gmt":"2025-11-24T12:48:19","guid":{"rendered":"https:\/\/www.europesays.com\/fr\/555399\/"},"modified":"2025-11-24T12:48:19","modified_gmt":"2025-11-24T12:48:19","slug":"bordeaux-doit-avoir-son-musee-du-vin","status":"publish","type":"post","link":"https:\/\/www.europesays.com\/fr\/555399\/","title":{"rendered":"\u00ab\u00a0Bordeaux doit avoir son mus\u00e9e du vin\u00a0!\u00a0\u00bb"},"content":{"rendered":"<p>Imaginez aussi un commer\u00e7ant retrait\u00e9 \u00ab\u00a0du troisi\u00e8me \u00e2ge\u00a0\u00bb une sorte de p\u00e8re Goriot doubl\u00e9 d\u2019un cousin Pons, un homme qui aurait inspir\u00e9 Balzac et qui a pass\u00e9 sa vie \u00e0 collectionner avec acharnement des milliers d\u2019objets divers\u00a0: des dizaines et des dizaines de pendules et horloges sonnant \u00e0 qui mieux mieux, des cuivres, des \u00e9tains, mille et un bibelots\u2026<\/p>\n<p>        <img decoding=\"async\" id=\"26804412\" src=\"https:\/\/www.europesays.com\/fr\/wp-content\/uploads\/2025\/11\/sudouest-photo-1-35347441-1600.jpg\" alt=\"Le th\u00e8me de la vigne et du vin est une part importante de la collection d\u2019Andr\u00e9 Romeu et de son \u00e9pouse.\" itemprop=\"contentURL\"\/><\/p>\n<p>    Le th\u00e8me de la vigne et du vin est une part importante de la collection d\u2019Andr\u00e9 Romeu et de son \u00e9pouse.<\/p>\n<p>Guy Carlsen\u00a0\/\u00a0Archives Sud Ouest<\/p>\n<p>Dans cette extraordinaire caverne d\u2019Ali Baba vous rencontrez un monsieur souriant, rose, aimable, et son \u00e9pouse. Tous deux ont la m\u00eame passion des collections et ils vous accueillent d\u2019autant plus volontiers que cela leur donne l\u2019occasion de parler d\u2019un projet qui leur tient \u00e0 c\u0153ur\u00a0: fonder ce mus\u00e9e, le mus\u00e9e du vin qui manque \u00e0 la gloire de Bordeaux.<\/p>\n<blockquote><p>\u00ab\u00a0Je suis par\u00e9\u00a0: seul le local me manque\u00a0\u00bb assure un collectionneur acharn\u00e9<\/p><\/blockquote>\n<p>Andr\u00e9 Romeu qui naquit \u00e0 B\u00e9ziers est venu un jour, par hasard, chez un collectionneur toulousain et, tout de suite, ce fut le coup de foudre pour tout ce qui pouvait constituer une collection. \u00ab\u00a0Le coup d\u2019envoi \u00e9tait donn\u00e9, trente ans plus tard je collectionne encore et je crois que je ne m\u2019arr\u00eaterai jamais\u00a0!\u00a0\u00bb, assure-t-il enthousiaste mais, comme il faut bien avoir une pr\u00e9f\u00e9rence, Romeu, d\u2019accord en cela avec son \u00e9pouse, a choisi d\u2019insister sur le th\u00e8me de la vigne et du vin.<\/p>\n<p>D\u00e9j\u00e0 il a expos\u00e9 et il faut le dire avec un tr\u00e8s vif succ\u00e8s\u00a0: \u00e0 Gradignan, \u00e0 Pessac, \u00e0 la Vinoth\u00e8que, aux Nouvelles Halles, ses pr\u00e9sentations ont connu une large audience.<\/p>\n<p>Mais cela ne lui suffit pas. \u00ab\u00a0Comment se fait-il, interroge M. Romeu, que personne ne songe \u00e0 doter Bordeaux de ce mus\u00e9e qui lui fait d\u00e9faut\u00a0? C\u2019est pourquoi je d\u00e9sire \u2014 oh, en toute modestie \u2014 me substituer aux pouvoirs publics, je vais demander une audience \u00e0 M. Chaban-Delmas et je compte bien l\u2019int\u00e9resser \u00e0 mon projet\u00a0!\u00a0\u00bb<\/p>\n<p>En ce qui concerne l\u2019endroit o\u00f9 son mus\u00e9e pourrait \u00eatre install\u00e9, M.\u00a0Romeu a une petite id\u00e9e\u00a0: pourquoi ne pas le pr\u00e9voir au mus\u00e9e Jean-Moulin puisque celui-ci doit \u00eatre d\u00e9m\u00e9nag\u00e9 tr\u00e8s prochainement\u00a0?<\/p>\n","protected":false},"excerpt":{"rendered":"Imaginez aussi un commer\u00e7ant retrait\u00e9 \u00ab\u00a0du troisi\u00e8me \u00e2ge\u00a0\u00bb une sorte de p\u00e8re Goriot doubl\u00e9 d\u2019un cousin Pons, un&hellip;\n","protected":false},"author":2,"featured_media":555400,"comment_status":"","ping_status":"","sticky":false,"template":"","format":"standard","meta":{"footnotes":""},"categories":[2817],"tags":[1111,11,1997,1777,674,1011,27,12,2219,25],"class_list":{"0":"post-555399","1":"post","2":"type-post","3":"status-publish","4":"format-standard","5":"has-post-thumbnail","7":"category-bordeaux","8":"tag-actu","9":"tag-actualites","10":"tag-bordeaux","11":"tag-eu","12":"tag-europe","13":"tag-fr","14":"tag-france","15":"tag-news","16":"tag-nouvelle-aquitaine","17":"tag-republique-francaise"},"share_on_mastodon":{"url":"https:\/\/pubeurope.com\/@fr\/115604758161967115","error":""},"_links":{"self":[{"href":"https:\/\/www.europesays.com\/fr\/wp-json\/wp\/v2\/posts\/555399","targetHints":{"allow":["GET"]}}],"collection":[{"href":"https:\/\/www.europesays.com\/fr\/wp-json\/wp\/v2\/posts"}],"about":[{"href":"https:\/\/www.europesays.com\/fr\/wp-json\/wp\/v2\/types\/post"}],"author":[{"embeddable":true,"href":"https:\/\/www.europesays.com\/fr\/wp-json\/wp\/v2\/users\/2"}],"replies":[{"embeddable":true,"href":"https:\/\/www.europesays.com\/fr\/wp-json\/wp\/v2\/comments?post=555399"}],"version-history":[{"count":0,"href":"https:\/\/www.europesays.com\/fr\/wp-json\/wp\/v2\/posts\/555399\/revisions"}],"wp:featuredmedia":[{"embeddable":true,"href":"https:\/\/www.europesays.com\/fr\/wp-json\/wp\/v2\/media\/555400"}],"wp:attachment":[{"href":"https:\/\/www.europesays.com\/fr\/wp-json\/wp\/v2\/media?parent=555399"}],"wp:term":[{"taxonomy":"category","embeddable":true,"href":"https:\/\/www.europesays.com\/fr\/wp-json\/wp\/v2\/categories?post=555399"},{"taxonomy":"post_tag","embeddable":true,"href":"https:\/\/www.europesays.com\/fr\/wp-json\/wp\/v2\/tags?post=555399"}],"curies":[{"name":"wp","href":"https:\/\/api.w.org\/{rel}","templated":true}]}}