{"id":555407,"date":"2025-11-24T12:52:23","date_gmt":"2025-11-24T12:52:23","guid":{"rendered":"https:\/\/www.europesays.com\/fr\/555407\/"},"modified":"2025-11-24T12:52:23","modified_gmt":"2025-11-24T12:52:23","slug":"peace-lobe-un-concert-qui-protege-les-oreilles-des-jeunes","status":"publish","type":"post","link":"https:\/\/www.europesays.com\/fr\/555407\/","title":{"rendered":"Peace &#038; Lobe : un concert qui prot\u00e8ge les oreilles des jeunes"},"content":{"rendered":"<p class=\"introduction\">Le saviez-vous ? Un jeune sur deux risque une perte d\u2019audition dans les ann\u00e9es \u00e0 venir. Face \u00e0 ce constat alarmant, l\u2019association ARA (Autour des Rythmes Actuels), en partenariat avec AgiSon, la DRAC, l\u2019ARS et la R\u00e9gion Hauts-de-France, d\u00e9ploie un programme de pr\u00e9vention original \u00e0 destination des coll\u00e9giens et lyc\u00e9ens de notre r\u00e9gion : Peace &amp; Lobe, un concert p\u00e9dagogique aussi ludique qu\u2019instructif.<\/p>\n<p data-start=\"578\" data-end=\"1016\">Les coll\u00e9giens, lyc\u00e9ens et apprentis de Roubaix ont v\u00e9cu une exp\u00e9rience unique avec Peace &amp; Lobe mardi 18 novembre \u00e0 La Cave aux Po\u00e8tes, un concert p\u00e9dagogique m\u00ealant musique live, humour et pr\u00e9vention. Organis\u00e9 par l\u2019association ARA (Autour des Rythmes Actuels) sur l\u2019ensemble du territoire des Hauts-de-France, ce spectacle a pour objectif d\u2019\u00e9veiller la curiosit\u00e9 musicale tout en sensibilisant aux risques auditifs.<\/p>\n<p data-start=\"578\" data-end=\"1016\">Cinq artistes de la sc\u00e8ne musicale r\u00e9gionale, S\u00e9verine Cagnac, Maxime Mouquet, Cl\u00e9ment Petit, Nicolas Tarridec et Charly Miloze, se sont produits sur sc\u00e8ne pour retracer l\u2019histoire des musiques amplifi\u00e9es, du rock des sixties au rap actuel, et partager des conseils simples pour \u00e9couter la musique de mani\u00e8re responsable. Les jeunes ont \u00e9t\u00e9 invit\u00e9s \u00e0 un voyage sonore et visuel o\u00f9 guitares satur\u00e9es, beats \u00e9lectro et d\u00e9cibels se sont m\u00eal\u00e9s aux explications sur le fonctionnement de l\u2019oreille et les gestes de pr\u00e9vention.<\/p>\n<p data-start=\"1018\" data-end=\"1082\">Peace &amp; Lobe a abord\u00e9 plusieurs th\u00e9matiques essentielles :<\/p>\n<ul data-start=\"1083\" data-end=\"1518\">\n<li data-start=\"1083\" data-end=\"1183\">\n<p data-start=\"1085\" data-end=\"1183\"><strong data-start=\"1085\" data-end=\"1095\">Le son<\/strong> : d\u00e9couvrir ce qu\u2019\u00e9tait le son et les \u00e9l\u00e9ments de la cha\u00eene d\u2019amplification musicale.<\/p>\n<\/li>\n<li data-start=\"1184\" data-end=\"1322\">\n<p data-start=\"1186\" data-end=\"1322\"><strong data-start=\"1186\" data-end=\"1224\">L\u2019histoire des musiques amplifi\u00e9es<\/strong> : comprendre l\u2019\u00e9volution de la diffusion de la musique et son influence sur les styles actuels.<\/p>\n<\/li>\n<li data-start=\"1323\" data-end=\"1518\">\n<p data-start=\"1325\" data-end=\"1518\"><strong data-start=\"1325\" data-end=\"1363\">La pr\u00e9vention des risques auditifs<\/strong> : apprendre comment fonctionnait l\u2019oreille, rep\u00e9rer les signaux d\u2019alerte et conna\u00eetre les protections \u00e0 adopter pour profiter de la musique sans danger.<\/p>\n<\/li>\n<\/ul>\n<p data-start=\"1520\" data-end=\"1742\">Ce concert s\u2019inscrit dans le cadre du label national \u00ab Peace &amp; Lobe \u00bb, d\u00e9livr\u00e9 par AGI-SON, qui certifie les actions de sensibilisation aux risques auditifs selon un cahier des charges scientifique et p\u00e9dagogique.<\/p>\n<p data-start=\"1744\" data-end=\"1978\">\u00c0 Roubaix, cette initiative a permis aux jeunes de d\u00e9couvrir le plaisir du live tout en apprenant \u00e0 prot\u00e9ger leur audition. Une belle occasion de joindre l\u2019utile \u00e0 l\u2019agr\u00e9able et de vivre la musique pleinement, en toute s\u00e9curit\u00e9.<\/p>\n<p>Envie d\u2019en savoir plus\u00a0? Rendez-vous sur le site de l\u2019ARA pour d\u00e9couvrir toutes leurs actions en faveur des musiques actuelles\u00a0:\u00a0<a href=\"http:\/\/www.ara-asso.fr\/\" target=\"_blank\" rel=\"noopener\">www.ara-asso.fr<\/a><\/p>\n<p>\u00a9 Cr\u00e9dit photos \u2013 ARA<\/p>\n","protected":false},"excerpt":{"rendered":"Le saviez-vous ? Un jeune sur deux risque une perte d\u2019audition dans les ann\u00e9es \u00e0 venir. Face \u00e0&hellip;\n","protected":false},"author":2,"featured_media":555408,"comment_status":"","ping_status":"","sticky":false,"template":"","format":"standard","meta":{"footnotes":""},"categories":[2815],"tags":[1111,11,53761,1777,674,1011,27,811,1307,12,67295,25],"class_list":{"0":"post-555407","1":"post","2":"type-post","3":"status-publish","4":"format-standard","5":"has-post-thumbnail","7":"category-lille","8":"tag-actu","9":"tag-actualites","10":"tag-ara","11":"tag-eu","12":"tag-europe","13":"tag-fr","14":"tag-france","15":"tag-hauts-de-france","16":"tag-lille","17":"tag-news","18":"tag-peace-lobe","19":"tag-republique-francaise"},"share_on_mastodon":{"url":"https:\/\/pubeurope.com\/@fr\/115604773104821506","error":""},"_links":{"self":[{"href":"https:\/\/www.europesays.com\/fr\/wp-json\/wp\/v2\/posts\/555407","targetHints":{"allow":["GET"]}}],"collection":[{"href":"https:\/\/www.europesays.com\/fr\/wp-json\/wp\/v2\/posts"}],"about":[{"href":"https:\/\/www.europesays.com\/fr\/wp-json\/wp\/v2\/types\/post"}],"author":[{"embeddable":true,"href":"https:\/\/www.europesays.com\/fr\/wp-json\/wp\/v2\/users\/2"}],"replies":[{"embeddable":true,"href":"https:\/\/www.europesays.com\/fr\/wp-json\/wp\/v2\/comments?post=555407"}],"version-history":[{"count":0,"href":"https:\/\/www.europesays.com\/fr\/wp-json\/wp\/v2\/posts\/555407\/revisions"}],"wp:featuredmedia":[{"embeddable":true,"href":"https:\/\/www.europesays.com\/fr\/wp-json\/wp\/v2\/media\/555408"}],"wp:attachment":[{"href":"https:\/\/www.europesays.com\/fr\/wp-json\/wp\/v2\/media?parent=555407"}],"wp:term":[{"taxonomy":"category","embeddable":true,"href":"https:\/\/www.europesays.com\/fr\/wp-json\/wp\/v2\/categories?post=555407"},{"taxonomy":"post_tag","embeddable":true,"href":"https:\/\/www.europesays.com\/fr\/wp-json\/wp\/v2\/tags?post=555407"}],"curies":[{"name":"wp","href":"https:\/\/api.w.org\/{rel}","templated":true}]}}