{"id":555409,"date":"2025-11-24T12:53:23","date_gmt":"2025-11-24T12:53:23","guid":{"rendered":"https:\/\/www.europesays.com\/fr\/555409\/"},"modified":"2025-11-24T12:53:23","modified_gmt":"2025-11-24T12:53:23","slug":"lille-fini-les-excuses-bidon-pour-pas-donner-aux-sdf-avec-la-carte-solly","status":"publish","type":"post","link":"https:\/\/www.europesays.com\/fr\/555409\/","title":{"rendered":"Lille : Fini les excuses bidon pour pas donner aux SDF avec la carte Solly"},"content":{"rendered":"<p class=\"mb-4 text-lg md:leading-8 break-words\"><strong>carte ou esp\u00e8ces\u00a0? &#8211; Imagin\u00e9e par un \u00e9tudiant lillois, Solly permet de faire un don \u00e0 une personne sans abri directement depuis son smartphone gr\u00e2ce \u00e0 un QR code personnel<\/strong><\/p>\n<p class=\"mb-4 text-lg md:leading-8 break-words\">A <a href=\"https:\/\/www.20minutes.fr\/lille\/?at_medium=RSS%20feed&amp;at_campaign=ynews&amp;utm_source=yahoo&amp;utm_medium=rss&amp;utm_campaign=news_feed&amp;utm_content=in_article_link\" rel=\"nofollow noopener\" target=\"_blank\" data-ylk=\"slk:Lille;elm:context_link;itc:0;sec:content-canvas\" class=\"link \">Lille<\/a>, dans le Nord, il faudra d\u00e9sormais assumer de recaler <a href=\"https:\/\/www.20minutes.fr\/dossier\/sdf?at_medium=RSS%20feed&amp;at_campaign=ynews&amp;utm_source=yahoo&amp;utm_medium=rss&amp;utm_campaign=news_feed&amp;utm_content=in_article_link\" rel=\"nofollow noopener\" target=\"_blank\" data-ylk=\"slk:les SDF;elm:context_link;itc:0;sec:content-canvas\" class=\"link \">les SDF<\/a> qui vous demandent une \u00ab\u00a0petite pi\u00e8ce\u00a0\u00bb. Depuis samedi, le \u00ab\u00a0d\u00e9sol\u00e9, j\u2019ai pas de monnaie chef\u00a0\u00bb ne tient plus la route puisqu\u2019il est maintenant possible de faire un don aux sans-abri directement gr\u00e2ce \u00e0 un <a href=\"https:\/\/www.20minutes.fr\/high-tech\/smartphone\/?at_medium=RSS%20feed&amp;at_campaign=ynews&amp;utm_source=yahoo&amp;utm_medium=rss&amp;utm_campaign=news_feed&amp;utm_content=in_article_link\" rel=\"nofollow noopener\" target=\"_blank\" data-ylk=\"slk:smartphone;elm:context_link;itc:0;sec:content-canvas\" class=\"link \">smartphone <\/a>avec la solution \u00ab\u00a0Solly\u00a0\u00bb.<\/p>\n<p class=\"mb-4 text-lg md:leading-8 break-words\">La d\u00e9mat\u00e9rialisation de l\u2019argent et l\u2019h\u00e9g\u00e9monie de la carte bancaire ne font pas les affaires des personnes \u00e0 la rue dont les journ\u00e9es de manche sont de plus en plus maigres. Que ce soit vrai ou que ce soit une excuse pour esquiver, on ne juge pas, le facile \u00ab\u00a0j\u2019ai pas de monnaie\u00a0\u00bb devrait se faire plus rare, du moins \u00e0 Lille gr\u00e2ce \u00e0 une carte de paiement coupl\u00e9e \u00e0 un QR code distribu\u00e9e aux SDF, samedi.<\/p>\n<p>Le projet d\u2019un \u00e9tudiant qui se concr\u00e9tise<\/p>\n<p class=\"mb-4 text-lg md:leading-8 break-words\">Le projet est celui d\u2019un \u00e9tudiant lillois, Thimot\u00e9 Deguette, lequel avait d\u2019abord imagin\u00e9 Solly App, \u00ab\u00a0l\u2019application qui d\u00e9mat\u00e9rialise les dons aux personnes sans domicile fixe\u00a0\u00bb. Un projet solidaire pour lequel il avait d\u2019ailleurs \u00e9t\u00e9 r\u00e9compens\u00e9 d\u2019un prix du public au concours EngrainaGES, en\u00a02024.<\/p>\n<p class=\"mb-4 text-lg md:leading-8 break-words\">Le projet s\u2019est concr\u00e9tis\u00e9, mais l\u2019App est finalement devenue une carte, \u00ab\u00a0con\u00e7ue sur le mod\u00e8le des cartes tickets-restaurant\u00a0\u00bb. Lorsque l\u2019on scanne que QR code sur la carte de la personne sans domicile, on arrive sur une page o\u00f9 il faut remplir ses coordonn\u00e9es, les infos de sa carte bancaire et le montant du don que l\u2019on souhaite faire. Il y a un minimum dans le montant du don, fix\u00e9 \u00e0 2 euros, et celui-ci est m\u00eame d\u00e9fiscalisable(&#8230;)<\/p>\n<p class=\"mb-4 text-lg md:leading-8 break-words\"><a href=\"https:\/\/www.20minutes.fr\/lille\/4187468-20251124-lille-fini-excuses-bidon-donner-sdf-carte-solly?at_medium=RSS%20feed&amp;at_campaign=ynews&amp;utm_source=yahoo&amp;utm_medium=rss&amp;utm_campaign=news_feed&amp;utm_content=read_more_link&quot;\" rel=\"nofollow noopener\" target=\"_blank\" data-ylk=\"slk:Lire la suite sur 20minutes;elm:context_link;itc:0;sec:content-canvas\" class=\"link \">Lire la suite sur 20minutes<\/a><\/p>\n<p>\u00c0 lire aussi :<br \/><a href=\"https:\/\/www.20minutes.fr\/societe\/4182680-20251030-plus-900-sdf-morts-an-dernier-france-parmi-plusieurs-enfants?at_medium=RSS%20feed&amp;at_campaign=ynews&amp;utm_source=yahoo&amp;utm_medium=rss&amp;utm_campaign=news_feed&amp;utm_content=related_content_link\" rel=\"nofollow noopener\" target=\"_blank\" data-ylk=\"slk:Plus de 900 SDF sont morts l\u2019an dernier en France, parmi eux plusieurs enfants;elm:context_link;itc:0;sec:content-canvas\" class=\"link \">Plus de 900 SDF sont morts l\u2019an dernier en France, parmi eux plusieurs enfants<\/a><br \/><a href=\"https:\/\/www.20minutes.fr\/arts-stars\/culture\/4185530-20251116-vertical-dramas-mini-series-problematiques-pullulent-tiktok?at_medium=RSS%20feed&amp;at_campaign=ynews&amp;utm_source=yahoo&amp;utm_medium=rss&amp;utm_campaign=news_feed&amp;utm_content=related_content_link\" rel=\"nofollow noopener\" target=\"_blank\" data-ylk=\"slk:Les \u00ab\u00a0vertical dramas\u00a0\u00bb, ces mini-s\u00e9ries probl\u00e9matiques qui pullulent sur TikTok;elm:context_link;itc:0;sec:content-canvas\" class=\"link \">Les \u00ab\u00a0vertical dramas\u00a0\u00bb, ces mini-s\u00e9ries probl\u00e9matiques qui pullulent sur TikTok<\/a><\/p>\n","protected":false},"excerpt":{"rendered":"carte ou esp\u00e8ces\u00a0? &#8211; Imagin\u00e9e par un \u00e9tudiant lillois, Solly permet de faire un don \u00e0 une personne&hellip;\n","protected":false},"author":2,"featured_media":555410,"comment_status":"","ping_status":"","sticky":false,"template":"","format":"standard","meta":{"footnotes":""},"categories":[2815],"tags":[1111,11,11614,1777,674,1011,27,811,4837,1307,12,21079,25,3910,67296],"class_list":{"0":"post-555409","1":"post","2":"type-post","3":"status-publish","4":"format-standard","5":"has-post-thumbnail","7":"category-lille","8":"tag-actu","9":"tag-actualites","10":"tag-carte-bancaire","11":"tag-eu","12":"tag-europe","13":"tag-fr","14":"tag-france","15":"tag-hauts-de-france","16":"tag-le-projet","17":"tag-lille","18":"tag-news","19":"tag-qr-code","20":"tag-republique-francaise","21":"tag-sdf","22":"tag-solly"},"share_on_mastodon":{"url":"https:\/\/pubeurope.com\/@fr\/115604776927331798","error":""},"_links":{"self":[{"href":"https:\/\/www.europesays.com\/fr\/wp-json\/wp\/v2\/posts\/555409","targetHints":{"allow":["GET"]}}],"collection":[{"href":"https:\/\/www.europesays.com\/fr\/wp-json\/wp\/v2\/posts"}],"about":[{"href":"https:\/\/www.europesays.com\/fr\/wp-json\/wp\/v2\/types\/post"}],"author":[{"embeddable":true,"href":"https:\/\/www.europesays.com\/fr\/wp-json\/wp\/v2\/users\/2"}],"replies":[{"embeddable":true,"href":"https:\/\/www.europesays.com\/fr\/wp-json\/wp\/v2\/comments?post=555409"}],"version-history":[{"count":0,"href":"https:\/\/www.europesays.com\/fr\/wp-json\/wp\/v2\/posts\/555409\/revisions"}],"wp:featuredmedia":[{"embeddable":true,"href":"https:\/\/www.europesays.com\/fr\/wp-json\/wp\/v2\/media\/555410"}],"wp:attachment":[{"href":"https:\/\/www.europesays.com\/fr\/wp-json\/wp\/v2\/media?parent=555409"}],"wp:term":[{"taxonomy":"category","embeddable":true,"href":"https:\/\/www.europesays.com\/fr\/wp-json\/wp\/v2\/categories?post=555409"},{"taxonomy":"post_tag","embeddable":true,"href":"https:\/\/www.europesays.com\/fr\/wp-json\/wp\/v2\/tags?post=555409"}],"curies":[{"name":"wp","href":"https:\/\/api.w.org\/{rel}","templated":true}]}}