{"id":555413,"date":"2025-11-24T12:55:19","date_gmt":"2025-11-24T12:55:19","guid":{"rendered":"https:\/\/www.europesays.com\/fr\/555413\/"},"modified":"2025-11-24T12:55:19","modified_gmt":"2025-11-24T12:55:19","slug":"ligue-des-champions-3-300-anglais-attendus-a-marseille","status":"publish","type":"post","link":"https:\/\/www.europesays.com\/fr\/555413\/","title":{"rendered":"Ligue des Champions &#8211; 3 300 Anglais attendus \u00e0 Marseille"},"content":{"rendered":"<p><strong><\/p>\n<p>3 300 supporters de Newcastle devraient se rendre \u00e0 Marseille, mardi, pour assister au match contre l\u2019OM. Les autorit\u00e9s ont pr\u00e9vu un dispositif sp\u00e9cial.<\/p>\n<p><\/strong><\/p>\n<p>Selon les informations de La Provence, <a href=\"https:\/\/www.footmarseille.com\/134609-om-newcastle-howe-encense-les-marseillais\" target=\"_blank\" rel=\"noopener\">les Magpies<\/a> seront fortement soutenus au stade Orange V\u00e9lodrome, mardi soir en Ligue des Champions. <strong>3 000 \u00e0 3 300 supporters anglais<\/strong> prendront place dans l\u2019enceinte du boulevard Michelet.<\/p>\n<p>Le quotidien pr\u00e9cise qu\u2019un dispositif sp\u00e9cial a \u00e9t\u00e9 pr\u00e9vu et que <strong>des effectifs suppl\u00e9mentaires de police ont \u00e9t\u00e9 r\u00e9quisitionn\u00e9s<\/strong>. Les Anglais ne pourront notamment pas circuler dans les 1er, 2e, 6e, 7e et 8e arrondissements, en dehors de ceux pris en charge par les forces de police.<\/p>\n<p><strong>Les Anglais ont rendez-vous \u00e0 la Joliette<\/strong>, o\u00f9 des animations sont pr\u00e9vues. Ils se rendront ensuite au V\u00e9lodrome par petits groupes, et ne pourront notamment pas assister au match de Youth League programm\u00e9 \u00e0 Martigues l\u2019apr\u00e8s-midi.<\/p>\n","protected":false},"excerpt":{"rendered":"3 300 supporters de Newcastle devraient se rendre \u00e0 Marseille, mardi, pour assister au match contre l\u2019OM. Les&hellip;\n","protected":false},"author":2,"featured_media":555414,"comment_status":"","ping_status":"","sticky":false,"template":"","format":"standard","meta":{"footnotes":""},"categories":[2814],"tags":[1111,11,1777,674,1011,27,884,12,882,25],"class_list":{"0":"post-555413","1":"post","2":"type-post","3":"status-publish","4":"format-standard","5":"has-post-thumbnail","7":"category-marseille","8":"tag-actu","9":"tag-actualites","10":"tag-eu","11":"tag-europe","12":"tag-fr","13":"tag-france","14":"tag-marseille","15":"tag-news","16":"tag-provence-alpes-cote-dazur","17":"tag-republique-francaise"},"share_on_mastodon":{"url":"https:\/\/pubeurope.com\/@fr\/115604784628346602","error":""},"_links":{"self":[{"href":"https:\/\/www.europesays.com\/fr\/wp-json\/wp\/v2\/posts\/555413","targetHints":{"allow":["GET"]}}],"collection":[{"href":"https:\/\/www.europesays.com\/fr\/wp-json\/wp\/v2\/posts"}],"about":[{"href":"https:\/\/www.europesays.com\/fr\/wp-json\/wp\/v2\/types\/post"}],"author":[{"embeddable":true,"href":"https:\/\/www.europesays.com\/fr\/wp-json\/wp\/v2\/users\/2"}],"replies":[{"embeddable":true,"href":"https:\/\/www.europesays.com\/fr\/wp-json\/wp\/v2\/comments?post=555413"}],"version-history":[{"count":0,"href":"https:\/\/www.europesays.com\/fr\/wp-json\/wp\/v2\/posts\/555413\/revisions"}],"wp:featuredmedia":[{"embeddable":true,"href":"https:\/\/www.europesays.com\/fr\/wp-json\/wp\/v2\/media\/555414"}],"wp:attachment":[{"href":"https:\/\/www.europesays.com\/fr\/wp-json\/wp\/v2\/media?parent=555413"}],"wp:term":[{"taxonomy":"category","embeddable":true,"href":"https:\/\/www.europesays.com\/fr\/wp-json\/wp\/v2\/categories?post=555413"},{"taxonomy":"post_tag","embeddable":true,"href":"https:\/\/www.europesays.com\/fr\/wp-json\/wp\/v2\/tags?post=555413"}],"curies":[{"name":"wp","href":"https:\/\/api.w.org\/{rel}","templated":true}]}}