{"id":555415,"date":"2025-11-24T12:56:14","date_gmt":"2025-11-24T12:56:14","guid":{"rendered":"https:\/\/www.europesays.com\/fr\/555415\/"},"modified":"2025-11-24T12:56:14","modified_gmt":"2025-11-24T12:56:14","slug":"ces-femmes-cheffes-veulent-se-faire-entendre","status":"publish","type":"post","link":"https:\/\/www.europesays.com\/fr\/555415\/","title":{"rendered":"ces Femmes cheffes veulent se faire entendre"},"content":{"rendered":"<p>Fin de service au S\u00f6ma. Pauline Legal, cheffe p\u00e2tissi\u00e8re et Rapha\u00eblle Asselineau, formatrice et sociologue sp\u00e9cialiste du travail et du genre sont venues dans le restaurant de Sarah Hamza. La symbolique est forte.<\/p>\n<p>C\u2019est la cheffe lyonnaise qui les a pr\u00e9sent\u00e9es, \u00ab\u00a0je savais qu\u2019elles allaient s\u2019entendre, avec leur vision f\u00e9ministe et leur envie de faire bouger les choses\u00a0\u00bb. Pauline Legal confirme, \u00ab\u00a0\u00e7a a \u00e9t\u00e9 un gros match\u00a0\u00bb. Sarah Hamza, c\u2019est aussi l\u2019une des premi\u00e8res que Pauline Legal a contact\u00e9es quand elle a eu envie d\u2019aller \u00e0 la rencontre de ses cons\u0153urs. \u00ab\u00a0Dans les \u00e9tablissements o\u00f9 j\u2019ai travaill\u00e9, nous \u00e9tions peu nombreuses. On avait de super liens mais je me suis rendu&#8230;<\/p>\n","protected":false},"excerpt":{"rendered":"Fin de service au S\u00f6ma. Pauline Legal, cheffe p\u00e2tissi\u00e8re et Rapha\u00eblle Asselineau, formatrice et sociologue sp\u00e9cialiste du travail&hellip;\n","protected":false},"author":2,"featured_media":555416,"comment_status":"","ping_status":"","sticky":false,"template":"","format":"standard","meta":{"footnotes":""},"categories":[1889],"tags":[1111,11,2430,2757,1777,674,6757,107,1011,27,2428,2756,6016,12,25,2429,4604,104],"class_list":{"0":"post-555415","1":"post","2":"type-post","3":"status-publish","4":"format-standard","5":"has-post-thumbnail","7":"category-lyon","8":"tag-actu","9":"tag-actualites","10":"tag-auvergne-rhone-alpes","11":"tag-edition-lyon-villeurbanne","12":"tag-eu","13":"tag-europe","14":"tag-feminisme","15":"tag-fil-info","16":"tag-fr","17":"tag-france","18":"tag-lyon","19":"tag-lyon-bassin","20":"tag-magazine-cuisine-et-vins","21":"tag-news","22":"tag-republique-francaise","23":"tag-rhone","24":"tag-selection-abonne","25":"tag-societe"},"share_on_mastodon":{"url":"","error":""},"_links":{"self":[{"href":"https:\/\/www.europesays.com\/fr\/wp-json\/wp\/v2\/posts\/555415","targetHints":{"allow":["GET"]}}],"collection":[{"href":"https:\/\/www.europesays.com\/fr\/wp-json\/wp\/v2\/posts"}],"about":[{"href":"https:\/\/www.europesays.com\/fr\/wp-json\/wp\/v2\/types\/post"}],"author":[{"embeddable":true,"href":"https:\/\/www.europesays.com\/fr\/wp-json\/wp\/v2\/users\/2"}],"replies":[{"embeddable":true,"href":"https:\/\/www.europesays.com\/fr\/wp-json\/wp\/v2\/comments?post=555415"}],"version-history":[{"count":0,"href":"https:\/\/www.europesays.com\/fr\/wp-json\/wp\/v2\/posts\/555415\/revisions"}],"wp:featuredmedia":[{"embeddable":true,"href":"https:\/\/www.europesays.com\/fr\/wp-json\/wp\/v2\/media\/555416"}],"wp:attachment":[{"href":"https:\/\/www.europesays.com\/fr\/wp-json\/wp\/v2\/media?parent=555415"}],"wp:term":[{"taxonomy":"category","embeddable":true,"href":"https:\/\/www.europesays.com\/fr\/wp-json\/wp\/v2\/categories?post=555415"},{"taxonomy":"post_tag","embeddable":true,"href":"https:\/\/www.europesays.com\/fr\/wp-json\/wp\/v2\/tags?post=555415"}],"curies":[{"name":"wp","href":"https:\/\/api.w.org\/{rel}","templated":true}]}}