{"id":55542,"date":"2025-04-26T23:41:08","date_gmt":"2025-04-26T23:41:08","guid":{"rendered":"https:\/\/www.europesays.com\/fr\/55542\/"},"modified":"2025-04-26T23:41:08","modified_gmt":"2025-04-26T23:41:08","slug":"previsions-du-dimanche-27-avril-2025-6","status":"publish","type":"post","link":"https:\/\/www.europesays.com\/fr\/55542\/","title":{"rendered":"pr\u00e9visions du dimanche 27 avril 2025"},"content":{"rendered":"<p>La journ\u00e9e qui s&rsquo;annonce \u00e0 Lille, promet d&rsquo;\u00eatre superbe et ensoleill\u00e9e ! Le mercure affichera 16\u00b0C en moyenne. Le matin, un vent de nord rafra\u00eechira quelque peu l&rsquo;atmosph\u00e8re. L&rsquo;apr\u00e8s-midi, c&rsquo;est une hausse de quelques degr\u00e9s que vont conna\u00eetre les temp\u00e9ratures. Les valeurs seront de 18\u00b0C au plus bas et de 21\u00b0C au plus haut. Le soir, on pr\u00e9voit des temp\u00e9ratures d&rsquo;environ 14\u00b0C. Durant la nuit de dimanche \u00e0 lundi, le ciel sera d\u00e9pourvu de nuages.<\/p>\n<p>Demain, un beau soleil rayonnera sur Lille. Les temp\u00e9ratures vont baisser de quelques degr\u00e9s. Il fera 15\u00b0C en moyenne. Une l\u00e9g\u00e8re brise de nord-est sera ressentie par les habitants. Les temp\u00e9ratures vont grimper pendant l&rsquo;apr\u00e8s-midi de quelques degr\u00e9s. Les valeurs s&rsquo;\u00e9chelonneront entre 19 et 21\u00b0C. Il va faire environ 15\u00b0C, demain soir.<\/p>\n<p>Peu de changements au fil des jours. Un ciel ensoleill\u00e9, pour des temp\u00e9ratures de 17\u00b0C en moyenne, est \u00e0 pr\u00e9voir.<\/p>\n<p><\/p>\n","protected":false},"excerpt":{"rendered":"La journ\u00e9e qui s&rsquo;annonce \u00e0 Lille, promet d&rsquo;\u00eatre superbe et ensoleill\u00e9e ! Le mercure affichera 16\u00b0C en moyenne.&hellip;\n","protected":false},"author":2,"featured_media":55543,"comment_status":"","ping_status":"","sticky":false,"template":"","format":"standard","meta":{"footnotes":""},"categories":[2815],"tags":[1111,11,1777,674,1011,27,811,1307,12,1308,1309,2119,25],"class_list":{"0":"post-55542","1":"post","2":"type-post","3":"status-publish","4":"format-standard","5":"has-post-thumbnail","7":"category-lille","8":"tag-actu","9":"tag-actualites","10":"tag-eu","11":"tag-europe","12":"tag-fr","13":"tag-france","14":"tag-hauts-de-france","15":"tag-lille","16":"tag-news","17":"tag-nord","18":"tag-nord-pas-de-calais","19":"tag-previsions-meteo","20":"tag-republique-francaise"},"share_on_mastodon":{"url":"https:\/\/pubeurope.com\/@fr\/114406914984561915","error":""},"_links":{"self":[{"href":"https:\/\/www.europesays.com\/fr\/wp-json\/wp\/v2\/posts\/55542","targetHints":{"allow":["GET"]}}],"collection":[{"href":"https:\/\/www.europesays.com\/fr\/wp-json\/wp\/v2\/posts"}],"about":[{"href":"https:\/\/www.europesays.com\/fr\/wp-json\/wp\/v2\/types\/post"}],"author":[{"embeddable":true,"href":"https:\/\/www.europesays.com\/fr\/wp-json\/wp\/v2\/users\/2"}],"replies":[{"embeddable":true,"href":"https:\/\/www.europesays.com\/fr\/wp-json\/wp\/v2\/comments?post=55542"}],"version-history":[{"count":0,"href":"https:\/\/www.europesays.com\/fr\/wp-json\/wp\/v2\/posts\/55542\/revisions"}],"wp:featuredmedia":[{"embeddable":true,"href":"https:\/\/www.europesays.com\/fr\/wp-json\/wp\/v2\/media\/55543"}],"wp:attachment":[{"href":"https:\/\/www.europesays.com\/fr\/wp-json\/wp\/v2\/media?parent=55542"}],"wp:term":[{"taxonomy":"category","embeddable":true,"href":"https:\/\/www.europesays.com\/fr\/wp-json\/wp\/v2\/categories?post=55542"},{"taxonomy":"post_tag","embeddable":true,"href":"https:\/\/www.europesays.com\/fr\/wp-json\/wp\/v2\/tags?post=55542"}],"curies":[{"name":"wp","href":"https:\/\/api.w.org\/{rel}","templated":true}]}}