{"id":555427,"date":"2025-11-24T13:04:12","date_gmt":"2025-11-24T13:04:12","guid":{"rendered":"https:\/\/www.europesays.com\/fr\/555427\/"},"modified":"2025-11-24T13:04:12","modified_gmt":"2025-11-24T13:04:12","slug":"un-train-percute-une-voiture-du-retard-annonce","status":"publish","type":"post","link":"https:\/\/www.europesays.com\/fr\/555427\/","title":{"rendered":"un train percute une voiture, du retard annonc\u00e9"},"content":{"rendered":"<p>                    Par<br \/>\n        <strong><br \/>\n            <a href=\"https:\/\/actu.fr\/auteur\/romain-michel\" title=\"Consulter tous les articles de Romain Michel\" target=\"_blank\" rel=\"noopener\">Romain Michel<\/a><br \/>\n                    <\/strong><\/p>\n<p>        Publi\u00e9 le<\/p>\n<p>            24 nov. 2025 \u00e0 13h25        <\/p>\n<p>Un <a href=\"https:\/\/actu.fr\/tag\/accident\" target=\"_blank\" rel=\"noopener\">incident routier<\/a> s\u2019est produit \u00e0 hauteur du passage \u00e0 niveau <a href=\"https:\/\/actu.fr\/normandie\/messei_61278\" target=\"_blank\" rel=\"noopener\">de Messei<\/a> (<b>Orne<\/b>), entre <a href=\"https:\/\/actu.fr\/normandie\/flers_61169\" target=\"_blank\" rel=\"noopener\">Flers<\/a> et <a href=\"https:\/\/actu.fr\/normandie\/briouze_61063\" target=\"_blank\" rel=\"noopener\">Briouze<\/a>, sur <a href=\"https:\/\/actu.fr\/tag\/ligne-paris-granville\" target=\"_blank\" rel=\"noopener\">la ligne Paris-Granville<\/a>, ce<b> lundi 24\u00a0novembre 2025 vers 11\u00a0heures.<\/b><\/p>\n<p>La circulation des trains interrompue<\/p>\n<p class=\" wall-content\">\u00ab\u2009La <a href=\"https:\/\/actu.fr\/tag\/sncf\" target=\"_blank\" rel=\"noopener\">circulation des trains<\/a> est <b>interrompue dans les deux sens<\/b> entre Granville et <a href=\"https:\/\/actu.fr\/normandie\/argentan_61006\" target=\"_blank\" rel=\"noopener\">Argentan<\/a>\u2009\u00bb, explique la SNCF Nomad train sur son compte X. \u00ab\u2009Il s\u2019agit d\u2019une collision entre un train laveur et un v\u00e9hicule routier.\u2009\u00bb<\/p>\n<p class=\" wall-content\">Les <a href=\"https:\/\/actu.fr\/tag\/pompiers\" target=\"_blank\" rel=\"noopener\">pompiers<\/a> et <a href=\"https:\/\/actu.fr\/tag\/police\" target=\"_blank\" rel=\"noopener\">les forces de l\u2019ordre<\/a> sont intervenus sur les lieux de l\u2019accident.<\/p>\n<p>Les circonstances de l\u2019accident<\/p>\n<p class=\" wall-content\">Sur place, les agents du service \u00e9lectrique de la SNCF s\u2019activent afin <b>d\u2019effectuer les v\u00e9rifications de s\u00e9curit\u00e9 n\u00e9cessaires.<\/b><\/p>\n<p>Vid\u00e9os : en ce moment sur Actu<\/p>\n<p class=\" wall-content\">\u00ab\u2009Une voiture attendait au passage \u00e0 niveau car les barri\u00e8res \u00e9taient baiss\u00e9es pour le futur passage du train\u2009\u00bb, t\u00e9moigne un agent du service \u00e9lectrique de la SNCF. \u00ab\u2009La deuxi\u00e8me voiture, aveugl\u00e9e par le soleil, est venue <b>percuter la premi\u00e8re et pousser celle-ci sur les voies.<\/b>\u2009\u00bb<\/p>\n<blockquote class=\"ac-article-quote wall-content\">\n<p>Le conducteur est parvenu \u00e0 sortir de sa voiture, avant que le train ne la percute.<\/p>\n<p>Un agent du service \u00e9lectrique de la SNCF<\/p><\/blockquote>\n<p>Votre r\u00e9gion, votre actu !<\/p>\n<p>Recevez chaque jour les infos qui comptent pour vous.<\/p>\n<p>\t<a href=\"https:\/\/actu.fr\/newsletter\" class=\"ac-btn ac-btn--corner ac-btn--medium ac-btn--blue800\" target=\"_blank\" rel=\"noopener\">S&rsquo;incrire<\/a><\/p>\n<p class=\" wall-content\">Le v\u00e9hicule a \u00e9t\u00e9 percut\u00e9 par un train laveur. \u00ab\u2009C\u2019est une draisine, <b>une locomotive de chantier qui se d\u00e9place \u00e0 50\u00a0km\/h<\/b>\u2009\u00bb, pr\u00e9cise l\u2019int\u00e9ress\u00e9.<\/p>\n<p class=\" wall-content\">\n<p>Des essais de s\u00e9curit\u00e9 sur place<\/p>\n<p class=\" wall-content\">La locomotive accident\u00e9e est toujours<b> immobilis\u00e9e sur les rails.<\/b> \u00ab\u2009Des sp\u00e9cialistes viennent <a href=\"https:\/\/actu.fr\/normandie\/rouen_76540\" target=\"_blank\" rel=\"noopener\">de Rouen<\/a> afin de confirmer qu\u2019elle est en mesure repartir.\u2009\u00bb <a href=\"https:\/\/actu.fr\/tag\/securite-routiere\" target=\"_blank\" rel=\"noopener\">Les essais de s\u00e9curit\u00e9<\/a> se poursuivent sur place. Si les essais sont concluants, la circulation sera rouverte.<\/p>\n<p class=\" wall-content\">\u00ab\u2009L\u2019heure de reprise est d\u00e9sormais <b>estim\u00e9e \u00e0 16\u00a0heures<\/b>\u2009\u00bb, indique SNCF Nomad train.<\/p>\n<p>    <a href=\"https:\/\/maps.google.com\/maps?q=48.72568704080966,-0.5425889682617147&amp;z=15&amp;output=embed\" title=\"Ouvrie le lien\" target=\"_blank\" rel=\"noopener\">Cliquez ici pour visualiser le contenu<\/a><\/p>\n<p class=\" wall-content\">Personnalisez votre actualit\u00e9 en ajoutant vos villes et m\u00e9dias en favori avec <a href=\"https:\/\/moncompte.actu.fr\" title=\"D\u00e9couvez Mon Actu\" rel=\"nofollow noopener\" data-trk=\"{&quot;cta&quot;:{&quot;action&quot;:&quot;https:\\\/\\\/moncompte.actu.fr&quot;,&quot;category&quot;:&quot;mon compte&quot;,&quot;from&quot;:&quot;article footer&quot;,&quot;name&quot;:&quot;Mon actu&quot;,&quot;type&quot;:&quot;cta&quot;}}\" target=\"_blank\">Mon Actu<\/a>.<\/p>\n","protected":false},"excerpt":{"rendered":"Par Romain Michel Publi\u00e9 le 24 nov. 2025 \u00e0 13h25 Un incident routier s\u2019est produit \u00e0 hauteur du&hellip;\n","protected":false},"author":2,"featured_media":555428,"comment_status":"","ping_status":"","sticky":false,"template":"","format":"standard","meta":{"footnotes":""},"categories":[1888],"tags":[119,11,1777,674,118,1011,27,67297,12,626,25,2215],"class_list":{"0":"post-555427","1":"post","2":"type-post","3":"status-publish","4":"format-standard","5":"has-post-thumbnail","7":"category-paris","8":"tag-accident","9":"tag-actualites","10":"tag-eu","11":"tag-europe","12":"tag-faits-divers","13":"tag-fr","14":"tag-france","15":"tag-ligne-paris-granville","16":"tag-news","17":"tag-paris","18":"tag-republique-francaise","19":"tag-sncf"},"share_on_mastodon":{"url":"https:\/\/pubeurope.com\/@fr\/115604820402882981","error":""},"_links":{"self":[{"href":"https:\/\/www.europesays.com\/fr\/wp-json\/wp\/v2\/posts\/555427","targetHints":{"allow":["GET"]}}],"collection":[{"href":"https:\/\/www.europesays.com\/fr\/wp-json\/wp\/v2\/posts"}],"about":[{"href":"https:\/\/www.europesays.com\/fr\/wp-json\/wp\/v2\/types\/post"}],"author":[{"embeddable":true,"href":"https:\/\/www.europesays.com\/fr\/wp-json\/wp\/v2\/users\/2"}],"replies":[{"embeddable":true,"href":"https:\/\/www.europesays.com\/fr\/wp-json\/wp\/v2\/comments?post=555427"}],"version-history":[{"count":0,"href":"https:\/\/www.europesays.com\/fr\/wp-json\/wp\/v2\/posts\/555427\/revisions"}],"wp:featuredmedia":[{"embeddable":true,"href":"https:\/\/www.europesays.com\/fr\/wp-json\/wp\/v2\/media\/555428"}],"wp:attachment":[{"href":"https:\/\/www.europesays.com\/fr\/wp-json\/wp\/v2\/media?parent=555427"}],"wp:term":[{"taxonomy":"category","embeddable":true,"href":"https:\/\/www.europesays.com\/fr\/wp-json\/wp\/v2\/categories?post=555427"},{"taxonomy":"post_tag","embeddable":true,"href":"https:\/\/www.europesays.com\/fr\/wp-json\/wp\/v2\/tags?post=555427"}],"curies":[{"name":"wp","href":"https:\/\/api.w.org\/{rel}","templated":true}]}}