{"id":555429,"date":"2025-11-24T13:05:19","date_gmt":"2025-11-24T13:05:19","guid":{"rendered":"https:\/\/www.europesays.com\/fr\/555429\/"},"modified":"2025-11-24T13:05:19","modified_gmt":"2025-11-24T13:05:19","slug":"moscou-affirme-navoir-recu-aucun-detail-officiel-de-la-part-des-etats-unis","status":"publish","type":"post","link":"https:\/\/www.europesays.com\/fr\/555429\/","title":{"rendered":"Moscou affirme n&rsquo;avoir re\u00e7u aucun d\u00e9tail officiel de la part des \u00c9tats-Unis"},"content":{"rendered":"<p style=\"text-align:justify;\">AA \/ Moscou \/ Dimitri Chirciu et Zahir Safuoglu<\/p>\n<p style=\"text-align:justify;\">\u200b\u200b\u200b\u200b\u200b\u200b\u200bLe porte-parole du Kremlin, Dmitri Peskov, a d\u00e9clar\u00e9 que la Russie n&rsquo;avait re\u00e7u aucune information officielle des \u00c9tats-Unis concernant les r\u00e9sultats des n\u00e9gociations qui se sont tenues dimanche \u00e0 Gen\u00e8ve, en Suisse, sur le \u00ab plan de paix \u00bb relatif \u00e0 la guerre russo-ukrainienne.<\/p>\n<p style=\"text-align:justify;\">Dans une d\u00e9claration aux journalistes lundi, Peskov a pr\u00e9cis\u00e9 que Moscou suivait de pr\u00e8s le d\u00e9roulement des n\u00e9gociations et qu&rsquo;elle restait dans l&rsquo;attente, \u00e9tant donn\u00e9 que celles-ci \u00e9taient toujours en cours.<\/p>\n<p style=\"text-align:justify;\">La ville suisse de Gen\u00e8ve a accueilli dimanche une r\u00e9union entre des responsables am\u00e9ricains et ukrainiens afin de discuter du plan du pr\u00e9sident am\u00e9ricain Donald Trump visant \u00e0 mettre fin \u00e0 la guerre entre la Russie et l&rsquo;Ukraine.<\/p>\n<p style=\"text-align:justify;\">En r\u00e9ponse aux all\u00e9gations selon lesquelles certaines modifications auraient \u00e9t\u00e9 apport\u00e9es au plan am\u00e9ricain lors des n\u00e9gociations de Gen\u00e8ve, Peskov a d\u00e9clar\u00e9 : \u00ab Nous devons agir sur la base des informations provenant des canaux officiels. Nous ne disposons pas actuellement de telles informations \u00bb.<\/p>\n<p style=\"text-align:justify;\">Peskov a indiqu\u00e9 qu&rsquo;aucune r\u00e9union n&rsquo;\u00e9tait pr\u00e9vue cette semaine entre la Russie et les \u00c9tats-Unis au sujet du plan de paix, tout en soulignant qu&rsquo;ils \u00e9taient ouverts \u00e0 cette id\u00e9e.<\/p>\n<p style=\"text-align:justify;\">Dimanche, la Maison Blanche a annonc\u00e9 dans un communiqu\u00e9 que les responsables ukrainiens estimaient que le projet de plan de paix \u00e9labor\u00e9 dans le but de mettre fin \u00e0 la guerre russo-ukrainienne refl\u00e9tait leurs int\u00e9r\u00eats nationaux.<\/p>\n<p style=\"text-align:justify;\">Dans un communiqu\u00e9 publi\u00e9 dimanche, la Maison Blanche a annonc\u00e9 un projet de plan de paix actualis\u00e9 et r\u00e9vis\u00e9 \u00e0 la suite de discussions entre les d\u00e9l\u00e9gations am\u00e9ricaine et ukrainienne visant \u00e0 examiner le plan de Trump pour mettre fin \u00e0 la guerre entre la Russie et l&rsquo;Ukraine, sans toutefois r\u00e9v\u00e9ler les d\u00e9tails du plan actualis\u00e9.<\/p>\n<p style=\"text-align:justify;\">Vendredi, l&rsquo;agence Associated Press a publi\u00e9 une copie d&rsquo;un plan en 28 points qu&rsquo;elle a d\u00e9clar\u00e9 avoir \u00e9t\u00e9 pr\u00e9par\u00e9 par l&rsquo;administration am\u00e9ricaine pour mettre fin \u00e0 la guerre entre la Russie et l&rsquo;Ukraine.<\/p>\n<p style=\"text-align:justify;\">Kiev s&rsquo;est oppos\u00e9e \u00e0 plusieurs points du plan propos\u00e9, notamment ceux concernant l&rsquo;abandon par l&rsquo;Ukraine de territoires suppl\u00e9mentaires \u00e0 l&rsquo;est et son acceptation de ne pas adh\u00e9rer d\u00e9finitivement \u00e0 l&rsquo;Organisation du trait\u00e9 de l&rsquo;Atlantique Nord (OTAN), confirment des rapports m\u00e9diatiques.<\/p>\n<p style=\"text-align:justify;\">Depuis le 24 f\u00e9vrier 2022, la Russie m\u00e8ne une offensive militaire contre son voisin ukrainien et conditionne la fin de celle-ci \u00e0 la renonciation de Kiev \u00e0 rejoindre des structures militaires occidentales, ce que Kiev consid\u00e8re comme une \u00ab ing\u00e9rence \u00bb dans ses affaires.<\/p>\n<p style=\"text-align:justify;\">* Traduit de l&rsquo;arabe par Mariem Njeh<\/p>\n<p>                            &#13;<br \/>\n                                <a href=\"https:\/\/www.aa.com.tr\/fr\/p\/abonnement\/1001\" target=\"_blank\" style=\"font-size:12px; color:#444; text-decoration:none;\" rel=\"noopener\">&#13;<br \/>\n                                    Seulement une partie des d\u00e9p\u00eaches, que l&rsquo;Agence Anadolu diffuse \u00e0 ses abonn\u00e9s via le Syst\u00e8me de Diffusion interne (HAS), est diffus\u00e9e sur le site de l&rsquo;AA, de mani\u00e8re r\u00e9sum\u00e9e. <b style=\"color:#1897F7\">Contactez-nous s&rsquo;il vous pla\u00eet pour vous abonner.<\/b>&#13;<br \/>\n                                <\/a>&#13;<\/p>\n","protected":false},"excerpt":{"rendered":"AA \/ Moscou \/ Dimitri Chirciu et Zahir Safuoglu \u200b\u200b\u200b\u200b\u200b\u200b\u200bLe porte-parole du Kremlin, Dmitri Peskov, a d\u00e9clar\u00e9 que&hellip;\n","protected":false},"author":2,"featured_media":555430,"comment_status":"","ping_status":"","sticky":false,"template":"","format":"standard","meta":{"footnotes":""},"categories":[1591],"tags":[11,1785,5438,1887,67298,12,1885,1886,132],"class_list":{"0":"post-555429","1":"post","2":"type-post","3":"status-publish","4":"format-standard","5":"has-post-thumbnail","7":"category-russie","8":"tag-actualites","9":"tag-anadolu-ajansi","10":"tag-dmitri-peskov","11":"tag-federation-de-russie","12":"tag-genve","13":"tag-news","14":"tag-russia","15":"tag-russian-federation","16":"tag-russie"},"share_on_mastodon":{"url":"https:\/\/pubeurope.com\/@fr\/115604824529274420","error":""},"_links":{"self":[{"href":"https:\/\/www.europesays.com\/fr\/wp-json\/wp\/v2\/posts\/555429","targetHints":{"allow":["GET"]}}],"collection":[{"href":"https:\/\/www.europesays.com\/fr\/wp-json\/wp\/v2\/posts"}],"about":[{"href":"https:\/\/www.europesays.com\/fr\/wp-json\/wp\/v2\/types\/post"}],"author":[{"embeddable":true,"href":"https:\/\/www.europesays.com\/fr\/wp-json\/wp\/v2\/users\/2"}],"replies":[{"embeddable":true,"href":"https:\/\/www.europesays.com\/fr\/wp-json\/wp\/v2\/comments?post=555429"}],"version-history":[{"count":0,"href":"https:\/\/www.europesays.com\/fr\/wp-json\/wp\/v2\/posts\/555429\/revisions"}],"wp:featuredmedia":[{"embeddable":true,"href":"https:\/\/www.europesays.com\/fr\/wp-json\/wp\/v2\/media\/555430"}],"wp:attachment":[{"href":"https:\/\/www.europesays.com\/fr\/wp-json\/wp\/v2\/media?parent=555429"}],"wp:term":[{"taxonomy":"category","embeddable":true,"href":"https:\/\/www.europesays.com\/fr\/wp-json\/wp\/v2\/categories?post=555429"},{"taxonomy":"post_tag","embeddable":true,"href":"https:\/\/www.europesays.com\/fr\/wp-json\/wp\/v2\/tags?post=555429"}],"curies":[{"name":"wp","href":"https:\/\/api.w.org\/{rel}","templated":true}]}}