{"id":555431,"date":"2025-11-24T13:06:24","date_gmt":"2025-11-24T13:06:24","guid":{"rendered":"https:\/\/www.europesays.com\/fr\/555431\/"},"modified":"2025-11-24T13:06:24","modified_gmt":"2025-11-24T13:06:24","slug":"il-se-pourrait-bien-que-quelque-chose-de-positif-soit-en-train-de-se-produire-lukraine-et-les-etats-unis-tentent-de-rassurer-sur-levolution-du-plan-de","status":"publish","type":"post","link":"https:\/\/www.europesays.com\/fr\/555431\/","title":{"rendered":"\u00ab\u00a0Il se pourrait bien que quelque chose de positif soit en train de se produire\u00a0\u00bb\u00a0: l\u2019Ukraine et les \u00c9tats-Unis tentent de rassurer sur l\u2019\u00e9volution du plan de \u00ab\u00a0paix\u00a0\u00bb pouss\u00e9 par Trump"},"content":{"rendered":"<p>Le <a href=\"https:\/\/www.humanite.fr\/monde\/administration-trump\/en-pleine-crise-lukraine-decouvre-un-plan-de-paix-signe-donald-trump-pour-mettre-fin-a-la-guerre\" target=\"_blank\" rel=\"noopener\">souffle produit par la surprise<\/a> se serait att\u00e9nu\u00e9. C\u2019est en tout cas ce que laisse entendre la derni\u00e8re d\u00e9claration de l\u2019Ukraine, qui a affirm\u00e9 avec les \u00c9tats-Unis, dans la nuit du dimanche\u00a023 au lundi 24\u00a0novembre, qu\u2019un \u00ab\u00a0futur accord\u00a0\u00bb de paix pour mettre fin au conflit avec la Russie \u00ab\u00a0devra pleinement respecter (sa) souverainet\u00e9\u00a0\u00bb.<\/p>\n<p>Les n\u00e9gociations organis\u00e9es \u00e0 Gen\u00e8ve, <a href=\"https:\/\/www.humanite.fr\/monde\/donald-trump\/face-a-lultimatum-de-trump-zelensky-entame-les-negociations-sur-le-plan-de-paix\" target=\"_blank\" rel=\"noopener\">entre \u00c9tats-uniens, Ukrainiens et alli\u00e9s europ\u00e9ens<\/a>, avaient d\u00e9but\u00e9 sur un moment de stupeur, suite \u00e0 la d\u00e9couverte d\u2019un plan de paix concoct\u00e9 par Washington, en concertation avec le Kremlin. Si la version initiale du document a <a href=\"https:\/\/www.humanite.fr\/monde\/donald-trump\/jean-de-gliniasty-directeur-de-recherche-a-liris-les-russes-hesitent-entre-miser-sur-une-victoire-sur-le-terrain-ou-accepter-les-conditions-de-donald-trump\" target=\"_blank\" rel=\"noopener\">suscit\u00e9 l\u2019opposition de Kiev et de ses alli\u00e9s europ\u00e9ens<\/a> (Paris, Londres, Berlin et Rome), les discussions, closes dimanche soir, se sont bien tenues sur la base du projet r\u00e9parti en 28 points de l\u2019administration Trump.<\/p>\n<p>\u00ab\u00a0Tr\u00e8s optimiste\u00a0\u00bb sur la possibilit\u00e9 de conclure un accord<\/p>\n<p>\u00ab\u00a0Les pourparlers ont \u00e9t\u00e9 constructifs, concentr\u00e9s sur l\u2019objectif et respectueux, insistant sur l\u2019engagement commun de parvenir \u00e0 une paix juste et durable\u00a0\u00bb, a annonc\u00e9 la Maison Blanche, dans son communiqu\u00e9 commun avec la d\u00e9l\u00e9gation ukrainienne pr\u00e9sente \u00e0 Gen\u00e8ve. Le secr\u00e9taire d\u2019\u00c9tat, Marco Rubio, estime quant \u00e0 lui que ces discussions constituent <a href=\"https:\/\/www.humanite.fr\/monde\/etats-unis\/guerre-en-ukraine-a-washington-trump-et-les-europeens-buttent-encore-sur-les-concessions-territoriales-et-les-garanties-de-securite\" target=\"_blank\" rel=\"noopener\">\u00ab\u00a0un pas en avant significatif\u00a0\u00bb<\/a> vers un r\u00e8glement de paix dans ce pays europ\u00e9en en guerre.<\/p>\n<p>\u00a0\u00ab Est-il vraiment possible que les pourparlers de paix entre la Russie et l\u2019Ukraine aient fait d\u2019\u00e9normes progr\u00e8s ??? N\u2019y croyez pas tant que vous ne l\u2019avez pas vu, mais il se pourrait bien que quelque chose de positif soit en train de se produire. Que Dieu b\u00e9nisse l\u2019Am\u00e9rique ! \u00bb, s\u2019est f\u00e9licit\u00e9 Donald Trump, sur son r\u00e9seau Truth Social, lundi 24 novembre. <\/p>\n<p>Accompagn\u00e9, \u00e0 Gen\u00e8ve, de Jared Kushner, gendre du pr\u00e9sident Donald Trump, Steve Witkoff, son \u00e9missaire sp\u00e9cial <a href=\"https:\/\/www.humanite.fr\/monde\/diplomatie\/guerre-en-ukraine-a-lelysee-macron-relance-les-liens-transatlantiques\" target=\"_blank\" rel=\"noopener\">sur le Moyen-Orient, sur l\u2019Ukraine et la Russie<\/a>, et le commandant supr\u00eame des forces de l\u2019Otan en Europe, le g\u00e9n\u00e9ral Alexus Grynkewich, le chef de la diplomatie \u00e9tats-unienne s\u2019est dit \u00ab\u00a0tr\u00e8s optimiste\u00a0\u00bb sur la possibilit\u00e9 de conclure \u00ab\u00a0tr\u00e8s vite\u00a0\u00bb un accord. Kiev et Washington \u00ab\u00a0ont r\u00e9affirm\u00e9 que tout futur accord devra pleinement respecter la souverainet\u00e9 de l\u2019Ukraine\u00a0\u00bb, selon ce bref texte.<\/p>\n<p>Ce dernier pr\u00e9cise, qu\u2019au terme de leurs \u00e9changes diplomatiques, les \u00c9tats-Unis et l\u2019Ukraine avaient \u00ab\u00a0r\u00e9dig\u00e9 une nouvelle version, affin\u00e9e, d\u2019un cadre (pour un accord) de paix\u00a0\u00bb. \u00c0 Gen\u00e8ve, le n\u00e9gociateur ukrainien Andri\u00ef Iermak, <a href=\"https:\/\/www.humanite.fr\/monde\/emmanuel-macron\/en-plein-scandale-de-corruption-zelensky-obtient-100-rafale-de-macron\" target=\"_blank\" rel=\"noopener\">bras droit de Volodymyr Zelensky<\/a>, avait \u00e9galement fait \u00e9tat \u00ab\u00a0de tr\u00e8s bons progr\u00e8s\u00a0\u00bb, apr\u00e8s que le pr\u00e9sident ukrainien eut salu\u00e9 une nouvelle version du plan am\u00e9ricain qui refl\u00e8te \u00ab\u00a0d\u00e9j\u00e0 la plupart des priorit\u00e9s cl\u00e9s\u00a0\u00bb de Kiev. M\u00eame son de cloche pour le pr\u00e9sident ukrainien : \u00ab Dans les \u00e9tapes que nous avons coordonn\u00e9es avec la partie am\u00e9ricaine, nous avons r\u00e9ussi \u00e0 inclure des points extr\u00eamement sensibles. Ce sont des \u00e9tapes importantes, mais pour parvenir \u00e0 une paix r\u00e9elle, il faut plus, beaucoup plus. \u00bb<\/p>\n<p>De nombreuses inconnues demeurent. Marco Rubio a profit\u00e9 de ses prises de parole pour rappeler que les Russes auraient \u00ab\u00a0leur mot \u00e0 dire\u00a0\u00bb. <a href=\"https:\/\/www.humanite.fr\/monde\/bande-de-gaza\/plan-de-paix-pour-gaza-lonu-suit-la-vision-des-etats-unis\" target=\"_blank\" rel=\"noopener\">Inspir\u00e9 par le plan de \u00ab\u00a0paix\u00a0\u00bb pour Gaza<\/a>, le texte initial du plan Trump reprenait plusieurs exigences cruciales pour Moscou\u00a0: la reconnaissance par Washington de la Crim\u00e9e, de Louhansk et de Donetsk comme des territoires russes, que Kiev accepte de r\u00e9duire son arm\u00e9e \u00e0 600\u00a0000 soldats et renonce \u00e0 int\u00e9grer l\u2019Otan, que Vladimir Poutine et d\u2019autres dignitaires russes soient amnisti\u00e9s.<\/p>\n<p>Un appel Erdogan-Poutine<\/p>\n<p>Une \u00ab\u00a0zone tampon d\u00e9militaris\u00e9e\u00a0\u00bb serait alors mise en place dans une zone contr\u00f4l\u00e9e par Kiev dans la r\u00e9gion de Donetsk. Le texte propose aussi la fin de l\u2019isolement de la Russie \u00e0 l\u2019\u00e9gard des Occidentaux, avec sa r\u00e9int\u00e9gration au G8 et la lev\u00e9e progressive des sanctions. Les points en suspens porteraient sur la question des territoires et celle de l\u2019Otan. \u00ab Nous n\u2019avons encore rien re\u00e7u officiellement \u00bb, a affirm\u00e9, lundi, le porte-parole du Kremlin Dmitri Peskov, lors de son point presse quotidien.<\/p>\n<p>Les Europ\u00e9ens ont tout fait <a href=\"https:\/\/www.humanite.fr\/monde\/donald-trump\/guerre-en-ukraine-leurope-tente-de-reprendre-la-main-face-a-limpasse-des-discussions-entre-trump-et-poutine\" target=\"_blank\" rel=\"noopener\">pour prendre part aux tractations<\/a>, encha\u00eenant les rencontres avec les d\u00e9l\u00e9gations de la Maison Blanche et de Kiev. \u00ab\u00a0L\u2019Ukraine doit avoir la libert\u00e9 et le droit souverain de choisir son propre destin, a martel\u00e9 la pr\u00e9sidente de la Commission europ\u00e9enne, Ursula von\u00a0der\u00a0Leyen. Elle a choisi un destin europ\u00e9en.\u00a0\u00bb<\/p>\n<p>La dirigeante a aussi estim\u00e9 que le r\u00f4le \u00ab\u00a0central\u00a0\u00bb de l\u2019Union europ\u00e9enne (UE) \u2013 <a href=\"https:\/\/www.humanite.fr\/monde\/armement\/ursula-von-der-leyen-accelere-la-militarisation-de-leconomie-europeenne\" target=\"_blank\" rel=\"noopener\">toujours plus engag\u00e9e sur la voie de la militarisation<\/a> \u2013 devait \u00eatre \u00ab\u00a0pleinement reconnu\u00a0\u00bb. Donald Trump et le premier ministre britannique, <a href=\"https:\/\/www.humanite.fr\/monde\/cessez-le-feu\/putain-qui-soppose-a-un-cessez-le-feu-au-royaume-uni-des-milliers-de-citoyens-mobilises-pour-gaza-contre-leurs-dirigeants\" target=\"_blank\" rel=\"noopener\">Keir Starmer<\/a>, sont, eux, convenus lors d\u2019un appel t\u00e9l\u00e9phonique de l\u2019importance de \u00ab\u00a0travailler tous ensemble en ce moment critique\u00a0\u00bb pour l\u2019avenir de l\u2019Ukraine, a indiqu\u00e9 Downing Street.<\/p>\n<p>Une r\u00e9union de dirigeants europ\u00e9ens est pr\u00e9vue lundi 24\u00a0novembre, en marge d\u2019un sommet avec leurs homologues de l\u2019Union africaine, en Angola. Le pr\u00e9sident de la Turquie, <a href=\"https:\/\/www.humanite.fr\/monde\/bande-de-gaza\/genocide-a-gaza-comment-la-turquie-place-ses-pions-malgre-les-reticences-disrael\" target=\"_blank\" rel=\"noopener\">Recep Tayyip Erdogan<\/a>, qui joue les m\u00e9diateurs entre Kiev et Moscou, a quant \u00e0 lui annonc\u00e9 qu\u2019il s\u2019entretiendrait lundi par t\u00e9l\u00e9phone avec son homologue russe Vladimir Poutine, ce que le Kremlin a confirm\u00e9. Emmanuel Macron a annonc\u00e9 une r\u00e9union le lendemain, en visioconf\u00e9rence, d\u2019\u00c9tats soutenant l\u2019Ukraine.<\/p>\n<p>\u00catre le journal de la paix, notre d\u00e9fi quotidien<\/p>\n<p>Depuis Jaur\u00e8s, la d\u00e9fense de la paix est dans notre ADN.<\/p>\n<ul class=\"wp-block-list\">\n<li>Qui informe encore aujourd\u2019hui sur <strong>les actions des pacifistes<\/strong> pour le d\u00e9sarmement\u00a0?<\/li>\n<li>Combien de m\u00e9dias rappellent que <strong>les combats de d\u00e9colonisation <\/strong>ont encore cours, et qu\u2019ils doivent \u00eatre soutenus\u00a0?<\/li>\n<li>Combien valorisent les <strong>solidarit\u00e9s internationales<\/strong>, et s\u2019engagent sans ambigu\u00eft\u00e9 aux c\u00f4t\u00e9s des exil\u00e9s\u00a0?<\/li>\n<\/ul>\n<p><strong>Nos valeurs n\u2019ont pas de fronti\u00e8res.<\/strong><\/p>\n<p>Aidez-nous \u00e0 soutenir le droit \u00e0 l\u2019autod\u00e9termination et l\u2019option de la paix.<br \/><a href=\"https:\/\/www.humanite.fr\/lhumanite-cest-vous\" target=\"_blank\" rel=\"noopener\">Je veux en savoir plus\u00a0!<\/a><\/p>\n","protected":false},"excerpt":{"rendered":"Le souffle produit par la surprise se serait att\u00e9nu\u00e9. C\u2019est en tout cas ce que laisse entendre la&hellip;\n","protected":false},"author":2,"featured_media":555432,"comment_status":"","ping_status":"","sticky":false,"template":"","format":"standard","meta":{"footnotes":""},"categories":[1590],"tags":[11,941,1777,674,131,12,132,770,220,2475,134],"class_list":{"0":"post-555431","1":"post","2":"type-post","3":"status-publish","4":"format-standard","5":"has-post-thumbnail","7":"category-ukraine","8":"tag-actualites","9":"tag-administration-trump","10":"tag-eu","11":"tag-europe","12":"tag-guerre-en-ukraine","13":"tag-news","14":"tag-russie","15":"tag-u00e9tats-unis","16":"tag-ukraine","17":"tag-union-europu00e9enne","18":"tag-volodymyr-zelensky"},"share_on_mastodon":{"url":"https:\/\/pubeurope.com\/@fr\/115604828848732703","error":""},"_links":{"self":[{"href":"https:\/\/www.europesays.com\/fr\/wp-json\/wp\/v2\/posts\/555431","targetHints":{"allow":["GET"]}}],"collection":[{"href":"https:\/\/www.europesays.com\/fr\/wp-json\/wp\/v2\/posts"}],"about":[{"href":"https:\/\/www.europesays.com\/fr\/wp-json\/wp\/v2\/types\/post"}],"author":[{"embeddable":true,"href":"https:\/\/www.europesays.com\/fr\/wp-json\/wp\/v2\/users\/2"}],"replies":[{"embeddable":true,"href":"https:\/\/www.europesays.com\/fr\/wp-json\/wp\/v2\/comments?post=555431"}],"version-history":[{"count":0,"href":"https:\/\/www.europesays.com\/fr\/wp-json\/wp\/v2\/posts\/555431\/revisions"}],"wp:featuredmedia":[{"embeddable":true,"href":"https:\/\/www.europesays.com\/fr\/wp-json\/wp\/v2\/media\/555432"}],"wp:attachment":[{"href":"https:\/\/www.europesays.com\/fr\/wp-json\/wp\/v2\/media?parent=555431"}],"wp:term":[{"taxonomy":"category","embeddable":true,"href":"https:\/\/www.europesays.com\/fr\/wp-json\/wp\/v2\/categories?post=555431"},{"taxonomy":"post_tag","embeddable":true,"href":"https:\/\/www.europesays.com\/fr\/wp-json\/wp\/v2\/tags?post=555431"}],"curies":[{"name":"wp","href":"https:\/\/api.w.org\/{rel}","templated":true}]}}