{"id":555435,"date":"2025-11-24T13:08:18","date_gmt":"2025-11-24T13:08:18","guid":{"rendered":"https:\/\/www.europesays.com\/fr\/555435\/"},"modified":"2025-11-24T13:08:18","modified_gmt":"2025-11-24T13:08:18","slug":"il-ny-a-pas-que-la-france-qui-a-du-mal-a-faire-adopter-son-budget","status":"publish","type":"post","link":"https:\/\/www.europesays.com\/fr\/555435\/","title":{"rendered":"il n\u2019y a pas que la France qui a du mal \u00e0 faire adopter son budget"},"content":{"rendered":"<p>La saison 2025 des budgets est particuli\u00e8rement ardue pour les gouvernements europ\u00e9ens. \u00c0 l\u2019instar du Premier ministre S\u00e9bastien Lecornu, qui affronte un Parlement fragment\u00e9, plusieurs Premiers ministres sont en difficult\u00e9 pour faire adopter leur loi de finances 2026\u00a0: c\u2019est le cas par exemple, au Royaume-Uni, en Espagne, ou en Belgique. Tour d\u2019horizon.<\/p>\n<p>Des hausses d\u2019imp\u00f4t attendues au Royaume-Uni&#13;\n<\/p>\n<p>Sous pression devant la mont\u00e9e de l\u2019extr\u00eame droite, le gouvernement travailliste du <a href=\"https:\/\/www.latribune.fr\/article\/economie\/international\/28802428476337\/royaume-uni-le-gouvernement-starmer-defend-sa-reforme-restrictive-de-l-asile\" target=\"_blank\" rel=\"noopener\">Royaume-Uni<\/a> doit d\u00e9voiler mercredi un budget conforme \u00e0 ses valeurs sociales, mais il lui sera difficile d\u2019\u00e9viter d\u2019impopulaires hausses d\u2019imp\u00f4ts compte tenu de l\u2019\u00e9tat des finances publiques et de la croissance qui s\u2019essouffle.<\/p>\n<p>Selon une estimation r\u00e9guli\u00e8rement cit\u00e9e par la presse et les analystes, la ministre des Finances, Rachel Reeves, a besoin de 20\u00a0milliards de livres pour remettre le pays sur la trajectoire de l\u2019\u00e9quilibre budg\u00e9taire, le d\u00e9ficit avoisinant 5\u00a0% du PIB.<\/p>\n","protected":false},"excerpt":{"rendered":"La saison 2025 des budgets est particuli\u00e8rement ardue pour les gouvernements europ\u00e9ens. \u00c0 l\u2019instar du Premier ministre S\u00e9bastien&hellip;\n","protected":false},"author":2,"featured_media":555436,"comment_status":"","ping_status":"","sticky":false,"template":"","format":"standard","meta":{"footnotes":""},"categories":[1588],"tags":[17,11,18731,1003,33,1777,674,4560,27,26830,15179,12,473,1853,1851,1850,1852],"class_list":{"0":"post-555435","1":"post","2":"type-post","3":"status-publish","4":"format-standard","5":"has-post-thumbnail","7":"category-royaume-uni","8":"tag-17","9":"tag-actualites","10":"tag-adopter","11":"tag-budget","12":"tag-economie","13":"tag-eu","14":"tag-europe","15":"tag-faire","16":"tag-france","17":"tag-mal","18":"tag-ny","19":"tag-news","20":"tag-royaume-uni","21":"tag-royaume-uni-de-grande-bretagne-et-dirlande-du-nord","22":"tag-uk","23":"tag-united-kingdom","24":"tag-united-kingdom-of-great-britain-and-northern-ireland"},"share_on_mastodon":{"url":"https:\/\/pubeurope.com\/@fr\/115604835779828581","error":""},"_links":{"self":[{"href":"https:\/\/www.europesays.com\/fr\/wp-json\/wp\/v2\/posts\/555435","targetHints":{"allow":["GET"]}}],"collection":[{"href":"https:\/\/www.europesays.com\/fr\/wp-json\/wp\/v2\/posts"}],"about":[{"href":"https:\/\/www.europesays.com\/fr\/wp-json\/wp\/v2\/types\/post"}],"author":[{"embeddable":true,"href":"https:\/\/www.europesays.com\/fr\/wp-json\/wp\/v2\/users\/2"}],"replies":[{"embeddable":true,"href":"https:\/\/www.europesays.com\/fr\/wp-json\/wp\/v2\/comments?post=555435"}],"version-history":[{"count":0,"href":"https:\/\/www.europesays.com\/fr\/wp-json\/wp\/v2\/posts\/555435\/revisions"}],"wp:featuredmedia":[{"embeddable":true,"href":"https:\/\/www.europesays.com\/fr\/wp-json\/wp\/v2\/media\/555436"}],"wp:attachment":[{"href":"https:\/\/www.europesays.com\/fr\/wp-json\/wp\/v2\/media?parent=555435"}],"wp:term":[{"taxonomy":"category","embeddable":true,"href":"https:\/\/www.europesays.com\/fr\/wp-json\/wp\/v2\/categories?post=555435"},{"taxonomy":"post_tag","embeddable":true,"href":"https:\/\/www.europesays.com\/fr\/wp-json\/wp\/v2\/tags?post=555435"}],"curies":[{"name":"wp","href":"https:\/\/api.w.org\/{rel}","templated":true}]}}