{"id":555443,"date":"2025-11-24T13:16:32","date_gmt":"2025-11-24T13:16:32","guid":{"rendered":"https:\/\/www.europesays.com\/fr\/555443\/"},"modified":"2025-11-24T13:16:32","modified_gmt":"2025-11-24T13:16:32","slug":"agriculteurs-et-taxis-bloquent-les-routes-de-loir-et-cher-suivez-les-perturbations","status":"publish","type":"post","link":"https:\/\/www.europesays.com\/fr\/555443\/","title":{"rendered":"agriculteurs et taxis bloquent les routes de Loir-et-Cher, suivez les perturbations"},"content":{"rendered":"<p>Bonjour et bienvenue dans ce direct, il est aliment\u00e9 par Adrien Planchon, Catherine Simon, J\u00e9r\u00f4me Dutac et Sylvie Foisset, et \u00e9dit\u00e9 par Gr\u00e9goire Cornet et S\u00e9bastien Bourcier.<\/p>\n<p><strong>13\u00a0h\u00a055.<\/strong>\u00a0Les conducteurs de taxis sont accueillis par les responsables de la CPAM. Un \u00e9change s\u2019improvise autour des bulletins de situation non d\u00e9livr\u00e9s par certains \u00e9tablissements, des organismes de sant\u00e9 priv\u00e9s. Le centre de radioth\u00e9rapie de Blois notamment, o\u00f9 le cort\u00e8ge a fait halte avant d\u2019arriver.<\/p>\n<p><img alt=\"Les responsables de la CPAM de Blois \u00e9changent avec les conducteurs de taxis, en ce d\u00e9but d\u2019apr\u00e8s-midi du lundi 24\u00a0novembre 2025.\" loading=\"lazy\" width=\"980\" height=\"573\" decoding=\"async\" data-nimg=\"1\" class=\"img-responsive spinner-show\" style=\"color:transparent;background-size:cover;background-position:50% 50%;background-repeat:no-repeat;background-image:url(&quot;data:image\/svg+xml;charset=utf-8,%3Csvg xmlns='http:\/\/www.w3.org\/2000\/svg' viewBox='0 0 980 573'%3E%3Cfilter id='b' color-interpolation-filters='sRGB'%3E%3CfeGaussianBlur stdDeviation='20'\/%3E%3CfeColorMatrix values='1 0 0 0 0 0 1 0 0 0 0 0 1 0 0 0 0 0 100 -1' result='s'\/%3E%3CfeFlood x='0' y='0' width='100%25' height='100%25'\/%3E%3CfeComposite operator='out' in='s'\/%3E%3CfeComposite in2='SourceGraphic'\/%3E%3CfeGaussianBlur stdDeviation='20'\/%3E%3C\/filter%3E%3Cimage width='100%25' height='100%25' x='0' y='0' preserveAspectRatio='none' style='filter: url(%23b);' href='https:\/\/images.lanouvellerepublique.fr\/image\/upload\/t_88w\/f_auto\/692457a45ef89cc34d8b457e.jpg'\/%3E%3C\/svg%3E&quot;)\"   src=\"https:\/\/www.europesays.com\/fr\/wp-content\/uploads\/2025\/11\/692457a45ef89cc34d8b457e.jpg\"\/><\/p>\n<p style=\"background-color:#F2F2F2;padding:5px;margin-top:0px;margin-bottom:10px\">Les responsables de la CPAM de Blois \u00e9changent avec les conducteurs de taxis, en ce d\u00e9but d\u2019apr\u00e8s-midi du lundi 24\u00a0novembre 2025.<br \/> \u00a9 (Photo NR, J\u00e9r\u00f4me Dutac)<\/p>\n<p><strong>13\u00a0h\u00a045. <\/strong>Un tas de fumier barre d\u00e9sormais l\u2019entr\u00e9e visiteurs de la CPAM, \u00e0 Blois.<\/p>\n<\/p>\n<p><strong>13\u00a0h\u00a035. <\/strong>Les agriculteurs pr\u00eatent main-forte aux taxis dans leur combat et viennent de verser du fumier devant la CPAM.<\/p>\n<p><strong>12\u00a0h\u00a050. <\/strong>Apr\u00e8s un passage \u00e0 la radioth\u00e9rapie rue de l\u2019Octroi \u00e0 Blois, le cort\u00e8ge des taxis se met en route pour la CPAM de Loir-et-Cher. Au total, 35 voitures taxis klaxonnent dans les rues bl\u00e9soises.\u00a0Un tracteur, tirant une benne charg\u00e9e, ouvre ledit cort\u00e8ge.\u00a0Pendant ce temps-l\u00e0, les agriculteurs occupent toujours le rond-point des Ch\u00e2teaux, situ\u00e9 pr\u00e8s de l\u2019entr\u00e9e de l\u2019autoroute.<\/p>\n<p>35<\/p>\n<p><b>Le nombre de voitures taxis mobilis\u00e9es<\/b>, \u00e0 grand renfort de coups de klaxon dans les rues de Blois, protestant notamment contre leur nouvelle convention.<\/p>\n<p><strong>12\u00a0h\u00a025.<\/strong>\u00a0Un routier polonais, pris dans le blocage sur la N10, confie\u00a0: \u00ab\u00a0Chez nous aussi en Pologne, il y a des manifestations, parce qu\u2019\u00e0 Bruxelles, ils sont fous\u00a0!\u00a0\u00bb<\/p>\n<p><strong>12\u00a0h\u00a010.<\/strong>\u00a0Au rond-point de Fontaine, \u00e0 Pezou sur la N10, la circulation est bloqu\u00e9e dans le sens Paris-Vend\u00f4me, le barrage est filtrant dans l\u2019autre sens. Il y a une trentaine de tracteurs et une cinquantaine d\u2019agriculteurs, d\u00e9termin\u00e9s \u00e0 rester sur place \u00ab\u00a0au moins jusqu\u2019\u00e0 ce soir\u00a0\u00bb. La pause d\u00e9jeuner s\u2019organise sous le pont de la route du\u00a0Mans. La N10 est \u00e9galement bloqu\u00e9e dans les deux sens au sud de Vend\u00f4me, au niveau de la commune de Villerable, au rond-point de Bracueil.<\/p>\n<p><strong>11\u00a0h\u00a030.<\/strong>\u00a0La d\u00e9cision vient d\u2019\u00eatre prise\u00a0: direction la Caisse primaire d\u2019Assurance maladie pour les taxis et quelques tracteurs. Ils ont aussi pr\u00e9vu de d\u00e9jeuner ensemble au rond-point o\u00f9 le feu a pris.<\/p>\n<p><img alt=\"Agriculteurs et conducteurs de taxi se sont r\u00e9unis pour d\u00e9cider de la suite du mouvement.\" loading=\"lazy\" width=\"980\" height=\"573\" decoding=\"async\" data-nimg=\"1\" class=\"img-responsive spinner-show\" style=\"color:transparent;background-size:cover;background-position:50% 50%;background-repeat:no-repeat;background-image:url(&quot;data:image\/svg+xml;charset=utf-8,%3Csvg xmlns='http:\/\/www.w3.org\/2000\/svg' viewBox='0 0 980 573'%3E%3Cfilter id='b' color-interpolation-filters='sRGB'%3E%3CfeGaussianBlur stdDeviation='20'\/%3E%3CfeColorMatrix values='1 0 0 0 0 0 1 0 0 0 0 0 1 0 0 0 0 0 100 -1' result='s'\/%3E%3CfeFlood x='0' y='0' width='100%25' height='100%25'\/%3E%3CfeComposite operator='out' in='s'\/%3E%3CfeComposite in2='SourceGraphic'\/%3E%3CfeGaussianBlur stdDeviation='20'\/%3E%3C\/filter%3E%3Cimage width='100%25' height='100%25' x='0' y='0' preserveAspectRatio='none' style='filter: url(%23b);' href='https:\/\/images.lanouvellerepublique.fr\/image\/upload\/t_88w\/f_auto\/692435fc6a8fbad4258b459d.jpg'\/%3E%3C\/svg%3E&quot;)\"   src=\"https:\/\/www.europesays.com\/fr\/wp-content\/uploads\/2025\/11\/692435fc6a8fbad4258b459d.jpg\"\/><\/p>\n<p style=\"background-color:#F2F2F2;padding:5px;margin-top:0px;margin-bottom:10px\">Agriculteurs et conducteurs de taxi se sont r\u00e9unis pour d\u00e9cider de la suite du mouvement.<br \/> \u00a9 (Photo NR, J\u00e9r\u00f4me Dutac)<\/p>\n<p><strong>11\u00a0h\u00a005.<\/strong>\u00a0Les agriculteurs bloquent toujours l\u2019acc\u00e8s \u00e0 l\u2019autoroute. Ils ont allum\u00e9 un grand feu pr\u00e8s du rond-point des Ch\u00e2teaux, sur lequel les taxis sont toujours stationn\u00e9s.<\/p>\n<\/p>\n<p><strong>10\u00a0h\u00a055.<\/strong>\u00a0Les taxis se sont rassembl\u00e9s autour du rond-point des Ch\u00e2teaux \u00e0 Blois, bloquant l\u2019acc\u00e8s \u00e0 l\u2019autoroute. Les deux sens de circulation sont ainsi bloqu\u00e9s.<\/p>\n<p>\u00ab\u00a0Aujourd\u2019hui, il y a urgence\u00a0: entendez-nous\u00a0! Nous perdons nos entreprises, que va-t-on devenir\u00a0? Avec cette nouvelle convention, nous travaillons au rabais, \u00e0 60 centimes du kilom\u00e8tre, comment survivre\u00a0? Les charges augmentent, les assurances augmentent\u2026 on ne peut pas faire face \u00e0 tout \u00e7a\u00a0\u00bb, se d\u00e9sole Akin Ergin, chauffeur de taxi \u00e0 Saint-Laurent-Nouan.<\/p>\n<p name=\"citation\" class=\"BlockCitation_citation__j4IP6 \">Nous travaillons au rabais, \u00e0 60 centimes du kilom\u00e8tre, comment survivre\u00a0?<\/p>\n<p><strong>Akin Ergin, chauffeur de taxi \u00e0 Saint-Laurent-Nouan<\/strong><\/p>\n<p><strong>10\u00a0h\u00a040.<\/strong> \u00ab\u00a0On se bagarre au mieux pour faire valoir nos droits\u00a0\u00bb, le t\u00e9moignage de\u00a0Julien Lechevalier, chauffeur de taxi aux Ambulances meusnoises.<\/p>\n<\/p>\n<p><strong>10\u00a0h\u00a030.<\/strong>\u00a0Si les tracteurs bloquent l\u2019entr\u00e9e de l\u2019autoroute, dans l\u2019autre sens un important bouchon s\u2019est form\u00e9 au rond-point des Ch\u00e2teaux, o\u00f9 se trouvent les taxis. La circulation y est totalement \u00e0 l\u2019arr\u00eat.<\/p>\n<p><strong>10\u00a0h\u00a015.<\/strong>\u00a0Comme indiqu\u00e9 a l\u2019avant des tracteurs, pour les agriculteurs, \u00ab\u00a0il est temps de mordre\u00a0\u00bb.<\/p>\n<p><img alt=\"\u00ab\u00a0L\u2019Europe et la France tuent nos paysans\u00a0\u00bb, peut-on notamment lire sur les pancartes au fronton des tracteurs.\" loading=\"lazy\" width=\"980\" height=\"573\" decoding=\"async\" data-nimg=\"1\" class=\"img-responsive spinner-show\" style=\"color:transparent;background-size:cover;background-position:50% 50%;background-repeat:no-repeat;background-image:url(&quot;data:image\/svg+xml;charset=utf-8,%3Csvg xmlns='http:\/\/www.w3.org\/2000\/svg' viewBox='0 0 980 573'%3E%3Cfilter id='b' color-interpolation-filters='sRGB'%3E%3CfeGaussianBlur stdDeviation='20'\/%3E%3CfeColorMatrix values='1 0 0 0 0 0 1 0 0 0 0 0 1 0 0 0 0 0 100 -1' result='s'\/%3E%3CfeFlood x='0' y='0' width='100%25' height='100%25'\/%3E%3CfeComposite operator='out' in='s'\/%3E%3CfeComposite in2='SourceGraphic'\/%3E%3CfeGaussianBlur stdDeviation='20'\/%3E%3C\/filter%3E%3Cimage width='100%25' height='100%25' x='0' y='0' preserveAspectRatio='none' style='filter: url(%23b);' href='https:\/\/images.lanouvellerepublique.fr\/image\/upload\/t_88w\/f_auto\/69242455c4784747668b45f6.jpg'\/%3E%3C\/svg%3E&quot;)\"   src=\"https:\/\/www.europesays.com\/fr\/wp-content\/uploads\/2025\/11\/69242455c4784747668b45f6.jpg\"\/><\/p>\n<p style=\"background-color:#F2F2F2;padding:5px;margin-top:0px;margin-bottom:10px\">\u00ab\u00a0L\u2019Europe et la France tuent nos paysans\u00a0\u00bb, peut-on notamment lire sur les pancartes au fronton des tracteurs.<br \/> \u00a9 (Photo NR, J\u00e9r\u00f4me Dutac)<\/p>\n<p><strong>9\u00a0h\u00a055.<\/strong>\u00a0Le convoi arrive \u00e0 la barri\u00e8re de p\u00e9age de l\u2019A10, l\u2019entr\u00e9e est d\u00e9sormais bloqu\u00e9e, principalement par les tracteurs.<\/p>\n<p><img alt=\"La barri\u00e8re de p\u00e9age de l\u2019A10 est totalement bloqu\u00e9e \u00e0 Blois.\" loading=\"lazy\" width=\"980\" height=\"573\" decoding=\"async\" data-nimg=\"1\" class=\"img-responsive spinner-show\" style=\"color:transparent;background-size:cover;background-position:50% 50%;background-repeat:no-repeat;background-image:url(&quot;data:image\/svg+xml;charset=utf-8,%3Csvg xmlns='http:\/\/www.w3.org\/2000\/svg' viewBox='0 0 980 573'%3E%3Cfilter id='b' color-interpolation-filters='sRGB'%3E%3CfeGaussianBlur stdDeviation='20'\/%3E%3CfeColorMatrix values='1 0 0 0 0 0 1 0 0 0 0 0 1 0 0 0 0 0 100 -1' result='s'\/%3E%3CfeFlood x='0' y='0' width='100%25' height='100%25'\/%3E%3CfeComposite operator='out' in='s'\/%3E%3CfeComposite in2='SourceGraphic'\/%3E%3CfeGaussianBlur stdDeviation='20'\/%3E%3C\/filter%3E%3Cimage width='100%25' height='100%25' x='0' y='0' preserveAspectRatio='none' style='filter: url(%23b);' href='https:\/\/images.lanouvellerepublique.fr\/image\/upload\/t_88w\/f_auto\/69241fa1f6e512b81e8b4612.jpg'\/%3E%3C\/svg%3E&quot;)\"   src=\"https:\/\/www.europesays.com\/fr\/wp-content\/uploads\/2025\/11\/69241fa1f6e512b81e8b4612.jpg\"\/><\/p>\n<p style=\"background-color:#F2F2F2;padding:5px;margin-top:0px;margin-bottom:10px\">La barri\u00e8re de p\u00e9age de l\u2019A10 est totalement bloqu\u00e9e \u00e0 Blois.<br \/> \u00a9 (Photo NR, J\u00e9r\u00f4me Dutac)<\/p>\n<p><strong>9\u00a0h\u00a030.<\/strong>\u00a0Le d\u00e9put\u00e9 de Vend\u00f4me Christophe Marion (Renaissance), est venu sur place au rond-point de Fontaine, \u00e0 Pezou, et a \u00e9chang\u00e9 avec les manifestants, dont Alexis Sinelle, sur le Mercosur.<\/p>\n<\/p>\n<p>\u00c0 Blois, les tracteurs viennent de franchir le pont Charles-de-Gaulle, suivis d\u2019un peu plus loin des taxis. Des usagers de la route sont ainsi pris dans la nasse.\u00a0Ce sont pr\u00e9cis\u00e9ment neuf tracteurs qui ouvrent le convoi. Certains avec des remorques transportent de la paille, du bois et des pneus.<\/p>\n<p>Une trentaine de taxis suivent. Ils allument des fumig\u00e8nes sur la rocade et klaxonnent. Le convoi est encadr\u00e9 par deux voitures de gendarmerie.<\/p>\n<p><strong>9\u00a0h\u00a025.<\/strong>\u00a0Environ une trentaine de tracteurs se sont mis en place depuis 8\u00a0h au rond-point de Fontaine, sur la N10, \u00e0 Pezou. Un barrage filtrant s\u2019organise, pr\u00e9vu pour durer \u00ab\u00a0au moins toute la matin\u00e9e\u00a0\u00bb.<\/p>\n<p><img alt=\"Un barrage filtrant, qui va durer \u00ab\u00a0au moins toute la matin\u00e9e\u00a0\u00bb, est mis en place sur la N10, \u00e0 Pezou.\" loading=\"lazy\" width=\"980\" height=\"573\" decoding=\"async\" data-nimg=\"1\" class=\"img-responsive spinner-show\" style=\"color:transparent;background-size:cover;background-position:50% 50%;background-repeat:no-repeat;background-image:url(&quot;data:image\/svg+xml;charset=utf-8,%3Csvg xmlns='http:\/\/www.w3.org\/2000\/svg' viewBox='0 0 980 573'%3E%3Cfilter id='b' color-interpolation-filters='sRGB'%3E%3CfeGaussianBlur stdDeviation='20'\/%3E%3CfeColorMatrix values='1 0 0 0 0 0 1 0 0 0 0 0 1 0 0 0 0 0 100 -1' result='s'\/%3E%3CfeFlood x='0' y='0' width='100%25' height='100%25'\/%3E%3CfeComposite operator='out' in='s'\/%3E%3CfeComposite in2='SourceGraphic'\/%3E%3CfeGaussianBlur stdDeviation='20'\/%3E%3C\/filter%3E%3Cimage width='100%25' height='100%25' x='0' y='0' preserveAspectRatio='none' style='filter: url(%23b);' href='https:\/\/images.lanouvellerepublique.fr\/image\/upload\/t_88w\/f_auto\/692417625ef89c772a8b4587.jpg'\/%3E%3C\/svg%3E&quot;)\"   src=\"https:\/\/www.europesays.com\/fr\/wp-content\/uploads\/2025\/11\/692417625ef89c772a8b4587.jpg\"\/><\/p>\n<p style=\"background-color:#F2F2F2;padding:5px;margin-top:0px;margin-bottom:10px\">Un barrage filtrant, qui va durer \u00ab\u00a0au moins toute la matin\u00e9e\u00a0\u00bb, est mis en place sur la N10, \u00e0 Pezou.<br \/> \u00a9 (Photo NR, Catherine Simon)<\/p>\n<p><strong>9\u00a0h\u00a015.<\/strong>\u00a0J\u00e9r\u00f4me Delalou, vice-pr\u00e9sident de la CR 41 et agriculteur \u00e0 La Chapelle-Vend\u00f4moise\u00a0: \u00ab\u00a0\u00c7a fait trois mois que je ne me verse plus de salaires, je suis au bout, on n\u2019a pas le choix que de r\u00e9duire notre train de vie. L\u2019Europe des normes, c\u2019est elle qui nous met dans la merde, et les normes fran\u00e7aises qui en rajoutent. Ce qu\u2019ils veulent, c\u2019est notre mort\u00a0!\u00a0\u00bb<\/p>\n<p><strong>9\u00a0h\u00a005.<\/strong>\u00a0Ludovic Blavette, de LBN Taxis \u00e0 Gombergean, \u00e9tait aussi au d\u00e9part de La Chapelle-Vend\u00f4moise. \u00ab\u00a0Comme les agriculteurs, on est l\u00e0 pour sauver nos entreprises. On n\u2019a pas \u00e9t\u00e9 \u00e9cout\u00e9s et aujourd\u2019hui, les patients commencent \u00e0 gal\u00e9rer pour trouver un taxi, il y a des courses qu\u2019on ne peut plus faire parce qu\u2019on perd de l\u2019argent. En milieu rural, c\u2019est tr\u00e8s compliqu\u00e9, les cabinets m\u00e9dicaux ont ferm\u00e9 au profit des maisons m\u00e9dicales dans les plus grandes villes, on a augment\u00e9 les distances, et on nous dit qu\u2019on est trop cher\u00a0!\u00a0\u00bb<\/p>\n<p>Pendant ce temps, les tracteurs et les taxis sont sur la rocade (D956). Ils avancent lentement et cr\u00e9ent un ralentissement sur cette route.<\/p>\n<p><strong>8\u00a0h\u00a055.<\/strong>\u00a0Nicolas Bury, agriculteur \u00e0 La Chapelle-Vend\u00f4moise, \u00ab\u00a0non syndiqu\u00e9\u00a0\u00bb, \u00e9tait au d\u00e9part du convoi vers Blois ce matin. \u00ab\u00a0Je suis en grandes cultures, \u00e7a fait trois ans de suite qu\u2019on n\u2019a pas de r\u00e9sultat positif, qu\u2019on ne peut pas d\u00e9gager de revenus. On ne peut pas continuer \u00e0 emprunter pour vivre\u00a0!\u00a0\u00bb<\/p>\n<p name=\"citation\" class=\"BlockCitation_citation__j4IP6 \">On ne peut pas continuer \u00e0 emprunter pour vivre\u00a0!<\/p>\n<p><strong>Nicolas Bury, agriculteur <\/strong>La Chapelle-Vend\u00f4moise<\/p>\n<p><strong>8\u00a0h\u00a050.<\/strong>\u00a0Le p\u00e9age de l\u2019A10 n\u2019est pas encore bloqu\u00e9. De nombreux gendarmes sont pr\u00e9sents au rond-point des ch\u00e2teaux \u00e0 La Chauss\u00e9e-Saint-Victor. Tracteurs et taxis sont actuellement sur la rocade en direction de l\u2019entr\u00e9e de l\u2019autoroute, toujours \u00e0 La Chauss\u00e9e-Saint-Victor.<\/p>\n<\/p>\n<p><strong>8\u00a0h\u00a045.<\/strong>\u00a0Un autre convoi, avec une dizaine de tracteurs, se situe actuellement sur le secteur de Saint-Amand-Longpr\u00e9. Il va aller vers Vend\u00f4me par la N10 et reprendre la d\u00e9partementale vers Blois, aux alentours de 10\u00a0h.\u00a0Des tracteurs de l\u2019<a target=\"_blank\" href=\"https:\/\/www.lanouvellerepublique.fr\/indre-et-loire\" rel=\"noopener\">Indre-et-Loire<\/a> pourraient se joindre au mouvement en venant par la lev\u00e9e de la Loire.<\/p>\n<p><strong>8\u00a0h\u00a035.<\/strong>\u00a0Deux tracteurs et une demi-douzaine de taxis viennent de quitter La Chapelle-Vend\u00f4moise en direction de Blois.<\/p>\n<\/p>\n<p>Ce lundi 24\u00a0novembre 2025 sera perturb\u00e9 sur les routes \u00e0 <a target=\"_blank\" href=\"https:\/\/www.lanouvellerepublique.fr\/blois\" rel=\"noopener\">Blois<\/a> et ses alentours. Apr\u00e8s les manifestations de la FNSEA et des JA de ce mercredi 19\u00a0novembre \u2013 <a target=\"_blank\" href=\"https:\/\/www.lanouvellerepublique.fr\/blois\/les-agriculteurs-de-loir-et-cher-rallument-le-feu-de-la-colere-a-villebarou-1763580935\" rel=\"noopener\">ils avaient allum\u00e9 un feu de la col\u00e8re<\/a> en sortie de Blois direction Vend\u00f4me mais sans blocage \u2013, c\u2019est le syndicat de la <a target=\"_blank\" href=\"https:\/\/www.lanouvellerepublique.fr\/blois\/la-coordination-rurale-affiche-sa-colere-a-blois-et-vendome\" rel=\"noopener\">Coordination rurale<\/a> qui passe \u00e0 l\u2019action. L\u2019Union nationale des taxis se joindra \u00e0 elle.<\/p>\n<p>Les agriculteurs manifestent car \u00ab\u00a0les tr\u00e9soreries sont \u00e0 sec et actuellement les charges s\u2019envolent\u00a0\u00bb, d\u00e9clare Fr\u00e9d\u00e9ric Pr\u00e9geant, pr\u00e9sident de la Coordination rurale (CR) de <a target=\"_blank\" href=\"https:\/\/www.lanouvellerepublique.fr\/loir-et-cher\" rel=\"noopener\">Loir-et-Cher<\/a>, citant notamment la taxe engrais. \u00ab\u00a0On est aussi contre les accords de libre-\u00e9change qui viennent concurrencer nos produits\u00a0\u00bb \u2013 comme celui avec le Mercosur qui se profile. \u00ab\u00a0On demande qu\u2019il y ait plus de choses de mises en place pour vivre de notre m\u00e9tier\u00a0\u00bb, r\u00e9sume l\u2019agriculteur.<\/p>\n<p>Quant aux taxis, ils se mobilisent toujours contre la d\u00e9cision du gouvernement de d\u00e9rembourser certaines courses effectu\u00e9es dans le cadre de transports sanitaires. \u00ab\u00a0L\u2019entr\u00e9e en vigueur de la r\u00e9forme en ce d\u00e9but de mois, provoque pour nous une baisse de chiffre d\u2019affaires qui peut repr\u00e9senter jusqu\u2019\u00e0 40\u00a0%\u00a0\u00bb, souligne Pierre Bouffart, pr\u00e9sident de l\u2019Union nationale des taxis 41.<\/p>\n","protected":false},"excerpt":{"rendered":"Bonjour et bienvenue dans ce direct, il est aliment\u00e9 par Adrien Planchon, Catherine Simon, J\u00e9r\u00f4me Dutac et Sylvie&hellip;\n","protected":false},"author":2,"featured_media":555444,"comment_status":"","ping_status":"","sticky":false,"template":"","format":"standard","meta":{"footnotes":""},"categories":[2],"tags":[328,1392,11,327,3469,33,1011,27,4368,12,316,25,800],"class_list":{"0":"post-555443","1":"post","2":"type-post","3":"status-publish","4":"format-standard","5":"has-post-thumbnail","7":"category-actualites","8":"tag-a-la-une","9":"tag-a-la-une-local","10":"tag-actualites","11":"tag-agriculture","12":"tag-blois","13":"tag-economie","14":"tag-fr","15":"tag-france","16":"tag-loir-et-cher","17":"tag-news","18":"tag-politique","19":"tag-republique-francaise","20":"tag-transports"},"share_on_mastodon":{"url":"https:\/\/pubeurope.com\/@fr\/115604868936436483","error":""},"_links":{"self":[{"href":"https:\/\/www.europesays.com\/fr\/wp-json\/wp\/v2\/posts\/555443","targetHints":{"allow":["GET"]}}],"collection":[{"href":"https:\/\/www.europesays.com\/fr\/wp-json\/wp\/v2\/posts"}],"about":[{"href":"https:\/\/www.europesays.com\/fr\/wp-json\/wp\/v2\/types\/post"}],"author":[{"embeddable":true,"href":"https:\/\/www.europesays.com\/fr\/wp-json\/wp\/v2\/users\/2"}],"replies":[{"embeddable":true,"href":"https:\/\/www.europesays.com\/fr\/wp-json\/wp\/v2\/comments?post=555443"}],"version-history":[{"count":0,"href":"https:\/\/www.europesays.com\/fr\/wp-json\/wp\/v2\/posts\/555443\/revisions"}],"wp:featuredmedia":[{"embeddable":true,"href":"https:\/\/www.europesays.com\/fr\/wp-json\/wp\/v2\/media\/555444"}],"wp:attachment":[{"href":"https:\/\/www.europesays.com\/fr\/wp-json\/wp\/v2\/media?parent=555443"}],"wp:term":[{"taxonomy":"category","embeddable":true,"href":"https:\/\/www.europesays.com\/fr\/wp-json\/wp\/v2\/categories?post=555443"},{"taxonomy":"post_tag","embeddable":true,"href":"https:\/\/www.europesays.com\/fr\/wp-json\/wp\/v2\/tags?post=555443"}],"curies":[{"name":"wp","href":"https:\/\/api.w.org\/{rel}","templated":true}]}}