{"id":555445,"date":"2025-11-24T13:17:10","date_gmt":"2025-11-24T13:17:10","guid":{"rendered":"https:\/\/www.europesays.com\/fr\/555445\/"},"modified":"2025-11-24T13:17:10","modified_gmt":"2025-11-24T13:17:10","slug":"mallia-victime-dune-lesion-post-traumatique-du-ligament-croise-anterieur-du-genou-rugbyrama","status":"publish","type":"post","link":"https:\/\/www.europesays.com\/fr\/555445\/","title":{"rendered":"Mallia victime d\u2019une &quot;l\u00e9sion post-traumatique du ligament crois\u00e9 ant\u00e9rieur&quot; du genou &#8211; Rugbyrama"},"content":{"rendered":"<ol>\n<li><a href=\"https:\/\/news.google.com\/rss\/articles\/CBMi-gFBVV95cUxNb0pONXFIR2RYUXJhVFdCdjBoMWZreFZDR1Q3OVp4Tk5jUTFwRm0yNXhZUDItQWFmNFktQmt4dUNtMzlhU09sMnNsaTdRY1gwM25rc2RZUXYzMjhlRHQ3cUxHMG5tVUM0Sm5VYjgyX1dVYV8wV2p0Q1A2d1ktT21aRjBJWWEwTDNxNUJ0dkx3dVZ1ZDJybWxXcWJOTy1fSGtKajRyMkU0SU04eTVKemlDbDA4c2o3UnBUZWc3MzllVVZ3TDZmU1lueHVEeFNrUXhsVE8ycTFDYnFBb2xxOEtibllIbk1GLWYwLWxHcWZGS3lqTXZoR3JDbUdR?oc=5\" target=\"_blank\" rel=\"noopener\">Mallia victime d\u2019une \u00ab\u00a0l\u00e9sion post-traumatique du ligament crois\u00e9 ant\u00e9rieur\u00a0\u00bb du genou<\/a>&nbsp;&nbsp;Rugbyrama<\/li>\n<li><a href=\"https:\/\/news.google.com\/rss\/articles\/CBMi2gFBVV95cUxQNGlGcjZodmoxemkxUFpyRGFYNTNneFJKcTlnZ2dMQkRtRG5POEpfX1hyODVjTnZYU0JaeDNhRXNYQTI4OWwteklDQURXa0JuY1lGTE5XOUJPT1d1X3M2clpDa01Bd2hjY3dndXFGVHQtM2VveDRqNGp5YllPZm9mYnVSMXE0UXRxSnZkZmJZeGItQk1ZaVEyXzl1UjRnT0VtRG5NRU1rb0k5eW5uMDRfVS1NMlBaM2szYmQxZTB5V0UyRlZJbGhseC1fOTJ4VU5OQVRaVUtpWUF5dw?oc=5\" target=\"_blank\" rel=\"noopener\">Juan Cruz Mallia touch\u00e9 au ligament crois\u00e9 ant\u00e9rieur du genou droit apr\u00e8s Angleterre-Argentine<\/a>&nbsp;&nbsp;L&rsquo;\u00c9quipe<\/li>\n<li><a href=\"https:\/\/news.google.com\/rss\/articles\/CBMi8AFBVV95cUxNdklrWUJ6Mjg4dThkY05vX3hwTEJFVjhIYVBjYkxqZHJwYzJfVEtiUUo4eFR0MF9RNXdyVU84RzV3emJPS2s2YlJLM2d4MXBlQlJaLWhvYkNHekhzV3lGQWQ0SlRwMG9qaDZDZmx4aFEwa2tMV1ZoLWp5ZzNYYTk3ME15QmdGdTdwT2szMEFJNEZrUl9CTXhFQWU3alhuZzVZZUFnaEJ3Vlp3YkUxRHRhdThsWUtXanNRU0JiSFhjdGtLZjg4LWFtaDZ2QTUtTXFJZUVyZ0RoQTYyU08zcUEyV2RFajk2UklfSzludUNmUnE?oc=5\" target=\"_blank\" rel=\"noopener\">Angleterre &#8211; Argentine : revivez le succ\u00e8s des Anglais face aux Argentins<\/a>&nbsp;&nbsp;Rugbyrama<\/li>\n<li><a href=\"https:\/\/news.google.com\/rss\/articles\/CBMi2gFBVV95cUxNbmVIaXkwalBoczUwUXptZjd4R0k5aTVMVU9LMVl4dS1DLWw3dlU3V2xLcjJQU3VybVR3RmZTOVoxbWUzeTJ2WC13QmZGYm83NkpmbENLQ2hoYUZIRjZldjFXZXFQR1FCWWh0ejF2cXE0Y3Qyb0xEd0wtdWxDcGRXY09WY2lXUGxSdHhWLWZUV0k5enR2VVNGRlA3X0tIV0ctUlVZVThRT2oxQkZ1VzZxVXd0VkdHNldLWkY3WDJpQmV0bThLOW1aZEg1RUNSdkJlOHpOT1dkWmx6Zw?oc=5\" target=\"_blank\" rel=\"noopener\">Rugby : le s\u00e9lectionneur argentin d\u00e9nonce une gifle et des insultes de la part d\u2019un joueur anglais<\/a>&nbsp;&nbsp;Le Figaro<\/li>\n<li><a href=\"https:\/\/news.google.com\/rss\/articles\/CBMihAJBVV95cUxQT2ZmZ0ZZSWdsZGtOa1NobW9rY3ZlcTM4MjBacGtKRW9oTkl5TFIwZk91RzZhbmd3Q1IxNmNmSUZNOGxZOENEWld1NEFKcWt4Zi1VRmJGUXVEZk5BVjZPQmliUVB2aWVqSVJnNGlWR2llNGcxMG9ocUZNcUlCMm5LT2gwSVFZbXBCWC1Od3JKZmhWN2ZuUEctSVZFakdBY2JUNGhhMm9fTUxZbEpJZmpCVG1OeU4wRnJSX09wckdtZUNVdk91N2I2Nl9sV2JFWExYYXBkalZuUW1LNXFYcl9kcFVQSS1JcWpyZnFremxvNlBaRXF3ekM1OENZTlZZbW9CNVhFeg?oc=5\" target=\"_blank\" rel=\"noopener\">Genou \u00ab\u00a0cass\u00e9\u00a0\u00bb, claque, insulte&#8230; l&rsquo;Argentine d\u00e9nonce le comportement de Tom Curry, troisi\u00e8me ligne de l&rsquo;Angleterre<\/a>&nbsp;&nbsp;RMC Sport<\/li>\n<\/ol>\n","protected":false},"excerpt":{"rendered":"Mallia victime d\u2019une \u00ab\u00a0l\u00e9sion post-traumatique du ligament crois\u00e9 ant\u00e9rieur\u00a0\u00bb du genou&nbsp;&nbsp;Rugbyrama Juan Cruz Mallia touch\u00e9 au ligament crois\u00e9&hellip;\n","protected":false},"author":2,"featured_media":395849,"comment_status":"","ping_status":"","sticky":false,"template":"","format":"standard","meta":{"footnotes":""},"categories":[2],"tags":[11,1011,27,12,25],"class_list":{"0":"post-555445","1":"post","2":"type-post","3":"status-publish","4":"format-standard","5":"has-post-thumbnail","7":"category-actualites","8":"tag-actualites","9":"tag-fr","10":"tag-france","11":"tag-news","12":"tag-republique-francaise"},"share_on_mastodon":{"url":"https:\/\/pubeurope.com\/@fr\/115604871507573298","error":""},"_links":{"self":[{"href":"https:\/\/www.europesays.com\/fr\/wp-json\/wp\/v2\/posts\/555445","targetHints":{"allow":["GET"]}}],"collection":[{"href":"https:\/\/www.europesays.com\/fr\/wp-json\/wp\/v2\/posts"}],"about":[{"href":"https:\/\/www.europesays.com\/fr\/wp-json\/wp\/v2\/types\/post"}],"author":[{"embeddable":true,"href":"https:\/\/www.europesays.com\/fr\/wp-json\/wp\/v2\/users\/2"}],"replies":[{"embeddable":true,"href":"https:\/\/www.europesays.com\/fr\/wp-json\/wp\/v2\/comments?post=555445"}],"version-history":[{"count":0,"href":"https:\/\/www.europesays.com\/fr\/wp-json\/wp\/v2\/posts\/555445\/revisions"}],"wp:featuredmedia":[{"embeddable":true,"href":"https:\/\/www.europesays.com\/fr\/wp-json\/wp\/v2\/media\/395849"}],"wp:attachment":[{"href":"https:\/\/www.europesays.com\/fr\/wp-json\/wp\/v2\/media?parent=555445"}],"wp:term":[{"taxonomy":"category","embeddable":true,"href":"https:\/\/www.europesays.com\/fr\/wp-json\/wp\/v2\/categories?post=555445"},{"taxonomy":"post_tag","embeddable":true,"href":"https:\/\/www.europesays.com\/fr\/wp-json\/wp\/v2\/tags?post=555445"}],"curies":[{"name":"wp","href":"https:\/\/api.w.org\/{rel}","templated":true}]}}