{"id":555446,"date":"2025-11-24T13:18:21","date_gmt":"2025-11-24T13:18:21","guid":{"rendered":"https:\/\/www.europesays.com\/fr\/555446\/"},"modified":"2025-11-24T13:18:21","modified_gmt":"2025-11-24T13:18:21","slug":"au-moins-764-morts-en-france-en-2024","status":"publish","type":"post","link":"https:\/\/www.europesays.com\/fr\/555446\/","title":{"rendered":"au moins 764 morts en France en 2024"},"content":{"rendered":"<p>Sur l&rsquo;ann\u00e9e 2024, le rapport annuel de l&rsquo;Assurance maladie sur les risques professionnels, publi\u00e9 mi-novembre, d\u00e9nombre 1 297 d\u00e9c\u00e8s li\u00e9s au travail tous sinistres confondus.\u00a0Parmi ces d\u00e9c\u00e8s, 764 sont li\u00e9s \u00e0 <a href=\"https:\/\/www.laprovence.com\/article\/faits-divers-justice\/1338028045425414\/accident-du-travail-en-vaucluse-un-homme-de-58-ans-brule-par-un-arc-electrique-lors-dune-intervention-au-thor\" target=\"_blank\" rel=\"noopener\">des accidents du travail<\/a> &#8211; soit cinq de plus qu&rsquo;en 2023 et 26 de plus qu&rsquo;en 2022-, 318 d\u00e9coulent d&rsquo;accidents de trajet et 215 de maladies professionnelles.\u00a0<\/p>\n<p>Le rapport souligne que \u00ab\u00a0plus de 20% des d\u00e9c\u00e8s (\u00e0 la suite d&rsquo;un accident du travail) sont survenus dans l&rsquo;ann\u00e9e qui suit la prise de poste\u00a0\u00bb et que pour les salari\u00e9s de moins de 25 ans, il s&rsquo;agit de \u00ab\u00a0plus de la moiti\u00e9 des d\u00e9c\u00e8s\u00a0\u00bb.\u00a0<\/p>\n<p>Sans emp\u00eacher cette hausse des d\u00e9c\u00e8s, la fr\u00e9quence des accidents du travail a diminu\u00e9 de 1,1% en 2024, \u00e0 26,4 accidents pour 1 000 salari\u00e9s.\u00a0<\/p>\n<p>A noter que ces donn\u00e9es ne portent pas sur l&rsquo;ensemble des salari\u00e9s, car elles ne concernent que ceux du priv\u00e9 affili\u00e9s au r\u00e9gime g\u00e9n\u00e9ral. Sont exclus les exploitants et salari\u00e9s agricoles (r\u00e9gime agricole), les personnels des fonctions publiques (couverts par leur administration) et les ind\u00e9pendants n\u2019ayant pas souscrit une assurance volontaire.<\/p>\n<p>Hausse des accidents du travail chez les femmes<\/p>\n<p>Le rapport pointe une hausse des accidents du travail chez les femmes, de +26 % depuis 2001, masqu\u00e9e par la baisse chez les hommes (\u201340%).<\/p>\n<p>Les maladies professionnelles augmentent pour leur part de 6,7%, notamment les troubles musculosquelettiques (+6,6%), les pathologies li\u00e9es \u00e0 l&rsquo;amiante (+8,5%) et les affections psychiques (+9%).<\/p>\n<p>Le nombre de maladies professionnelles psychiques a ainsi doubl\u00e9 entre 2020 et 2024.<\/p>\n<p>\u00ab\u00a01 297 : la France atteint un record de morts au et du travail en 2024\u00a0\u00bb, a \u00e9crit sur son compte X le d\u00e9put\u00e9 europ\u00e9en (LFI) Anthony Smith, \u00e9galement inspecteur du travail. \u00ab\u00a0Et la non comptabilisation est massive (secteur public, travailleurs ub\u00e9ris\u00e9s\u2026). L&rsquo;inaction de la macronie est coupable !\u00a0\u00bb.<\/p>\n<p>\u00ab\u00a0Ces accidents et d\u00e9c\u00e8s sont le reflet d&rsquo;organisations pathog\u00e8nes du travail mises en place pour faire passer les profits avant la sant\u00e9, la s\u00e9curit\u00e9 et la vie des travailleurs et des travailleuses\u00a0\u00bb, a r\u00e9agi le syndicat Solidaires dans un communiqu\u00e9, soulignant que \u00ab\u00a0la pr\u00e9carit\u00e9, la sous-traitance en progression accentuent aussi le nombre d\u2019accident\u00e9\u2219es\u00a0\u00bb.<\/p>\n<p>Le syndicat demande notamment le r\u00e9tablissement des CHSCT (comit\u00e9s d&rsquo;hygi\u00e8ne, de s\u00e9curit\u00e9 et des conditions de travail) \u00ab\u00a0dont les pr\u00e9rogatives ont \u00e9t\u00e9 largement \u00e9dulcor\u00e9es avec leur int\u00e9gration au sein des comit\u00e9s sociaux\u00a0\u00bb.<\/p>\n","protected":false},"excerpt":{"rendered":"Sur l&rsquo;ann\u00e9e 2024, le rapport annuel de l&rsquo;Assurance maladie sur les risques professionnels, publi\u00e9 mi-novembre, d\u00e9nombre 1 297&hellip;\n","protected":false},"author":2,"featured_media":555447,"comment_status":"","ping_status":"","sticky":false,"template":"","format":"standard","meta":{"footnotes":""},"categories":[4],"tags":[6542,17,67299,3085,11,274,1011,27,379,5184,12,25,3847],"class_list":{"0":"post-555446","1":"post","2":"type-post","3":"status-publish","4":"format-standard","5":"has-post-thumbnail","7":"category-france","8":"tag-6542","9":"tag-17","10":"tag-67299","11":"tag-accidents","12":"tag-actualites","13":"tag-faits-divers-justice","14":"tag-fr","15":"tag-france","16":"tag-moins","17":"tag-morts","18":"tag-news","19":"tag-republique-francaise","20":"tag-travail"},"share_on_mastodon":{"url":"https:\/\/pubeurope.com\/@fr\/115604875052866818","error":""},"_links":{"self":[{"href":"https:\/\/www.europesays.com\/fr\/wp-json\/wp\/v2\/posts\/555446","targetHints":{"allow":["GET"]}}],"collection":[{"href":"https:\/\/www.europesays.com\/fr\/wp-json\/wp\/v2\/posts"}],"about":[{"href":"https:\/\/www.europesays.com\/fr\/wp-json\/wp\/v2\/types\/post"}],"author":[{"embeddable":true,"href":"https:\/\/www.europesays.com\/fr\/wp-json\/wp\/v2\/users\/2"}],"replies":[{"embeddable":true,"href":"https:\/\/www.europesays.com\/fr\/wp-json\/wp\/v2\/comments?post=555446"}],"version-history":[{"count":0,"href":"https:\/\/www.europesays.com\/fr\/wp-json\/wp\/v2\/posts\/555446\/revisions"}],"wp:featuredmedia":[{"embeddable":true,"href":"https:\/\/www.europesays.com\/fr\/wp-json\/wp\/v2\/media\/555447"}],"wp:attachment":[{"href":"https:\/\/www.europesays.com\/fr\/wp-json\/wp\/v2\/media?parent=555446"}],"wp:term":[{"taxonomy":"category","embeddable":true,"href":"https:\/\/www.europesays.com\/fr\/wp-json\/wp\/v2\/categories?post=555446"},{"taxonomy":"post_tag","embeddable":true,"href":"https:\/\/www.europesays.com\/fr\/wp-json\/wp\/v2\/tags?post=555446"}],"curies":[{"name":"wp","href":"https:\/\/api.w.org\/{rel}","templated":true}]}}