{"id":555448,"date":"2025-11-24T13:21:17","date_gmt":"2025-11-24T13:21:17","guid":{"rendered":"https:\/\/www.europesays.com\/fr\/555448\/"},"modified":"2025-11-24T13:21:17","modified_gmt":"2025-11-24T13:21:17","slug":"xv-de-france-il-a-fallu-mettre-le-hola-pourquoi-les-murs-de-marcoussis-ont-tremble","status":"publish","type":"post","link":"https:\/\/www.europesays.com\/fr\/555448\/","title":{"rendered":"XV de France\u00a0: \u00ab\u00a0Il a fallu mettre le hol\u00e0\u2026\u00a0\u00bb Pourquoi les murs de Marcoussis ont trembl\u00e9"},"content":{"rendered":"<p>\n                                                                    l&rsquo;essentiel<br \/>\n                                                                La semaine ayant pr\u00e9c\u00e9d\u00e9 le dernier test face \u00e0 l\u2019Australie, samedi 22\u00a0novembre au Stade de France, a \u00e9t\u00e9 marqu\u00e9e par de vives discussions comme l\u2019a r\u00e9v\u00e9l\u00e9 un cadre des Bleus.\n                            <\/p>\n<p>Les murs de Marcoussis ont trembl\u00e9. Alors que le XV de France b\u00e9gayait son rugby lors de ses deux premiers tests d\u2019automne (17-32 face \u00e0 l\u2019Afrique du Sud puis 34-21 contre les Fidji), les leaders ont pris leurs responsabilit\u00e9s lors du d\u00e9but de semaine ayant pr\u00e9c\u00e9d\u00e9 la cl\u00f4ture de la fen\u00eatre automnale face \u00e0 l\u2019Australie.<\/p>\n<p class=\"std-elt__inline\">\n        <strong>\u00c0 lire aussi :<\/strong><br \/>\n        <a href=\"https:\/\/www.ladepeche.fr\/2025\/11\/24\/rugby-larrogance-des-francais-va-les-empecher-de-remporter-la-coupe-du-monde-les-violentes-critiques-dun-analyste-contre-le-xv-de-france-13070504.php\" target=\"_blank\" rel=\"noopener\">Rugby\u00a0: \u00ab\u00a0L\u2019arrogance des Fran\u00e7ais va les emp\u00eacher de remporter la Coupe du monde\u00a0!\u00a0\u00bb Les violentes critiques d\u2019un analyste contre le XV de France<\/a>\n    <\/p>\n<p>C\u2019est\u00a0ce qu\u2019a avou\u00e9 Maxime Lucu, le demi de m\u00eal\u00e9e de Bordeaux-B\u00e8gles (32 ans\u00a0; 30 s\u00e9l.), dans une interview accord\u00e9e au Parisien ce dimanche 23\u00a0novembre, 24\u00a0heures apr\u00e8s le succ\u00e8s face aux Wallabies (48-33). \u00ab\u00a0On a eu besoin de se parler, et on a eu des discussions houleuses, car quand on n\u2019a pas de temps, il faut \u00eatre honn\u00eate et savoir vite se dire les choses\u00a0\u00bb, livrait ainsi le Basque.<\/p>\n<p class=\"std-elt__inline\">\n        <strong>\u00c0 lire aussi :<\/strong><br \/>\n        <a href=\"https:\/\/www.ladepeche.fr\/2025\/11\/24\/xv-de-france-cest-interessant-fabien-galthie-ironique-pour-denoncer-liniquite-qui-empeche-les-bleus-de-rattraper-les-meilleures-nations-13070487.php\" target=\"_blank\" rel=\"noopener\">XV de France\u00a0: \u00ab\u00a0C\u2019est int\u00e9ressant\u2026\u00a0\u00bb Fabien Galthi\u00e9 ironique pour d\u00e9noncer l\u2019iniquit\u00e9 qui emp\u00eache les Bleus de rattraper les meilleures nations<\/a>\n    <\/p>\n<p>\u00ab\u00a0On voyait bien que quelque chose tra\u00eenait\u00a0\u00bb<\/p>\n<p>Lucides sur leur niveau et port\u00e9s par leur volont\u00e9 d\u2019\u00eatre bien meilleurs, les Bleus ont donc choisi de muscler leur discours. \u00ab\u00a0Il fallait se parler parce qu\u2019on voyait bien que quelque chose tra\u00eenait, qu\u2019on n\u2019arrivait pas \u00e0 aller au bout de ce qu\u2019on voulait faire\u2026 \u00c7a a \u00e9t\u00e9 \u00e0 l\u2019initiative des joueurs, on a des grands leaders et des champions dans ce groupe qui, quand ils vivent ce genre de matchs, ne peuvent pas \u00eatre satisfaits\u00a0\u00bb, poursuivait-il.<\/p>\n<p class=\"std-elt__inline\">\n        <strong>\u00c0 lire aussi :<\/strong><br \/>\n        <a href=\"https:\/\/www.ladepeche.fr\/2025\/11\/24\/fabien-galthie-romain-se-sacrifie-pour-le-collectif-ntamack-de-nouveau-defendu-par-son-selectionneur-13070639.php\" target=\"_blank\" rel=\"noopener\">Fabien Galthi\u00e9\u00a0: \u00ab\u00a0Romain se sacrifie pour le collectif\u2026\u00a0\u00bb Ntamack de nouveau d\u00e9fendu par son s\u00e9lectionneur<\/a>\n    <\/p>\n<p>Avant de d\u00e9tailler\u00a0: \u00ab\u00a0Il a fallu mettre le hol\u00e0 lundi et mardi, sinon on allait reproduire le m\u00eame genre de match face \u00e0 l\u2019Australie. Les habituels leaders ont pris la parole\u00a0: Greg (Alldritt), les capitaines de touche, les gens dans la charni\u00e8re, Thomas (Ramos)\u2026\u00a0\u00bb<\/p>\n<p class=\"std-elt__inline\">\n        <strong>\u00c0 lire aussi :<\/strong><br \/>\n        <a href=\"https:\/\/www.ladepeche.fr\/2025\/11\/23\/video-rugby-je-vois-le-verre-a-moitie-vide-les-inquietudes-dun-grand-nom-du-xv-de-france-apres-la-tournee-dautomne-13069166.php\" target=\"_blank\" rel=\"noopener\">VIDEO. Rugby\u00a0: \u00ab\u00a0Je vois le verre \u00e0 moiti\u00e9 vide\u2026\u00a0\u00bb Les inqui\u00e9tudes d\u2019un grand nom du XV de France apr\u00e8s la tourn\u00e9e d\u2019automne<\/a>\n    <\/p>\n<p>De quoi redonner un certain allant aux XV de France face aux Australiens sans pour autant r\u00e9gler les probl\u00e8mes r\u00e9currents en d\u00e9fense et en mati\u00e8re de discipline.<\/p>\n","protected":false},"excerpt":{"rendered":"l&rsquo;essentiel La semaine ayant pr\u00e9c\u00e9d\u00e9 le dernier test face \u00e0 l\u2019Australie, samedi 22\u00a0novembre au Stade de France, a&hellip;\n","protected":false},"author":2,"featured_media":555449,"comment_status":"","ping_status":"","sticky":false,"template":"","format":"standard","meta":{"footnotes":""},"categories":[1416],"tags":[1011,27,479,1468,60],"class_list":{"0":"post-555448","1":"post","2":"type-post","3":"status-publish","4":"format-standard","5":"has-post-thumbnail","7":"category-rugby","8":"tag-fr","9":"tag-france","10":"tag-rugby","11":"tag-rugby-football","12":"tag-sports"},"share_on_mastodon":{"url":"https:\/\/pubeurope.com\/@fr\/115604886955206850","error":""},"_links":{"self":[{"href":"https:\/\/www.europesays.com\/fr\/wp-json\/wp\/v2\/posts\/555448","targetHints":{"allow":["GET"]}}],"collection":[{"href":"https:\/\/www.europesays.com\/fr\/wp-json\/wp\/v2\/posts"}],"about":[{"href":"https:\/\/www.europesays.com\/fr\/wp-json\/wp\/v2\/types\/post"}],"author":[{"embeddable":true,"href":"https:\/\/www.europesays.com\/fr\/wp-json\/wp\/v2\/users\/2"}],"replies":[{"embeddable":true,"href":"https:\/\/www.europesays.com\/fr\/wp-json\/wp\/v2\/comments?post=555448"}],"version-history":[{"count":0,"href":"https:\/\/www.europesays.com\/fr\/wp-json\/wp\/v2\/posts\/555448\/revisions"}],"wp:featuredmedia":[{"embeddable":true,"href":"https:\/\/www.europesays.com\/fr\/wp-json\/wp\/v2\/media\/555449"}],"wp:attachment":[{"href":"https:\/\/www.europesays.com\/fr\/wp-json\/wp\/v2\/media?parent=555448"}],"wp:term":[{"taxonomy":"category","embeddable":true,"href":"https:\/\/www.europesays.com\/fr\/wp-json\/wp\/v2\/categories?post=555448"},{"taxonomy":"post_tag","embeddable":true,"href":"https:\/\/www.europesays.com\/fr\/wp-json\/wp\/v2\/tags?post=555448"}],"curies":[{"name":"wp","href":"https:\/\/api.w.org\/{rel}","templated":true}]}}