{"id":555450,"date":"2025-11-24T13:22:14","date_gmt":"2025-11-24T13:22:14","guid":{"rendered":"https:\/\/www.europesays.com\/fr\/555450\/"},"modified":"2025-11-24T13:22:14","modified_gmt":"2025-11-24T13:22:14","slug":"pourquoi-litalie-laureate-pour-la-troisieme-fois-consecutive-survole-la-planete-tennis","status":"publish","type":"post","link":"https:\/\/www.europesays.com\/fr\/555450\/","title":{"rendered":"pourquoi l\u2019Italie, laur\u00e9ate pour la troisi\u00e8me fois cons\u00e9cutive, survole la plan\u00e8te tennis"},"content":{"rendered":"<p>\n    Sans le leader Jannik Sinner et son lieutenant Lorenzo Musetti, l\u2019Italie a \u00e9t\u00e9 sacr\u00e9e sans discussion, \u00e0 domicile, pour d\u00e9crocher un troisi\u00e8me titre d\u2019affil\u00e9e. Une domination implacable.<\/p>\n<p class=\"fig-paragraph\">D\u00e9j\u00e0 victorieuse 2-0 de l\u2019Autriche en quart de finale, et de la Belgique sur le m\u00eame score en demi-finale, la s\u00e9lection h\u00f4te n\u2019a pas perdu le moindre match durant la phase finale.\u00a0<a href=\"http:\/\/www.lefigaro.fr\/sports\/tennis\/coupe-davis\/coupe-davis-3e-titre-d-affilee-pour-l-italie-apres-leur-victoire-contre-l-espagne-20251123\" data-fig-type=\"NewsFlash\" data-gtm-custom-categorie=\"navigation\" data-gtm-custom-action=\"crossclick\" data-gtm-custom-label=\"Contextuel\" data-gtm-event=\"customEventSPE\" data-fig-domain=\"LEFIGARO\" target=\"_blank\" rel=\"noopener\">Les Transalpins ont d\u00e9croch\u00e9 dimanche face \u00e0 l\u2019Espagne<\/a>\u00a0leur quatri\u00e8me Saladier d\u2019argent dans la comp\u00e9tition, apr\u00e8s ceux de 1976, 2023 et 2024.\u00a0<a href=\"http:\/\/www.lefigaro.fr\/sports\/tennis\/tennis-ce-n-est-pas-vrai-le-president-de-l-itf-refute-l-idee-que-les-meilleurs-joueurs-snobent-la-coupe-davis-20251123\" data-fig-type=\"NewsFlash\" data-gtm-custom-categorie=\"navigation\" data-gtm-custom-action=\"crossclick\" data-gtm-custom-label=\"Contextuel\" data-gtm-event=\"customEventSPE\" data-fig-domain=\"LEFIGARO\" target=\"_blank\" rel=\"noopener\">Le tout avec une \u00e9quipe B.<\/a>\u00a0Aucune nation n\u2019avait gagn\u00e9 trois ann\u00e9es de suite l\u2019\u00e9preuve par \u00e9quipes depuis les \u00c9tats-Unis, vainqueurs de cinq \u00e9ditions cons\u00e9cutives entre 1968 et 1972. Laur\u00e9ate par ailleurs chez les filles de la Billie Jean King Cup (ex-Fed Cup) pour la deuxi\u00e8me ann\u00e9e d\u2019affil\u00e9e, l\u2019Italie a la mainmise sur les deux principales comp\u00e9titions par \u00e9quipes du tennis mondial. Tout sauf un hasard.<\/p>\n<p>Un sacr\u00e9 r\u00e9servoir<\/p>\n<p class=\"fig-paragraph\">L\u2019Italie s\u2019est trouv\u00e9 une nouvelle idole \u00e0 Bologne en la personne de Flavio Cobolli, qui a apport\u00e9 le point du titre face \u00e0 Jaume Munar en finale (1-6, 7-6, 7-5). Contre la Belgique (tombeuse de la France), le Florentin de 23 ans\u00a0<a href=\"http:\/\/www.lefigaro.fr\/sports\/tennis\/coupe-davis\/coupe-davis-cobolli-renverse-bergs-et-qualifie-l-italie-pour-la-finale-20251121\" data-fig-type=\"NewsFlash\" data-gtm-custom-categorie=\"navigation\" data-gtm-custom-action=\"crossclick\" data-gtm-custom-label=\"Contextuel\" data-gtm-event=\"customEventSPE\" data-fig-domain=\"LEFIGARO\" target=\"_blank\" rel=\"noopener\">avait effac\u00e9 sept balles de match contre Bergs<\/a>\u00a0avant de s\u2019imposer aussi au bout du suspense. Dans l\u2019ombre de Musetti et bien \u00e9videmment de Sinner, Cobolli actuel 22e mondial et num\u00e9ro 3 italien, serait leader du tennis fran\u00e7ais. Si la France a plus de joueurs dans le top 100 (12 contre 8), l\u2019Italie en place 5 dans le top 25, contre\u2026 0 pour la France, m\u00eame si Fils et Humbert, quand ils en auront fini avec leurs blessures, pointaient dans le top 20, il y a quelques mois. Matteo Berrettini, finaliste de Wimbledon 2021, mais plomb\u00e9 par les blessures ces derni\u00e8res ann\u00e9es, a parfaitement fait le job, remportant ses trois matches et confirmant qu\u2019il valait beaucoup mieux que sa 56e place actuelle.<\/p>\n<p>                                    <a class=\"fig-a11y-skip a11y-hidden\" href=\"#fig-a11y-skip-main-inarticle\"><br \/>\n        Passer la publicit\u00e9<br \/>\n    <\/a><\/p>\n<p class=\"fig-paragraph\">Apr\u00e8s les ann\u00e9es 70 port\u00e9es par Adriano Panatta, puis Nicola Pietrangeli, l\u2019Italie avait par la suite compl\u00e8tement disparu des radars tennistiques, au point d\u2019\u00eatre rel\u00e9gu\u00e9e dans le groupe 2 de Coupe Davis en 2004. De l\u2019histoire ancienne. Avec le succ\u00e8s de Francesca Schiavone \u00e0 Roland-Garros en 2010, le pays est irr\u00e9sistiblement\u00a0<a href=\"http:\/\/www.lefigaro.fr\/sports\/tennis\/roland-garros\/la-dolce-vita-du-tennis-italien-a-roland-garros-20240607\" data-fig-type=\"Article\" data-gtm-custom-categorie=\"navigation\" data-gtm-custom-action=\"crossclick\" data-gtm-custom-label=\"Contextuel\" data-gtm-event=\"customEventSPE\" data-fig-domain=\"LEFIGARO\" target=\"_blank\" rel=\"noopener\">mont\u00e9 en puissance\u00a0<\/a>ces dix derni\u00e8res ann\u00e9es. Boost\u00e9 d\u2019abord par les femmes, le tennis italien r\u00e8gne sans partage chez les hommes. Et ce n\u2019est pas fini. Ses meilleurs joueurs ont tous entre 22 et 25 ans\u2026<\/p>\n<p>Le tennis, sport majeur de l\u2019autre c\u00f4t\u00e9 des Alpes<\/p>\n<p class=\"fig-paragraph\">Nation historiquement vou\u00e9e corps et \u00e2me au football, l\u2019Italie est devenue une terre de tennis. Nos voisins organisent d\u00e9sormais les ATP Finals de fin d\u2019ann\u00e9e (jusqu\u2019en 2026), ainsi que la phase finale de Coupe Davis (jusqu\u2019en 2027), sans oublier le Masters des jeunes \u00e0 Milan. Premier sport individuel, le tennis, aid\u00e9 aussi par l\u2019explosion du padel, est d\u00e9sormais le deuxi\u00e8me en termes de licenci\u00e9s, derri\u00e8re le foot. Le pays affiche 900 000 licenci\u00e9s (ils \u00e9taient 550 000 en 2022, contre 130 000 au d\u00e9but des ann\u00e9es 2000. Lanc\u00e9e fin 2008 pour corriger le manque de visibilit\u00e9 de la petite balle jaune en Italie, SuperTennis diffuse gratuitement les plus grands tournois ATP et WTA, mais aussi les derni\u00e8res \u00e9ditions de la Coupe Davis et les ATP Finals.<\/p>\n<p class=\"fig-paragraph\"><a href=\"http:\/\/www.lefigaro.fr\/sports\/tennis\/coupe-davis\/coupe-davis-enfin-de-retour-en-quarts-la-france-a-la-recherche-du-temps-perdu-20251117\" data-fig-type=\"Article\" data-gtm-custom-categorie=\"navigation\" data-gtm-custom-action=\"crossclick\" data-gtm-custom-label=\"Contextuel\" data-gtm-event=\"customEventSPE\" data-fig-domain=\"LEFIGARO\" target=\"_blank\" rel=\"noopener\">Si la Coupe Davis a clairement perdu de son aura,<\/a>\u00a0la comp\u00e9tition a passionn\u00e9 de l\u2019autre c\u00f4t\u00e9 des Alpes, et pas seulement quand l\u2019Italie \u00e9tait sur le court. Malgr\u00e9 l\u2019absence des stars Sinner et Alcaraz plus de 62.000 spectateurs\u00bb (sur une capacit\u00e9 maximale d\u2019environ 70.000 places sur la semaine) ont assist\u00e9 sur site \u00e0 la phase finale, ont indiqu\u00e9 \u00e0 l\u2019AFP les organisateurs. Entre les audiences de SuperTennis et celle de la Rai, la comp\u00e9tition aurait attir\u00e9 au total 14,3 millions de t\u00e9l\u00e9spectateurs italiens. La finale Italie-Espagne, m\u00eame sans Sinner et Musetti, a \u00e9t\u00e9 regard\u00e9e par 5,6 millions de t\u00e9l\u00e9spectateurs rien que sur Rai 1.<\/p>\n<p>Le mod\u00e8le italien inspir\u00e9\u2026 de la France<\/p>\n<p class=\"fig-paragraph\">L\u2019Hexagone regarde avec envie le renouveau de l\u2019autre c\u00f4t\u00e9 des Alpes, fruit d\u2019un syst\u00e8me qui porte plus ses fruits qu\u2019en France. \u00abAu d\u00e9but des ann\u00e9es 2000, on comptait moins de licenci\u00e9s, et les r\u00e9sultats \u00e9conomiques \u00e9taient d\u00e9sastreux\u00a0\u00bb,\u00a0<a href=\"https:\/\/www.lefigaro.fr\/sports\/pourquoi-le-tennis-italien-fait-son-big-bang-20210509\" data-fig-type=\"Article\" data-gtm-custom-categorie=\"navigation\" data-gtm-custom-action=\"crossclick\" data-gtm-custom-label=\"Contextuel\" data-gtm-event=\"customEventSPE\" data-fig-domain=\"LEFIGARO\" target=\"_blank\" rel=\"noopener\">expliquait au Figaro\u00a0<\/a> le pr\u00e9sident de la F\u00e9d\u00e9ration italienne Angelo Binaghi, aux commandes depuis\u2026 2001. Une profonde restructuration de la F\u00e9d\u00e9ration a \u00e9t\u00e9 d\u00e9cid\u00e9e, et un long investissement, avec des r\u00e9sultats au-del\u00e0 de nos attentes.\u00bb En 2004, la Federazione a mis en place deux centres techniques, \u00e0 Tirreno, pr\u00e8s de Pise, pour les gar\u00e7ons, \u00e0 Formia, pr\u00e8s de Rome, pour les filles, afin de rep\u00e9rer et de former de futurs champions. Un syst\u00e8me de bourses a \u00e9t\u00e9 mis en place pour les 10-15 ans, et, une fois pros, un programme a \u00e9t\u00e9 cr\u00e9\u00e9 sp\u00e9cialement pour les 18-24 ans, qui re\u00e7oivent des invitations sur les tournois nationaux, sans avoir \u00e0 parcourir des milliers de kilom\u00e8tres. Nation ayant le plus de tournois Challengers (2e division) apr\u00e8s les \u00c9tats-Unis, l\u2019Italie a permis aux jeunes pousses de se confronter \u00e0 la comp\u00e9tition et de s\u2019aguerrir.<\/p>\n<p class=\"fig-paragraph\">\u00c0 l\u2019instar du football, elle poss\u00e8de aussi de tr\u00e8s bons entra\u00eeneurs formateurs. Riccardo Piatti a \u00e9t\u00e9 le mentor de Sinner de ses 13 ans \u00e0 ses 21 ans. Simone Tartarini entra\u00eene Musetti depuis qu\u2019il est arriv\u00e9 \u00e0 9 ans. La F\u00e9d\u00e9ration accompagne les projets individuels. Et les r\u00e9sultats parlent d\u2019eux-m\u00eames.<\/p>\n","protected":false},"excerpt":{"rendered":"Sans le leader Jannik Sinner et son lieutenant Lorenzo Musetti, l\u2019Italie a \u00e9t\u00e9 sacr\u00e9e sans discussion, \u00e0 domicile,&hellip;\n","protected":false},"author":2,"featured_media":555451,"comment_status":"","ping_status":"","sticky":false,"template":"","format":"standard","meta":{"footnotes":""},"categories":[1415],"tags":[4178,1011,27,20859,60,1467],"class_list":{"0":"post-555450","1":"post","2":"type-post","3":"status-publish","4":"format-standard","5":"has-post-thumbnail","7":"category-tennis","8":"tag-coupe-davis","9":"tag-fr","10":"tag-france","11":"tag-jannik-sinner","12":"tag-sports","13":"tag-tennis"},"share_on_mastodon":{"url":"https:\/\/pubeurope.com\/@fr\/115604890769710383","error":""},"_links":{"self":[{"href":"https:\/\/www.europesays.com\/fr\/wp-json\/wp\/v2\/posts\/555450","targetHints":{"allow":["GET"]}}],"collection":[{"href":"https:\/\/www.europesays.com\/fr\/wp-json\/wp\/v2\/posts"}],"about":[{"href":"https:\/\/www.europesays.com\/fr\/wp-json\/wp\/v2\/types\/post"}],"author":[{"embeddable":true,"href":"https:\/\/www.europesays.com\/fr\/wp-json\/wp\/v2\/users\/2"}],"replies":[{"embeddable":true,"href":"https:\/\/www.europesays.com\/fr\/wp-json\/wp\/v2\/comments?post=555450"}],"version-history":[{"count":0,"href":"https:\/\/www.europesays.com\/fr\/wp-json\/wp\/v2\/posts\/555450\/revisions"}],"wp:featuredmedia":[{"embeddable":true,"href":"https:\/\/www.europesays.com\/fr\/wp-json\/wp\/v2\/media\/555451"}],"wp:attachment":[{"href":"https:\/\/www.europesays.com\/fr\/wp-json\/wp\/v2\/media?parent=555450"}],"wp:term":[{"taxonomy":"category","embeddable":true,"href":"https:\/\/www.europesays.com\/fr\/wp-json\/wp\/v2\/categories?post=555450"},{"taxonomy":"post_tag","embeddable":true,"href":"https:\/\/www.europesays.com\/fr\/wp-json\/wp\/v2\/tags?post=555450"}],"curies":[{"name":"wp","href":"https:\/\/api.w.org\/{rel}","templated":true}]}}