{"id":555452,"date":"2025-11-24T13:26:13","date_gmt":"2025-11-24T13:26:13","guid":{"rendered":"https:\/\/www.europesays.com\/fr\/555452\/"},"modified":"2025-11-24T13:26:13","modified_gmt":"2025-11-24T13:26:13","slug":"une-worldteam-pour-valentina-cavallar-actualite","status":"publish","type":"post","link":"https:\/\/www.europesays.com\/fr\/555452\/","title":{"rendered":"Une WorldTeam pour Valentina Cavallar &#8211; Actualit\u00e9"},"content":{"rendered":"<p style=\"text-align: justify;\"><strong>Apr\u00e8s deux saisons dans les rangs d\u2019Ark\u00e9a B&amp;B H\u00f4tels,\u00a0<strong><a href=\"https:\/\/www.directvelo.com\/coureur\/60881\/valentina-cavallar\" target=\"_blank\" rel=\"noopener\">Valentina Cavallar<\/a><\/strong> grimpe \u00e0 l\u2019\u00e9chelon WorldTour. Pour les trois prochaines ann\u00e9es, elle fera partie de l&rsquo;effectif du Team SD Worx-Protime.<br \/>L\u2019Autrichienne de 24 ans compte une victoire cette saison, sa premi\u00e8re dans le monde du cyclisme, d\u00e9croch\u00e9e sur l\u2019Alpes Gr\u00e9sivaudan Classic.\u00a0<strong><a href=\"https:\/\/www.directvelo.com\/actualite\/115008\/valentina-cavallar-cherche-son-couloir-dans-le-velo\" target=\"_blank\" rel=\"noopener\">L\u2019ancienne rameuse olympique<\/a><\/strong> a termin\u00e9 3e du Tour F\u00e9minin International des Pyr\u00e9n\u00e9es en terminant 4e d\u2019une \u00e9tape. Elle avait d\u2019ailleurs pris la 2e place de l\u2019\u00e9preuve l\u2019an dernier, pour sa premi\u00e8re saison chez les professionnelles.<br \/>Valentina Cavallar a \u00e9galement termin\u00e9 \u00e0 la 8e place du Tour de Burgos, et s\u2019est class\u00e9e 7e de la troisi\u00e8me \u00e9tape. Bien que contrainte par une maladie de quitter le Tour de France, elle a su s\u2019illustrer sur un autre Grand Tour, la Vuelta. 10e et 11e d\u2019\u00e9tapes, elle a fini le Tour d\u2019Espagne \u00e0 la 26e position du classement g\u00e9n\u00e9ral.<\/strong><\/p>\n<p>Retrouvez toutes les mutations du peloton f\u00e9minin <strong><a href=\"https:\/\/www.directvelo.com\/mutations\/2026#teams-women\" target=\"_blank\" rel=\"noopener\">en cliquant ici<\/a><\/strong>.<\/p>\n","protected":false},"excerpt":{"rendered":"Apr\u00e8s deux saisons dans les rangs d\u2019Ark\u00e9a B&amp;B H\u00f4tels,\u00a0Valentina Cavallar grimpe \u00e0 l\u2019\u00e9chelon WorldTour. Pour les trois prochaines&hellip;\n","protected":false},"author":2,"featured_media":555453,"comment_status":"","ping_status":"","sticky":false,"template":"","format":"standard","meta":{"footnotes":""},"categories":[1411],"tags":[834,828,836,829,837,827,83,826,824,823,1154,207,814,817,815,816,822,821,832,211,839,1011,27,820,818,819,835,831,830,833,838,60,212,208,825],"class_list":{"0":"post-555452","1":"post","2":"type-post","3":"status-publish","4":"format-standard","5":"has-post-thumbnail","7":"category-cyclisme","8":"tag-attaque","9":"tag-belgique","10":"tag-braquet","11":"tag-bretagne","12":"tag-chute","13":"tag-competition","14":"tag-coupe-de-france","15":"tag-coureur","16":"tag-course-cyclisme","17":"tag-course-cycliste","18":"tag-cycling","19":"tag-cyclisme","20":"tag-direct","21":"tag-direct-velo","22":"tag-directvelo","23":"tag-directvelo-com","24":"tag-epreuve","25":"tag-epreuve-cycliste","26":"tag-federation-francaise-de-cyclisme","27":"tag-ffc","28":"tag-flandres","29":"tag-fr","30":"tag-france","31":"tag-live","32":"tag-live-course","33":"tag-live-epreuve","34":"tag-peloton","35":"tag-radio-peloton","36":"tag-radio-tour","37":"tag-ravitaillement","38":"tag-relance","39":"tag-sports","40":"tag-uci","41":"tag-velo","42":"tag-velos"},"share_on_mastodon":{"url":"https:\/\/pubeurope.com\/@fr\/115604906648974639","error":""},"_links":{"self":[{"href":"https:\/\/www.europesays.com\/fr\/wp-json\/wp\/v2\/posts\/555452","targetHints":{"allow":["GET"]}}],"collection":[{"href":"https:\/\/www.europesays.com\/fr\/wp-json\/wp\/v2\/posts"}],"about":[{"href":"https:\/\/www.europesays.com\/fr\/wp-json\/wp\/v2\/types\/post"}],"author":[{"embeddable":true,"href":"https:\/\/www.europesays.com\/fr\/wp-json\/wp\/v2\/users\/2"}],"replies":[{"embeddable":true,"href":"https:\/\/www.europesays.com\/fr\/wp-json\/wp\/v2\/comments?post=555452"}],"version-history":[{"count":0,"href":"https:\/\/www.europesays.com\/fr\/wp-json\/wp\/v2\/posts\/555452\/revisions"}],"wp:featuredmedia":[{"embeddable":true,"href":"https:\/\/www.europesays.com\/fr\/wp-json\/wp\/v2\/media\/555453"}],"wp:attachment":[{"href":"https:\/\/www.europesays.com\/fr\/wp-json\/wp\/v2\/media?parent=555452"}],"wp:term":[{"taxonomy":"category","embeddable":true,"href":"https:\/\/www.europesays.com\/fr\/wp-json\/wp\/v2\/categories?post=555452"},{"taxonomy":"post_tag","embeddable":true,"href":"https:\/\/www.europesays.com\/fr\/wp-json\/wp\/v2\/tags?post=555452"}],"curies":[{"name":"wp","href":"https:\/\/api.w.org\/{rel}","templated":true}]}}