{"id":555455,"date":"2025-11-24T13:28:14","date_gmt":"2025-11-24T13:28:14","guid":{"rendered":"https:\/\/www.europesays.com\/fr\/555455\/"},"modified":"2025-11-24T13:28:14","modified_gmt":"2025-11-24T13:28:14","slug":"le-chanteur-jamaicain-jimmy-cliff-legende-du-reggae-interprete-du-tube-reggae-night-est-decede-a-lage-de-81-ans-annonce-sa-femme-sur-instagram","status":"publish","type":"post","link":"https:\/\/www.europesays.com\/fr\/555455\/","title":{"rendered":"Le chanteur jama\u00efcain Jimmy Cliff, l\u00e9gende du reggae interpr\u00e8te du tube \u00ab\u00a0Reggae Night\u00a0\u00bb, est d\u00e9c\u00e9d\u00e9 \u00e0 l\u2019\u00e2ge de 81 ans, annonce sa femme sur Instagram"},"content":{"rendered":"<p>Le chanteur jama\u00efcain Jimmy Cliff, l\u00e9gende du reggae, est d\u00e9c\u00e9d\u00e9 \u00e0 l\u2019\u00e2ge de 81 ans, annonce sa femme aujourd&rsquo;hui sur Instagram<\/p>\n<p>\u00ab C\u2019est avec une profonde tristesse que je partage que mon mari, Jimmy Cliff, nous a quitt\u00e9s \u00e0 la suite d\u2019une crise convulsive suivie d\u2019une pneumonie \u00bb, \u00e9crit-elle.\u00a0<\/p>\n<p>Et d&rsquo;ajouter : \u00ab\u00a0\u00c0 tous ses fans \u00e0 travers le monde, sachez que votre soutien a \u00e9t\u00e9 sa force tout au long de sa carri\u00e8re. Il appr\u00e9ciait vraiment chacun de ses fans pour leur amour\u00a0\u00bb. Sa femme demande de respecter leur vie priv\u00e9e \u00ab\u00a0pendant cette p\u00e9riode difficile\u00a0\u00bb.\u00a0<\/p>\n<p>Jimmy Cliff, n\u00e9 le 1er avril 1944 \u00e0 Somerton, en Jama\u00efque, est l\u2019un des artistes embl\u00e9matiques du reggae et du ska. R\u00e9v\u00e9l\u00e9 d\u00e8s les ann\u00e9es 1960, il se fait conna\u00eetre internationalement gr\u00e2ce \u00e0 des titres comme \u00ab\u00a0Reggae Night\u00a0\u00bb ou encore\u00a0\u201cYou Can Get It If You Really Want\u201d.\u00a0<\/p>\n<p>Le chanteur a obtenu deux fois le Grammy Award du meilleur album de reggae : en 1986 pour Cliff Hanger ainsi qu\u2019en 2013 pour Rebirth. En 2010, il est intronis\u00e9 au au Rock and Roll Hall of Fame.<\/p>\n<p>.<\/p>\n<blockquote class=\"instagram-media\" style=\"background: #FFF; border: 0; border-radius: 3px; box-shadow: 0 0 1px 0 rgba(0,0,0,0.5),0 1px 10px 0 rgba(0,0,0,0.15); margin: 1px; max-width: 540px; min-width: 326px; padding: 0; width: calc(100% - 2px);\" data-instgrm-captioned=\"\" data-instgrm-permalink=\"https:\/\/www.instagram.com\/p\/DRb4cExDAa5\/?utm_source=ig_embed&amp;utm_campaign=loading\" data-instgrm-version=\"14\"\/>\n<\/p>\n<p>          <script async src=\"\/\/www.instagram.com\/embed.js\"><\/script><\/p>\n","protected":false},"excerpt":{"rendered":"Le chanteur jama\u00efcain Jimmy Cliff, l\u00e9gende du reggae, est d\u00e9c\u00e9d\u00e9 \u00e0 l\u2019\u00e2ge de 81 ans, annonce sa femme&hellip;\n","protected":false},"author":2,"featured_media":555456,"comment_status":"","ping_status":"","sticky":false,"template":"","format":"standard","meta":{"footnotes":""},"categories":[1359],"tags":[58,3349,59,1011,27,67300,973],"class_list":{"0":"post-555455","1":"post","2":"type-post","3":"status-publish","4":"format-standard","5":"has-post-thumbnail","7":"category-people","8":"tag-divertissement","9":"tag-du00e9cu00e8s","10":"tag-entertainment","11":"tag-fr","12":"tag-france","13":"tag-jimmy-cliff","14":"tag-people"},"share_on_mastodon":{"url":"https:\/\/pubeurope.com\/@fr\/115604914397200779","error":""},"_links":{"self":[{"href":"https:\/\/www.europesays.com\/fr\/wp-json\/wp\/v2\/posts\/555455","targetHints":{"allow":["GET"]}}],"collection":[{"href":"https:\/\/www.europesays.com\/fr\/wp-json\/wp\/v2\/posts"}],"about":[{"href":"https:\/\/www.europesays.com\/fr\/wp-json\/wp\/v2\/types\/post"}],"author":[{"embeddable":true,"href":"https:\/\/www.europesays.com\/fr\/wp-json\/wp\/v2\/users\/2"}],"replies":[{"embeddable":true,"href":"https:\/\/www.europesays.com\/fr\/wp-json\/wp\/v2\/comments?post=555455"}],"version-history":[{"count":0,"href":"https:\/\/www.europesays.com\/fr\/wp-json\/wp\/v2\/posts\/555455\/revisions"}],"wp:featuredmedia":[{"embeddable":true,"href":"https:\/\/www.europesays.com\/fr\/wp-json\/wp\/v2\/media\/555456"}],"wp:attachment":[{"href":"https:\/\/www.europesays.com\/fr\/wp-json\/wp\/v2\/media?parent=555455"}],"wp:term":[{"taxonomy":"category","embeddable":true,"href":"https:\/\/www.europesays.com\/fr\/wp-json\/wp\/v2\/categories?post=555455"},{"taxonomy":"post_tag","embeddable":true,"href":"https:\/\/www.europesays.com\/fr\/wp-json\/wp\/v2\/tags?post=555455"}],"curies":[{"name":"wp","href":"https:\/\/api.w.org\/{rel}","templated":true}]}}