{"id":555457,"date":"2025-11-24T13:30:02","date_gmt":"2025-11-24T13:30:02","guid":{"rendered":"https:\/\/www.europesays.com\/fr\/555457\/"},"modified":"2025-11-24T13:30:02","modified_gmt":"2025-11-24T13:30:02","slug":"neo-grain-dans-le-design-graphique-comprendre-cette-texture-numerique","status":"publish","type":"post","link":"https:\/\/www.europesays.com\/fr\/555457\/","title":{"rendered":"N\u00e9o-grain dans le design graphique : comprendre cette texture num\u00e9rique"},"content":{"rendered":"<p>LEXIQUE VISUEL 2026 <\/p>\n<p>Le design \u00e9volue vite, parfois trop vite pour que ces mutations trouvent imm\u00e9diatement un nom. Cette s\u00e9rie intitul\u00e9e Lexique Visuel propose de cartographier ces mouvements \u00e9mergents, d\u2019identifier les concepts visuels qui traversent l\u2019ann\u00e9e et de donner des mots aux esth\u00e9tiques en train de s\u2019inventer. Un lexique vivant pour comprendre ce qui se joue dans les images d\u2019aujourd\u2019hui.<\/p>\n<p><strong>N\u00c9O-GRAIN<\/strong><\/p>\n<p><strong>Le grain n\u2019a jamais vraiment disparu.<\/strong> Il a simplement chang\u00e9 de nature. Longtemps associ\u00e9 \u00e0 l\u2019argentique, puis recycl\u00e9 comme filtre nostalgique dans les ann\u00e9es 2010, il revient aujourd\u2019hui d\u00e9barrass\u00e9 de son pass\u00e9 pour devenir un v\u00e9ritable langage visuel. Le n\u00e9o-grain ne cherche pas \u00e0 imiter l\u2019esth\u00e9tique d\u2019une \u00e9poque r\u00e9volue :<strong> il revendique une mat\u00e9rialit\u00e9 num\u00e9rique consciente d\u2019elle-m\u00eame<\/strong>. L\u00e0 o\u00f9 l\u2019ancien grain masquait l\u2019image, le n\u00e9o-grain la r\u00e9v\u00e8le. Il souligne la texture, interrompt la nettet\u00e9, brise la perfection algorithmique qui envahit la cr\u00e9ation actuelle.<\/p>\n<p>Dans les identit\u00e9s visuelles r\u00e9centes, ce grain nouveau n\u2019est plus un d\u00e9cor mais <strong>un outil de construction.<\/strong> Il devient profondeur, vibration, \u00e9nergie interne. Les studios s\u2019en servent pour introduire une forme de friction dans des syst\u00e8mes trop propres. \u00c0 l\u2019heure o\u00f9 les logiciels lissent tout, la rugosit\u00e9 visuelle redevient une mani\u00e8re de produire du r\u00e9el. Le grain agit comme une r\u00e9sistance. Il raconte un monde o\u00f9 l\u2019image se fabrique, se manipule, se travaille, plut\u00f4t qu\u2019un univers calcul\u00e9 o\u00f9 tout coule sans accroc.<\/p>\n<p><img title=\"22c6b1278de2ab4de782dd2b467d62fa - Etapes :\" fetchpriority=\"high\" decoding=\"async\" width=\"340\" height=\"500\" src=\"https:\/\/www.europesays.com\/fr\/wp-content\/uploads\/2025\/11\/22c6b1278de2ab4de782dd2b467d62fa.jpg\" alt=\"\" class=\"wp-image-10490\"  \/><\/p>\n<p>Le n\u00e9o-grain se distingue \u00e9galement par <strong>son hybridation<\/strong>. On le voit dans les rendus 3D adoucis par une brume textur\u00e9e, dans les animations aux transitions granuleuses qui att\u00e9nuent les ruptures, ou dans des affiches qui exploitent la vibration du bruit num\u00e9rique pour dilater les zones d\u2019ombre. Ce grain n\u2019est plus organique ni m\u00e9canique : il est quelque chose entre les deux. Une mati\u00e8re synth\u00e9tique qui revendique son artificialit\u00e9 tout en la rendant perceptible. Une forme de chair visuelle nouvelle, n\u00e9e de l\u2019espace digital lui-m\u00eame.<\/p>\n<p>L\u2019esth\u00e9tique fonctionne d\u2019autant mieux qu\u2019elle <strong>s\u2019oppose frontalement<\/strong> aux imp\u00e9ratifs de nettet\u00e9 haute d\u00e9finition. Dans une culture domin\u00e9e par la pr\u00e9cision et l\u2019optimisation, le grain rappelle que l\u2019image peut respirer, se brouiller, perdre l\u00e9g\u00e8rement sa ma\u00eetrise. Il cr\u00e9e des marges d\u2019incertitude, des espaces de pause. Il s\u2019inscrit ainsi dans un mouvement plus large : celui d\u2019une r\u00e9-sensibilisation de la production graphique face \u00e0 la transparence absolue du num\u00e9rique.<\/p>\n<p><img loading=\"lazy\" title=\"91afb21091149515fccd68ed77cd - Etapes :\" decoding=\"async\" width=\"1024\" height=\"683\" src=\"https:\/\/www.europesays.com\/fr\/wp-content\/uploads\/2025\/11\/91afb21091149515fccd68ed77cd-1024x683.webp.webp\" alt=\"\" class=\"wp-image-10491\"  \/><\/p>\n<p>Le n\u00e9o-grain n\u2019est donc pas un retour en arri\u00e8re. Il est <strong>un d\u00e9placement<\/strong> : un passage du bruit analogique au bruit conscient, pens\u00e9, assum\u00e9. Une mani\u00e8re de fabriquer du relief dans un monde visuel qui s\u2019aplanit. Un signe que le design ne cherche plus seulement \u00e0 \u00eatre parfait, mais \u00e0 \u00eatre vivant.<\/p>\n<p>\t\t\t<img decoding=\"async\" class=\"aioseo-author-bio-compact-image\" src=\"https:\/\/www.europesays.com\/fr\/wp-content\/uploads\/2025\/11\/4ca35c70a301416af3e4274aced1ba99c68c33af25be4b44f4374034143b3e2f\" alt=\"avatar d\u2019auteur\/autrice\"\/><\/p>\n","protected":false},"excerpt":{"rendered":"LEXIQUE VISUEL 2026 Le design \u00e9volue vite, parfois trop vite pour que ces mutations trouvent imm\u00e9diatement un nom.&hellip;\n","protected":false},"author":2,"featured_media":3288,"comment_status":"","ping_status":"","sticky":false,"template":"","format":"standard","meta":{"footnotes":""},"categories":[1358],"tags":[1348,1384,1385,1386,58,59,1011,27],"class_list":{"0":"post-555457","1":"post","2":"type-post","3":"status-publish","4":"format-standard","5":"has-post-thumbnail","7":"category-arts-et-design","8":"tag-arts","9":"tag-arts-and-design","10":"tag-arts-et-design","11":"tag-design","12":"tag-divertissement","13":"tag-entertainment","14":"tag-fr","15":"tag-france"},"share_on_mastodon":{"url":"","error":""},"_links":{"self":[{"href":"https:\/\/www.europesays.com\/fr\/wp-json\/wp\/v2\/posts\/555457","targetHints":{"allow":["GET"]}}],"collection":[{"href":"https:\/\/www.europesays.com\/fr\/wp-json\/wp\/v2\/posts"}],"about":[{"href":"https:\/\/www.europesays.com\/fr\/wp-json\/wp\/v2\/types\/post"}],"author":[{"embeddable":true,"href":"https:\/\/www.europesays.com\/fr\/wp-json\/wp\/v2\/users\/2"}],"replies":[{"embeddable":true,"href":"https:\/\/www.europesays.com\/fr\/wp-json\/wp\/v2\/comments?post=555457"}],"version-history":[{"count":0,"href":"https:\/\/www.europesays.com\/fr\/wp-json\/wp\/v2\/posts\/555457\/revisions"}],"wp:featuredmedia":[{"embeddable":true,"href":"https:\/\/www.europesays.com\/fr\/wp-json\/wp\/v2\/media\/3288"}],"wp:attachment":[{"href":"https:\/\/www.europesays.com\/fr\/wp-json\/wp\/v2\/media?parent=555457"}],"wp:term":[{"taxonomy":"category","embeddable":true,"href":"https:\/\/www.europesays.com\/fr\/wp-json\/wp\/v2\/categories?post=555457"},{"taxonomy":"post_tag","embeddable":true,"href":"https:\/\/www.europesays.com\/fr\/wp-json\/wp\/v2\/tags?post=555457"}],"curies":[{"name":"wp","href":"https:\/\/api.w.org\/{rel}","templated":true}]}}