{"id":555462,"date":"2025-11-24T13:34:17","date_gmt":"2025-11-24T13:34:17","guid":{"rendered":"https:\/\/www.europesays.com\/fr\/555462\/"},"modified":"2025-11-24T13:34:17","modified_gmt":"2025-11-24T13:34:17","slug":"marsupilami-decouvrez-les-premieres-images-du-film-de-philippe-lacheau","status":"publish","type":"post","link":"https:\/\/www.europesays.com\/fr\/555462\/","title":{"rendered":"\u00ab\u00a0Marsupilami\u00a0\u00bb : d\u00e9couvrez les premi\u00e8res images du film de Philippe Lacheau"},"content":{"rendered":"<ul class=\"jsx-862013697 ArticleChapo__List\">\n<li class=\"jsx-862013697 ArticleChapo__List_Item flex\">La bande-annonce du \u00ab\u00a0Marsupilami\u00a0\u00bb r\u00e9alis\u00e9 par Philippe Lacheau a \u00e9t\u00e9 d\u00e9voil\u00e9e ce lundi.<\/li>\n<li class=\"jsx-862013697 ArticleChapo__List_Item flex\">Dans ce long-m\u00e9trage attendu le 4 f\u00e9vrier 2026 au cin\u00e9ma, on retrouvera la bande \u00e0 Fifi, Jamel Debbouze et Jean Reno.<\/li>\n<li class=\"jsx-862013697 ArticleChapo__List_Item flex\">Mais surtout la c\u00e9l\u00e8bre cr\u00e9ature imagin\u00e9e par Andr\u00e9 Franquin dans une version b\u00e9b\u00e9 totalement craquante.<\/li>\n<\/ul>\n<p data-module=\"article-paragraph\" class=\"jsx-3046738180 Paragraph\">C&rsquo;est le film familial le plus attendu de 2026. Quatorze ans apr\u00e8s Sur la piste du Marsupilami d&rsquo;Alain Chabat, la sympathique cr\u00e9ature imagin\u00e9e par Andr\u00e9 Franquin reprend vie \u00e0 l&rsquo;\u00e9cran gr\u00e2ce \u00e0 <a href=\"https:\/\/www.tf1info.fr\/culture\/de-lol-saison-3-sur-amazon-prime-video-a-alibi-com-2-au-cinema-philippe-lacheau-a-peur-de-commencer-a-saouler-les-gens-2250336.html\" target=\"_blank\" rel=\"noopener\">Philippe Lacheau<\/a>. La premi\u00e8re bande-annonce du film attendu dans les salles le 4 f\u00e9vrier 2026 vient d&rsquo;\u00eatre d\u00e9voil\u00e9e ce lundi 24 novembre.<\/p>\n<p data-module=\"article-paragraph\" class=\"jsx-3046738180 Paragraph Paragraph__End\">Grand fan de la bande dessin\u00e9e, le r\u00e9alisateur de <a href=\"https:\/\/www.tf1info.fr\/culture\/babysitting-2-la-critique-mais-ou-sont-passes-les-vrais-gags-1537256.html\" target=\"_blank\" rel=\"noopener\">Babysitting<\/a> et <a href=\"https:\/\/www.tf1info.fr\/culture\/video-cinema-alibi-com-2-le-retour-d-une-comedie-hilarante-de-philippe-lacheau-2247208.html\" target=\"_blank\" rel=\"noopener\">Alibi.com<\/a> <a href=\"https:\/\/www.tf1info.fr\/culture\/apres-le-succes-de-alibi-com-2-philippe-lacheau-va-adapter-la-bd-marsupilami-2262056.html\" target=\"_blank\" rel=\"noopener\">a choisi de mettre en sc\u00e8ne un adorable b\u00e9b\u00e9 Marsupilami<\/a> dans une histoire originale. Pour sauver son job, David (Philippe Lacheau) accepte un plan hautement douteux : ramener un myst\u00e9rieux colis d\u2019Am\u00e9rique du Sud.\u00a0<\/p>\n<p>Un adorable b\u00e9b\u00e9 Marsupilami<\/p>\n<p data-module=\"article-paragraph\" class=\"jsx-3046738180 Paragraph Paragraph__End\">Il se retrouve alors \u00e0 bord d\u2019un navire de croisi\u00e8re avec son ex Tess (\u00c9lodie Fontan), son fils L\u00e9o (Corentin Guillot) et son coll\u00e8gue St\u00e9phane (Julien Arruti), un type aussi ben\u00eat que maladroit, dont David se sert pour transporter le colis \u00e0 sa place. Tout va d\u00e9raper lorsque ce dernier l\u2019ouvre accidentellement et d\u00e9couvre un adorable b\u00e9b\u00e9 Marsupilami.\u00a0<\/p>\n<p><a href=\"https:\/\/www.tf1info.fr\/culture\/video-tf1-cinema-un-castor-un-morse-et-un-serpent-bleu-l-univers-du-film-disney-zootopie-est-de-retour-avec-de-nouveaux-personnages-2408329.html\" rel=\"noopener\" class=\"jsx-3308031228 Link flex\" target=\"_blank\"><img decoding=\"async\" src=\"https:\/\/www.europesays.com\/fr\/wp-content\/uploads\/2025\/11\/un-castor-personnage-nouveau-venu-de-zootopie-bc227f-0@1x.jpeg\" alt=\"DR\" loading=\"lazy\" importance=\"low\" fetchpriority=\"low\" class=\"\" aria-hidden=\"true\"\/><\/p>\n<p class=\"jsx-3657663356 ReadMoreArticle__Title\">Lire aussi<\/p>\n<p class=\"jsx-3657663356\">Un castor, un morse et un serpent bleu : de nouveaux personnages rejoignent l&rsquo;univers de Zootopie<\/p>\n<p><\/a><\/p>\n<p data-module=\"article-paragraph\" class=\"jsx-3046738180 Paragraph Paragraph__End\">C\u00f4t\u00e9 casting, on retrouvera la c\u00e9l\u00e8bre bande \u00e0 Fifi mais aussi Jean Reno et Jamel Debbouze, qui reprend le r\u00f4le de Pablito Camaron qu&rsquo;il tenait dans le film d&rsquo;Alain Chabat sorti en 2012.<\/p>\n<p>La r\u00e9daction de TF1info<\/p>\n","protected":false},"excerpt":{"rendered":"La bande-annonce du \u00ab\u00a0Marsupilami\u00a0\u00bb r\u00e9alis\u00e9 par Philippe Lacheau a \u00e9t\u00e9 d\u00e9voil\u00e9e ce lundi. Dans ce long-m\u00e9trage attendu le&hellip;\n","protected":false},"author":2,"featured_media":555463,"comment_status":"","ping_status":"","sticky":false,"template":"","format":"standard","meta":{"footnotes":""},"categories":[1354],"tags":[1111,11,1921,6778,67301,67302,650,58,59,1346,1011,27,1922,8585,23658,2041,1360,10922,133,2040],"class_list":{"0":"post-555462","1":"post","2":"type-post","3":"status-publish","4":"format-standard","5":"has-post-thumbnail","7":"category-films","8":"tag-actu","9":"tag-actualites","10":"tag-article-video","11":"tag-bonjour-la-matinale-tf1","12":"tag-bonjour-culture","13":"tag-cest-show","14":"tag-cinema","15":"tag-divertissement","16":"tag-entertainment","17":"tag-films","18":"tag-fr","19":"tag-france","20":"tag-info","21":"tag-jamel-debbouze","22":"tag-jean-reno","23":"tag-medias-et-divertissement","24":"tag-movies","25":"tag-philippe-lacheau","26":"tag-video","27":"tag-video-culture"},"share_on_mastodon":{"url":"https:\/\/pubeurope.com\/@fr\/115604940832810105","error":""},"_links":{"self":[{"href":"https:\/\/www.europesays.com\/fr\/wp-json\/wp\/v2\/posts\/555462","targetHints":{"allow":["GET"]}}],"collection":[{"href":"https:\/\/www.europesays.com\/fr\/wp-json\/wp\/v2\/posts"}],"about":[{"href":"https:\/\/www.europesays.com\/fr\/wp-json\/wp\/v2\/types\/post"}],"author":[{"embeddable":true,"href":"https:\/\/www.europesays.com\/fr\/wp-json\/wp\/v2\/users\/2"}],"replies":[{"embeddable":true,"href":"https:\/\/www.europesays.com\/fr\/wp-json\/wp\/v2\/comments?post=555462"}],"version-history":[{"count":0,"href":"https:\/\/www.europesays.com\/fr\/wp-json\/wp\/v2\/posts\/555462\/revisions"}],"wp:featuredmedia":[{"embeddable":true,"href":"https:\/\/www.europesays.com\/fr\/wp-json\/wp\/v2\/media\/555463"}],"wp:attachment":[{"href":"https:\/\/www.europesays.com\/fr\/wp-json\/wp\/v2\/media?parent=555462"}],"wp:term":[{"taxonomy":"category","embeddable":true,"href":"https:\/\/www.europesays.com\/fr\/wp-json\/wp\/v2\/categories?post=555462"},{"taxonomy":"post_tag","embeddable":true,"href":"https:\/\/www.europesays.com\/fr\/wp-json\/wp\/v2\/tags?post=555462"}],"curies":[{"name":"wp","href":"https:\/\/api.w.org\/{rel}","templated":true}]}}