{"id":555466,"date":"2025-11-24T13:36:15","date_gmt":"2025-11-24T13:36:15","guid":{"rendered":"https:\/\/www.europesays.com\/fr\/555466\/"},"modified":"2025-11-24T13:36:15","modified_gmt":"2025-11-24T13:36:15","slug":"le-forfait-daguerd-les-chances-de-qualification-de-zerbi-dit-tout-avant-daffronter-les-anglais","status":"publish","type":"post","link":"https:\/\/www.europesays.com\/fr\/555466\/","title":{"rendered":"le forfait d&rsquo;Aguerd, les chances de qualification&#8230; De Zerbi dit tout, avant d&rsquo;affronter les Anglais"},"content":{"rendered":"<p>Tradition oblige, l\u2019OM a pris la parole chez lui, au stade V\u00e9lodrome, \u00e0 la veille de sa danse en Ligue des champions, ce mardi soir face \u00e0 Newcastle. Moins de 72\u00a0heures apr\u00e8s <a href=\"https:\/\/www.laprovence.com\/article\/om\/1807901217256214\/nice-om-1-5-un-feu-dartifice-olympien-pour-reprendre-la-tete-de-la-ligue-1-et-preparer-au-mieux-newcastle\" target=\"_blank\" rel=\"noopener\">le large succ\u00e8s de son \u00e9quipe sur Nice (1-5)<\/a>, Roberto De Zerbi a remis une pi\u00e8ce dans la machine, concernant la qualit\u00e9 de jeu de ses prot\u00e9g\u00e9s sur la C\u00f4te d&rsquo;Azur, <a href=\"https:\/\/www.laprovence.com\/article\/om\/57621438554404\/nice-om-1-5-il-y-a-beaucoup-de-positif-mais-on-peut-encore-faire-mieux-estime-de-zerbi\" target=\"_blank\" rel=\"noopener\">qu\u2019il avait jug\u00e9 insuffisante vendredi dernier<\/a>, aux alentours de minuit.<\/p>\n<p>\u00ab\u00a0Je le pense encore plus depuis que j\u2019ai revu le match. Cela ne justifiait pas ce score fleuve, m\u00eame si on aurait pu marquer d\u2019autres buts. On peut toujours progresser. On doit maintenant mieux jouer. Il faut que l\u2019on retrouve nos qualit\u00e9s quand on nous presse haut, a insist\u00e9 \u00ab\u00a0Roby\u00a0\u00bb. Mais je suis quand m\u00eame content du match contre Nice. On aimerait gagner \u00e0 chaque fois comme \u00e7a, mais si on joue ainsi \u00e0 l\u2019avenir ce ne sera pas le cas\u2026\u00a0\u00bb<\/p>\n<p>Apr\u00e8s avoir d\u00e9clin\u00e9 les mauvaises nouvelles, parmi lesquelles le nouveau forfait de Nayef Aguerd, \u00ab\u00a0la rechute\u00a0\u00bb de Facundo Medina, sur le flanc \u00ab\u00a0encore un mois\u00a0\u00bb, et la sempiternelle absence de Hamed Traor\u00e9, \u00ab\u00a0dont les qualit\u00e9s auraient parfaitement coll\u00e9 au match qui se dessine contre Newcastle\u00a0\u00bb, l\u2019entra\u00eeneur lombard a rendu hommage <a href=\"https:\/\/www.laprovence.com\/article\/om\/15624656470728\/om-newcastle-tout-sur-les-mesures-prises-et-le-dispositif-deploye-pour-encadrer-la-venue-des-3300-supporters-anglais\" target=\"_blank\" rel=\"noopener\">\u00e0 son prochain adversaire<\/a>.<\/p>\n<p>\u00ab\u00a0On n\u2019a pas assez de points, alors qu\u2019on en m\u00e9ritait plus\u2026\u00a0\u00bb<\/p>\n<p>\u00ab\u00a0Newcastle est une \u00e9quipe forte, avec une grande dimension physique et un super entra\u00eeneur. Ils ont un milieu de tr\u00e8s haut niveau europ\u00e9en. C\u2019est une \u00e9quipe physique, <a href=\"https:\/\/www.laprovence.com\/article\/om\/4669749185835914\/adversaire-europeen-de-l-om-newcastle-s-offre-manchester-city-2-1-avant-d-affronter-les-marseillais-en-c1\" target=\"_blank\" rel=\"noopener\">qui joue bien, avec beaucoup de vitesse<\/a> dans ses transitions et dans les couloirs, avec Gordon, Barnes et Elanga. Mais dans le foot, ces qualit\u00e9s ne suffisent pas pour s\u2019imposer. Il y a aussi la motivation, le courage, a rappel\u00e9 De Zerbi, confiant quant aux chances de qualification de son \u00e9quipe pour le prochain tour de la Ligue des champions. Ce sera un match difficile, mais je ne pense pas qu\u2019il sera d\u00e9cisif. On a vu l\u2019an pass\u00e9 des \u00e9quipes quasi mortes \u00e0 deux, trois matches de la fin, mais quand m\u00eame r\u00e9ussir \u00e0 se qualifier. L\u2019important, c\u2019est que l\u2019on n\u2019a pas assez de points, alors qu\u2019on en m\u00e9riterait plus. Trois points, \u00e7a ne repr\u00e9sente pas ce qu\u2019on a propos\u00e9 sur le terrain, m\u00eame si on n\u2019a pas \u00e9t\u00e9 bon contre l\u2019Atalanta. On a la qualit\u00e9 pour prendre des points \u00e0 chaque rencontre.\u00a0\u00bb<\/p>\n<p>Enfin, l\u2019ancien chef d\u2019orchestre de Brighton s\u2019est attard\u00e9 sur Mason Greenwood,<a href=\"https:\/\/www.laprovence.com\/article\/om\/19813631855307\/nice-om-1-5-greenwood-les-a-tous-rendus-chevre-decouvrez-les-notes-des-olympiens\" target=\"_blank\" rel=\"noopener\"> l\u2019homme en tr\u00e8s grande forme du moment<\/a>, sous le feu des projecteurs pour ses retrouvailles avec un club anglais, apr\u00e8s le scandale qu\u2019il a provoqu\u00e9 outre-Manche en agressant sa compagne. \u00ab\u00a0Il est en train de devenir un joueur de plus en plus complet, a f\u00e9licit\u00e9 De Zerbi. Je ne rentre jamais dans la vie priv\u00e9e des personnes, m\u00eame pas celle de mes enfants. Je peux dire que c\u2019est une bonne personne qui a pay\u00e9 le prix fort pour ce qu\u2019il s\u2019est pass\u00e9. Il est arriv\u00e9 dans un environnement bon pour lui, o\u00f9 on lui a donn\u00e9 de la confiance. Il s\u2019est bien comport\u00e9. Certes il est un peu renferm\u00e9, introverti, mais je connais bien sa famille, ce sont de bonnes personnes. Quand je le vois, ce qui lui est arriv\u00e9 m\u2019attriste. La personne que je connais est totalement diff\u00e9rente de celle dont on parle en Angleterre.\u00a0\u00bb<\/p>\n<p>\u00ab\u00a0On ne sait jamais ce qu\u2019il peut se passer\u00a0\u00bb<\/p>\n<p>En amont de l\u2019Italien, Angel Gomes \u00e9tait aussi montr\u00e9 sur l\u2019estrade du Vel&rsquo;, pour d\u00e9cliner poncifs et \u00e9l\u00e9ments de langage. \u00ab\u00a0\u00c0 chaque match, il y a toujours une certaine pression, on a toujours l\u2019occasion de briller, montrer quelque chose. La C1, bien s\u00fbr, est le plus haut niveau du foot europ\u00e9en. Il faut toujours mettre l\u2019\u00e9quipe en avant, il faut toujours que l\u2019on joue ensemble. On a besoin de points en Ligue des champions. Demain, mon cas personnel passe derri\u00e8re l\u2019\u00e9quipe, qui doit gagner, a-t-il insist\u00e9. On a besoin d\u2019approcher ce match, avec la conviction que l\u2019on peut gagner. On ne sait jamais ce qu\u2019il peut se passer dans le foot, on reste optimiste.\u00a0\u00bb<\/p>\n","protected":false},"excerpt":{"rendered":"Tradition oblige, l\u2019OM a pris la parole chez lui, au stade V\u00e9lodrome, \u00e0 la veille de sa danse&hellip;\n","protected":false},"author":2,"featured_media":555467,"comment_status":"","ping_status":"","sticky":false,"template":"","format":"standard","meta":{"footnotes":""},"categories":[9],"tags":[17,1102,34414,67304,12887,1011,27,151,149,67303,7720,60,4061],"class_list":{"0":"post-555466","1":"post","2":"type-post","3":"status-publish","4":"format-standard","5":"has-post-thumbnail","7":"category-sports","8":"tag-17","9":"tag-breakingnews","10":"tag-chances","11":"tag-daguerd","12":"tag-forfait","13":"tag-fr","14":"tag-france","15":"tag-les","16":"tag-om","17":"tag-om-newcastle","18":"tag-qualification","19":"tag-sports","20":"tag-zerbi"},"share_on_mastodon":{"url":"","error":""},"_links":{"self":[{"href":"https:\/\/www.europesays.com\/fr\/wp-json\/wp\/v2\/posts\/555466","targetHints":{"allow":["GET"]}}],"collection":[{"href":"https:\/\/www.europesays.com\/fr\/wp-json\/wp\/v2\/posts"}],"about":[{"href":"https:\/\/www.europesays.com\/fr\/wp-json\/wp\/v2\/types\/post"}],"author":[{"embeddable":true,"href":"https:\/\/www.europesays.com\/fr\/wp-json\/wp\/v2\/users\/2"}],"replies":[{"embeddable":true,"href":"https:\/\/www.europesays.com\/fr\/wp-json\/wp\/v2\/comments?post=555466"}],"version-history":[{"count":0,"href":"https:\/\/www.europesays.com\/fr\/wp-json\/wp\/v2\/posts\/555466\/revisions"}],"wp:featuredmedia":[{"embeddable":true,"href":"https:\/\/www.europesays.com\/fr\/wp-json\/wp\/v2\/media\/555467"}],"wp:attachment":[{"href":"https:\/\/www.europesays.com\/fr\/wp-json\/wp\/v2\/media?parent=555466"}],"wp:term":[{"taxonomy":"category","embeddable":true,"href":"https:\/\/www.europesays.com\/fr\/wp-json\/wp\/v2\/categories?post=555466"},{"taxonomy":"post_tag","embeddable":true,"href":"https:\/\/www.europesays.com\/fr\/wp-json\/wp\/v2\/tags?post=555466"}],"curies":[{"name":"wp","href":"https:\/\/api.w.org\/{rel}","templated":true}]}}