{"id":555472,"date":"2025-11-24T13:40:20","date_gmt":"2025-11-24T13:40:20","guid":{"rendered":"https:\/\/www.europesays.com\/fr\/555472\/"},"modified":"2025-11-24T13:40:20","modified_gmt":"2025-11-24T13:40:20","slug":"direct-plan-depargne-retraite-ouvrir-un-per-reste-une-excellente-idee-quel-que-soit-votre-age-surtout-si-vous-etes-imposable","status":"publish","type":"post","link":"https:\/\/www.europesays.com\/fr\/555472\/","title":{"rendered":"DIRECT. Plan d&rsquo;\u00e9pargne retraite\u00a0: \u00ab Ouvrir un PER reste une excellente id\u00e9e, quel que soit votre \u00e2ge surtout si vous \u00eates imposable \u00bb"},"content":{"rendered":"<p class=\"col subheadline margin_bottom_subheadline\">Vous cherchez un bon placement\u00a0et y souscrire maintenant pour en b\u00e9n\u00e9ficier d\u00e8s 2026 ? Et si un PER \u00e9tait la solution\u00a0? Ludovic Herschlikovitz, fondateur de la plate-forme sp\u00e9cialis\u00e9e Retraite.com, expert en finance, r\u00e9pond \u00e0 toutes vos questions, ce lundi 24\u00a0novembre, \u00e0 partir de 12\u00a0heures.<\/p>\n<p>Par Le Parisien\u00a0<\/p>\n<p>Le 24 novembre 2025 \u00e0 10h24, modifi\u00e9 le 24 novembre 2025 \u00e0 14h23<\/p>\n","protected":false},"excerpt":{"rendered":"Vous cherchez un bon placement\u00a0et y souscrire maintenant pour en b\u00e9n\u00e9ficier d\u00e8s 2026 ? Et si un PER&hellip;\n","protected":false},"author":2,"featured_media":555473,"comment_status":"","ping_status":"","sticky":false,"template":"","format":"standard","meta":{"footnotes":""},"categories":[6],"tags":[35,33,34,1011,27,67308],"class_list":{"0":"post-555472","1":"post","2":"type-post","3":"status-publish","4":"format-standard","5":"has-post-thumbnail","7":"category-economie","8":"tag-business","9":"tag-economie","10":"tag-economy","11":"tag-fr","12":"tag-france","13":"tag-live-retraites"},"share_on_mastodon":{"url":"https:\/\/pubeurope.com\/@fr\/115604961567057570","error":""},"_links":{"self":[{"href":"https:\/\/www.europesays.com\/fr\/wp-json\/wp\/v2\/posts\/555472","targetHints":{"allow":["GET"]}}],"collection":[{"href":"https:\/\/www.europesays.com\/fr\/wp-json\/wp\/v2\/posts"}],"about":[{"href":"https:\/\/www.europesays.com\/fr\/wp-json\/wp\/v2\/types\/post"}],"author":[{"embeddable":true,"href":"https:\/\/www.europesays.com\/fr\/wp-json\/wp\/v2\/users\/2"}],"replies":[{"embeddable":true,"href":"https:\/\/www.europesays.com\/fr\/wp-json\/wp\/v2\/comments?post=555472"}],"version-history":[{"count":0,"href":"https:\/\/www.europesays.com\/fr\/wp-json\/wp\/v2\/posts\/555472\/revisions"}],"wp:featuredmedia":[{"embeddable":true,"href":"https:\/\/www.europesays.com\/fr\/wp-json\/wp\/v2\/media\/555473"}],"wp:attachment":[{"href":"https:\/\/www.europesays.com\/fr\/wp-json\/wp\/v2\/media?parent=555472"}],"wp:term":[{"taxonomy":"category","embeddable":true,"href":"https:\/\/www.europesays.com\/fr\/wp-json\/wp\/v2\/categories?post=555472"},{"taxonomy":"post_tag","embeddable":true,"href":"https:\/\/www.europesays.com\/fr\/wp-json\/wp\/v2\/tags?post=555472"}],"curies":[{"name":"wp","href":"https:\/\/api.w.org\/{rel}","templated":true}]}}