{"id":555476,"date":"2025-11-24T13:42:14","date_gmt":"2025-11-24T13:42:14","guid":{"rendered":"https:\/\/www.europesays.com\/fr\/555476\/"},"modified":"2025-11-24T13:42:14","modified_gmt":"2025-11-24T13:42:14","slug":"apres-deux-accidents-mortels-le-formule-1-du-parc-saint-paul-sur-le-point-detre-demonte","status":"publish","type":"post","link":"https:\/\/www.europesays.com\/fr\/555476\/","title":{"rendered":"Apr\u00e8s deux accidents mortels, le \u00ab\u00a0Formule 1\u00a0\u00bb du parc Saint-Paul sur le point d\u2019\u00eatre d\u00e9mont\u00e9"},"content":{"rendered":"<p>C\u2019est une page douloureuse qui se tourne pour le Parc Saint-Paul (<a href=\"https:\/\/www.20minutes.fr\/societe\/oise\/\" class=\"c-link c-link--is-underlined\" target=\"_blank\" rel=\"noopener\">Oise<\/a>). Apr\u00e8s avoir provoqu\u00e9 la mort de deux femmes, l\u2019attraction \u00ab\u00a0Formule 1\u00a0\u00bb va bient\u00f4t \u00eatre d\u00e9mont\u00e9e et d\u00e9truite, rapporte <a href=\"https:\/\/actu.fr\/hauts-de-france\/saint-paul_60591\/deux-morts-dans-ce-parc-d-attractions-de-l-oise-le-manege-maudit-va-etre-detruit_63467567.html\" target=\"_blank\" class=\"c-link c-link--is-underlined\" rel=\"noopener\">actu.fr<\/a>. Le groupe Looping, propri\u00e9taire du parc, attend le feu vert de la justice pour d\u00e9marrer les travaux.<\/p>\n<p>Ces montagnes russes du Parc Saint-Paul avaient acquis la mauvaise r\u00e9putation d\u2019\u00eatre un man\u00e8ge maudit apr\u00e8s les deux <a href=\"https:\/\/www.20minutes.fr\/dossier\/accident\" class=\"c-link c-link--is-underlined\" target=\"_blank\" rel=\"noopener\">accidents<\/a> mortels. Le premier avait eu lieu en juillet\u00a02009. La victime, \u00e2g\u00e9e de 35 ans, avait \u00e9t\u00e9 \u00e9ject\u00e9e lors d\u2019un virage. L\u2019enqu\u00eate avait alors mis hors de cause le parc. Selon l\u2019expert, le drame \u00e9tait d\u00fb au \u00ab\u00a0comportement inappropri\u00e9 de la victime\u00a0\u00bb.<\/p>\n<p>\u00ab\u00a0Se d\u00e9barrasser de cette attraction\u00a0\u00bb<\/p>\n<p>Onze ans plus tard, en\u00a02020, une autre trentenaire a de nouveau \u00e9t\u00e9 victime de l\u2019attraction \u00e0 la suite d\u2019une nouvelle \u00e9jection. Cette fois, l\u2019enqu\u00eate pointe un manquement d\u00e9lib\u00e9r\u00e9 \u00e0 une obligation de s\u00e9curit\u00e9.<\/p>\n<p>Gilles Campion, le g\u00e9rant \u00e0 l\u2019\u00e9poque, a \u00e9t\u00e9 <a href=\"https:\/\/www.20minutes.fr\/justice\/4186316-20251118-oise-prison-sursis-ancien-patron-parc-attractions-apres-accident-mortel-montagnes-russes\" class=\"c-link c-link--is-underlined\" target=\"_blank\" rel=\"noopener\">reconnu coupable au tribunal correctionnel<\/a> de Beauvais pour homicide involontaire mardi 18\u00a0novembre. Mais dans le d\u00e9lib\u00e9r\u00e9 rendu, le juge n\u2019a pas encore statu\u00e9 sur la date du d\u00e9mant\u00e8lement de l\u2019installation.<\/p>\n<\/p>\n<p>\u00c0 la suite du deuxi\u00e8me accident, le \u00ab\u00a0Formule 1\u00a0\u00bb avait \u00e9t\u00e9 plac\u00e9 sous scell\u00e9s. Depuis, il demeurait en l\u2019\u00e9tat, envahi par la v\u00e9g\u00e9tation. Une verrue visuelle et un mauvais souvenir que G\u00e9raud Visinoni, l\u2019actuel directeur du <a href=\"https:\/\/www.20minutes.fr\/dossier\/parc_d_attractions\" class=\"c-link c-link--is-underlined\" target=\"_blank\" rel=\"noopener\">parc<\/a>, est impatient d\u2019\u00e9radiquer.<\/p>\n<p>\u00ab\u00a0J\u2019ai presque honte de dire qu\u2019on attendait ce jugement-l\u00e0 pour pouvoir se d\u00e9barrasser de cette attraction, quand on voit toutes les souffrances engendr\u00e9es par ce drame. Il y a une famille qui est endeuill\u00e9e\u00a0\u00bb, d\u00e9clare-t-il.<\/p>\n","protected":false},"excerpt":{"rendered":"C\u2019est une page douloureuse qui se tourne pour le Parc Saint-Paul (Oise). Apr\u00e8s avoir provoqu\u00e9 la mort de&hellip;\n","protected":false},"author":2,"featured_media":555477,"comment_status":"","ping_status":"","sticky":false,"template":"","format":"standard","meta":{"footnotes":""},"categories":[4],"tags":[47,11,1011,27,811,303,12,1940,7795,812,25,104],"class_list":{"0":"post-555476","1":"post","2":"type-post","3":"status-publish","4":"format-standard","5":"has-post-thumbnail","7":"category-france","8":"tag-actualite","9":"tag-actualites","10":"tag-fr","11":"tag-france","12":"tag-hauts-de-france","13":"tag-justice","14":"tag-news","15":"tag-oise","16":"tag-parc-dattractions","17":"tag-picardie","18":"tag-republique-francaise","19":"tag-societe"},"share_on_mastodon":{"url":"https:\/\/pubeurope.com\/@fr\/115604969540390129","error":""},"_links":{"self":[{"href":"https:\/\/www.europesays.com\/fr\/wp-json\/wp\/v2\/posts\/555476","targetHints":{"allow":["GET"]}}],"collection":[{"href":"https:\/\/www.europesays.com\/fr\/wp-json\/wp\/v2\/posts"}],"about":[{"href":"https:\/\/www.europesays.com\/fr\/wp-json\/wp\/v2\/types\/post"}],"author":[{"embeddable":true,"href":"https:\/\/www.europesays.com\/fr\/wp-json\/wp\/v2\/users\/2"}],"replies":[{"embeddable":true,"href":"https:\/\/www.europesays.com\/fr\/wp-json\/wp\/v2\/comments?post=555476"}],"version-history":[{"count":0,"href":"https:\/\/www.europesays.com\/fr\/wp-json\/wp\/v2\/posts\/555476\/revisions"}],"wp:featuredmedia":[{"embeddable":true,"href":"https:\/\/www.europesays.com\/fr\/wp-json\/wp\/v2\/media\/555477"}],"wp:attachment":[{"href":"https:\/\/www.europesays.com\/fr\/wp-json\/wp\/v2\/media?parent=555476"}],"wp:term":[{"taxonomy":"category","embeddable":true,"href":"https:\/\/www.europesays.com\/fr\/wp-json\/wp\/v2\/categories?post=555476"},{"taxonomy":"post_tag","embeddable":true,"href":"https:\/\/www.europesays.com\/fr\/wp-json\/wp\/v2\/tags?post=555476"}],"curies":[{"name":"wp","href":"https:\/\/api.w.org\/{rel}","templated":true}]}}