{"id":555478,"date":"2025-11-24T13:43:11","date_gmt":"2025-11-24T13:43:11","guid":{"rendered":"https:\/\/www.europesays.com\/fr\/555478\/"},"modified":"2025-11-24T13:43:11","modified_gmt":"2025-11-24T13:43:11","slug":"en-direct-gaza-larmee-israelienne-dit-avoir-tue-trois-personnes-qui-avaient-franchi-la-ligne-jaune-le-monde-fr","status":"publish","type":"post","link":"https:\/\/www.europesays.com\/fr\/555478\/","title":{"rendered":"EN DIRECT, Gaza : l\u2019arm\u00e9e isra\u00e9lienne dit avoir tu\u00e9 trois personnes qui \u00ab avaient franchi la ligne jaune \u00bb &#8211; Le Monde.fr"},"content":{"rendered":"<ol>\n<li><a href=\"https:\/\/news.google.com\/rss\/articles\/CBMi_wFBVV95cUxQb1Vld2FvVGpuNXpfOXBLSEJWZHVHQmJVUEFJN0JjZzVXNWtOMW5wZG5zanN4RFVPa3dJNVlWQUxfeVJ4RHdDWFBWMXpLUFFsVzQ0akNtb09wYnVqTmZBMHJ5N0ZkSWVzam8zekliZjBVWmw3TmZQUDE1UEFvbHpjeFJkU3lNLTVwV29zdllLUlhiMU9kMXJjYW1hNVNsQWJHeGJRckQ5TVVwRHBhei11bFVrbHlIZHhZYWRSU2lmOXJJX1VENVJUbHJfRndNaWt0MlRHZ0kzNXpPQ0RjVTBSUDBwdDQzOG5OaW1MdWt2SnlPOVdsQ0ZvSlJGTVlHTjg?oc=5\" target=\"_blank\" rel=\"noopener\">EN DIRECT, Gaza : l\u2019arm\u00e9e isra\u00e9lienne dit avoir tu\u00e9 trois personnes qui \u00ab avaient franchi la ligne jaune \u00bb<\/a>&nbsp;&nbsp;Le Monde.fr<\/li>\n<li><a href=\"https:\/\/news.google.com\/rss\/articles\/CBMimgJBVV95cUxNMDdyMmxqWWpINXRWZWZBbjIzZDdsM0FaYlR5dnJIMGpUWkhVRGo2MS1oRlpFUmctVHJ2a0VFRDhBZFc5d2dRUXJscHllQ0I2Zi1WM0FGMnp4bHk3R3NyZHVxZ0ZxdkROTHpaMGJoM19veWFzaXk5VV8tYS1qY09pOHZnU3NyQlNrZmJOVVZpN253NzhuYW82blJ2NW5mdnJ4d0h1RzVZSzVpZ1FJUkt1QmliZjJWNTRZb2ltVzBmUWEwRTJ6ZV9CNHRiZTVtLXR3MW1LMWZDaXZTQjFTMjNybU00X3cxX0ZKczA2c0k0M2l3OEJmRFB0cHFuaHlScGhoREhBVEh1U095aHZadDNGTGVEX3RLYnBlLVE?oc=5\" target=\"_blank\" rel=\"noopener\">LIVE BLOG | Centre de Gaza : le corps d&rsquo;un otage d\u00e9tenu par le Jihad islamique d\u00e9couvert \u00e0 Nuseirat (Al-Jazeera)<\/a>&nbsp;&nbsp;i24NEWS<\/li>\n<li><a href=\"https:\/\/news.google.com\/rss\/articles\/CBMiwgFBVV95cUxQTDNTcFludTRSbHMteTdoVUE3VnFfaHdjRmp3QU5pWmpTZkNXalFXWF8ycWZFNkV3QVJkbE9jTzd2QkItYVpWQ0xOdkoxZmxmbjBhWGh3VXpKbkZzbDMtNFNqRjVNcml4T3JRLUN1MVpiQ2VaOThwUXVDYWhVNC1ONEN4U2RZalpnLWdIbUtSOTh3U1hHbEc1cmpuQUd0enp5Mm5HTlBRcmtFeGdwX2FLcWNodU5jWkx1VnZoWTZodWFyZw?oc=5\" target=\"_blank\" rel=\"noopener\">Gaza : la D\u00e9fense civile fait \u00e9tat de trois morts dans des frappes isra\u00e9liennes<\/a>&nbsp;&nbsp;Le Figaro<\/li>\n<li><a href=\"https:\/\/news.google.com\/rss\/articles\/CBMi7wFBVV95cUxNLXZEa1FSMUd2YThGWXk5a240Y0dzUmxDdk1UTEktYzZUNmt5TWZtMmtvM3d0VHRUcFNOS05UTGMwbmhYOXNMd3BEUWczTEZXbHFjQVJnQkpUaG5fUmI2bmRkUU1lY3JRdXp2MXBnbWM1cW1MUjd5NFl1NWtrRHBVcENLZ1ZzR1RqMWZLX1BjU1ZTbUxya2w4dmpOazA2ZXo4V2thckJfZ3lQMC03SW1yN3padFoyU19zd1F0bjVQNndJel9EZnNhdGRlVEtJTVNvc2pmZ0dIQVZoMTNTY0tLQmFtd2gzMnQzRFV4eUFrRQ?oc=5\" target=\"_blank\" rel=\"noopener\">Gaza: bombardements isra\u00e9liens sur Nousseirat, les habitants partag\u00e9s entre inqui\u00e9tude et col\u00e8re<\/a>&nbsp;&nbsp;RFI<\/li>\n<li><a href=\"https:\/\/news.google.com\/rss\/articles\/CBMixgFBVV95cUxOUjNZRVo2WDk4aG1YUFR1YWw2SW9jY1Q5ZmNfX1ZsajlPb082Uk5jUGtfY2VPMHNhdC1jZGhUMFV3WHNVNC1LM0QxLURNVU93Mm5Rb0IwNmZ3MEN0Zjc3LTMtYmZ1MkxqemxKNXhhRVMwZnBSMGxPVW1JaS1Kb0xseXNNQU5BOWJfTDFUZ2tHNWJUTGpJaWdiS1A5WGJRZDl3azlZbl9MblNJOWZYNjdTNnlqSldNeXA4RXJMSlZQU3ZjYzBMWHc?oc=5\" target=\"_blank\" rel=\"noopener\">Bande de Gaza: la D\u00e9fense civile annonce 21 morts dans des frappes isra\u00e9liennes<\/a>&nbsp;&nbsp;Actualit\u00e9s \u2013 Orange<\/li>\n<\/ol>\n","protected":false},"excerpt":{"rendered":"EN DIRECT, Gaza : l\u2019arm\u00e9e isra\u00e9lienne dit avoir tu\u00e9 trois personnes qui \u00ab avaient franchi la ligne jaune&hellip;\n","protected":false},"author":2,"featured_media":395849,"comment_status":"","ping_status":"","sticky":false,"template":"","format":"standard","meta":{"footnotes":""},"categories":[2],"tags":[11,1011,27,12],"class_list":{"0":"post-555478","1":"post","2":"type-post","3":"status-publish","4":"format-standard","5":"has-post-thumbnail","7":"category-actualites","8":"tag-actualites","9":"tag-fr","10":"tag-france","11":"tag-news"},"share_on_mastodon":{"url":"https:\/\/pubeurope.com\/@fr\/115604973451824795","error":""},"_links":{"self":[{"href":"https:\/\/www.europesays.com\/fr\/wp-json\/wp\/v2\/posts\/555478","targetHints":{"allow":["GET"]}}],"collection":[{"href":"https:\/\/www.europesays.com\/fr\/wp-json\/wp\/v2\/posts"}],"about":[{"href":"https:\/\/www.europesays.com\/fr\/wp-json\/wp\/v2\/types\/post"}],"author":[{"embeddable":true,"href":"https:\/\/www.europesays.com\/fr\/wp-json\/wp\/v2\/users\/2"}],"replies":[{"embeddable":true,"href":"https:\/\/www.europesays.com\/fr\/wp-json\/wp\/v2\/comments?post=555478"}],"version-history":[{"count":0,"href":"https:\/\/www.europesays.com\/fr\/wp-json\/wp\/v2\/posts\/555478\/revisions"}],"wp:featuredmedia":[{"embeddable":true,"href":"https:\/\/www.europesays.com\/fr\/wp-json\/wp\/v2\/media\/395849"}],"wp:attachment":[{"href":"https:\/\/www.europesays.com\/fr\/wp-json\/wp\/v2\/media?parent=555478"}],"wp:term":[{"taxonomy":"category","embeddable":true,"href":"https:\/\/www.europesays.com\/fr\/wp-json\/wp\/v2\/categories?post=555478"},{"taxonomy":"post_tag","embeddable":true,"href":"https:\/\/www.europesays.com\/fr\/wp-json\/wp\/v2\/tags?post=555478"}],"curies":[{"name":"wp","href":"https:\/\/api.w.org\/{rel}","templated":true}]}}